{"id":104813,"date":"2026-01-14T21:40:16","date_gmt":"2026-01-14T21:40:16","guid":{"rendered":"https:\/\/www.europesays.com\/lv\/104813\/"},"modified":"2026-01-14T21:40:16","modified_gmt":"2026-01-14T21:40:16","slug":"parmainas-360tv-etera-darbu-zaude-talis-eipurs-un-arta-skuja","status":"publish","type":"post","link":"https:\/\/www.europesays.com\/lv\/104813\/","title":{"rendered":"P\u0101rmai\u0146as 360TV \u0113ter\u0101. Darbu zaud\u0113 T\u0101lis Eipurs un Arta Skuja"},"content":{"rendered":"<p>L\u0113mums skaidrojams ar kan\u0101la vad\u012bbas v\u0113lmi main\u012bt raid\u012bjuma form\u0101tu un piel\u0101goties m\u016bsdienu mediju pat\u0113ri\u0146a tendenc\u0113m. Jaun\u0101 koncepcija paredz atteik\u0161anos no klasisk\u0101 diktora lomas, t\u0101 viet\u0101 liel\u0101ku \u0113tera laiku un atbild\u012bbu uzticot pa\u0161iem si\u017eetu veidot\u0101jiem un \u017eurn\u0101listiem, t\u0101d\u0113j\u0101di mazinot moderatoru noz\u012bmi studij\u0101.<\/p>\n<p>Lai gan telev\u012bzijas ekr\u0101nos \u0161aj\u0101 projekt\u0101 abi profesion\u0101\u013ci vairs neb\u016bs redzami, vi\u0146u gaitas \u017eurn\u0101listik\u0101 neapst\u0101jas, jo abi ir cie\u0161i saist\u012bti ar darbu radio. Mediju eksperti nor\u0101da, ka \u0161\u0101das rot\u0101cijas un form\u0101tu mai\u0146as komerctelev\u012bzij\u0101s bie\u017ei vien ir saist\u012btas gan ar reitingu c\u012b\u0146\u0101m, gan ekonomiskiem apsv\u0113rumiem, cen\u0161oties optimiz\u0113t resursus.<\/p>\n<p>Vair\u0101k lasiet \u017eurn\u0101la &#8220;Priv\u0101t\u0101 Dz\u012bve&#8221; 13. janv\u0101ra numur\u0101!<\/p>\n","protected":false},"excerpt":{"rendered":"L\u0113mums skaidrojams ar kan\u0101la vad\u012bbas v\u0113lmi main\u012bt raid\u012bjuma form\u0101tu un piel\u0101goties m\u016bsdienu mediju pat\u0113ri\u0146a tendenc\u0113m. Jaun\u0101 koncepcija paredz&hellip;\n","protected":false},"author":2,"featured_media":104814,"comment_status":"","ping_status":"","sticky":false,"template":"","format":"standard","meta":{"footnotes":""},"categories":[12],"tags":[23,25003,28,29,32,33,22,30,31,35,39,38,36,37,34,1429,40,20,26,27,25004,24,25,21],"class_list":{"0":"post-104813","1":"post","2":"type-post","3":"status-publish","4":"format-standard","5":"has-post-thumbnail","7":"category-latvija","8":"tag-aktualitates","9":"tag-arta-skuja","10":"tag-breaking-news","11":"tag-breakingnews","12":"tag-featured-news","13":"tag-featurednews","14":"tag-headlines","15":"tag-latest-news","16":"tag-latestnews","17":"tag-latvia","18":"tag-latvian","19":"tag-latviesu","20":"tag-latviesu-valoda","21":"tag-latviesuvaloda","22":"tag-latvija","23":"tag-latvijas-zurnali","24":"tag-lv","25":"tag-news","26":"tag-popularakas-zinas","27":"tag-popularakaszinas","28":"tag-talis-eipurs","29":"tag-top-stories","30":"tag-topstories","31":"tag-zinas"},"share_on_mastodon":{"url":"https:\/\/pubeurope.com\/@lv\/115895626833695196","error":""},"_links":{"self":[{"href":"https:\/\/www.europesays.com\/lv\/wp-json\/wp\/v2\/posts\/104813","targetHints":{"allow":["GET"]}}],"collection":[{"href":"https:\/\/www.europesays.com\/lv\/wp-json\/wp\/v2\/posts"}],"about":[{"href":"https:\/\/www.europesays.com\/lv\/wp-json\/wp\/v2\/types\/post"}],"author":[{"embeddable":true,"href":"https:\/\/www.europesays.com\/lv\/wp-json\/wp\/v2\/users\/2"}],"replies":[{"embeddable":true,"href":"https:\/\/www.europesays.com\/lv\/wp-json\/wp\/v2\/comments?post=104813"}],"version-history":[{"count":0,"href":"https:\/\/www.europesays.com\/lv\/wp-json\/wp\/v2\/posts\/104813\/revisions"}],"wp:featuredmedia":[{"embeddable":true,"href":"https:\/\/www.europesays.com\/lv\/wp-json\/wp\/v2\/media\/104814"}],"wp:attachment":[{"href":"https:\/\/www.europesays.com\/lv\/wp-json\/wp\/v2\/media?parent=104813"}],"wp:term":[{"taxonomy":"category","embeddable":true,"href":"https:\/\/www.europesays.com\/lv\/wp-json\/wp\/v2\/categories?post=104813"},{"taxonomy":"post_tag","embeddable":true,"href":"https:\/\/www.europesays.com\/lv\/wp-json\/wp\/v2\/tags?post=104813"}],"curies":[{"name":"wp","href":"https:\/\/api.w.org\/{rel}","templated":true}]}}