{"id":104815,"date":"2026-01-14T21:41:11","date_gmt":"2026-01-14T21:41:11","guid":{"rendered":"https:\/\/www.europesays.com\/lv\/104815\/"},"modified":"2026-01-14T21:41:11","modified_gmt":"2026-01-14T21:41:11","slug":"volfa-izcina-sudrabu-ibu-junioru-kausa-posma-ziemas-sports-sportacentrs-com","status":"publish","type":"post","link":"https:\/\/www.europesays.com\/lv\/104815\/","title":{"rendered":"Volfa izc\u012bna sudrabu IBU Junioru kausa posm\u0101 \u2013 Ziemas sports \u2013 Sportacentrs.com"},"content":{"rendered":"<p>Estere Volfa, kura kvalific\u0113jusies olimpiskaj\u0101m sp\u0113l\u0113m Mil\u0101n\u0101 un \u0161osezon Pasaules kaus\u0101 divreiz ieguva vietu lab\u0101ko tr\u012bsdesmitniek\u0101, bija starp favor\u012bt\u0113m \u0161aj\u0101 posm\u0101. Vi\u0146a \u013coti sp\u0113c\u012bgi s\u0101ka distanci un pirmaj\u0101 \u0161au\u0161an\u0101 bija nek\u013c\u016bd\u012bga, kas bija lielisks pieteikums uz augstu poz\u012bciju.<\/p>\n<p>Otraj\u0101 \u0161au\u0161an\u0101 Volfai bija viena k\u013c\u016bda, ta\u010du sl\u0113pojuma \u0101trums joproj\u0101m bija iespaid\u012bgs, it sevi\u0161\u0137i p\u0113d\u0113j\u0101 apl\u012b, dodoties uz fini\u0161u.<\/p>\n<p>Par Volfas galveno konkurenti izr\u0101d\u012bj\u0101s Slov\u0113nijas sportiste Manka Casermana, kura start\u0113ja v\u0113l\u0101k un distances pirmaj\u0101 da\u013c\u0101 bija ar l\u012bdz\u012bgu sl\u0113po\u0161anas \u0101trumu. Ta\u010du Casermana \u0161au\u0161an\u0101 k\u013c\u016bdas nepie\u013c\u0101va un, lai ar\u012b p\u0113d\u0113j\u0101 apl\u012b zaud\u0113ja Volfai 12 sekundes sl\u0113po\u0161an\u0101, fini\u0161\u0101 tom\u0113r bija priek\u0161\u0101 par 6.8 sekund\u0113m, izc\u012bnot uzvaru.<\/p>\n<p>Volfa ieguva sudraba meda\u013cu, kas vi\u0146ai ir otrais c\u0113lmet\u0101ls IBU Junioru kaus\u0101. 2024. gada nogal\u0113 vi\u0146a It\u0101lij\u0101 ieguva bronzu, ar\u012b toreiz to paveicot sprint\u0101.<\/p>\n<p>Tre\u0161o vietu izc\u012bn\u012bja Ukrainas sportiste Tetjana Tarasjuka.<\/p>\n<p>Elza Bleidele savuk\u0101rt jau pirmaj\u0101 \u0161au\u0161an\u0101 pie\u013c\u0101va tr\u012bs k\u013c\u016bdas, kam sekoja v\u0113l divi nesa\u0161auti m\u0113r\u0137i st\u0101vus. Ar \u0101tru sl\u0113pojumu gan to da\u013c\u0113ji izdev\u0101s kompens\u0113t, beig\u0101s ieg\u016bstot 17. vietu.<\/p>\n<p>Madonas posma turpin\u0101jum\u0101 piektdien paredz\u0113tas v\u0113lreiz sprinta sacens\u012bbas, kam\u0113r sestdien b\u016bs masu starta sacens\u012bbas.<\/p>\n<p>IBU Junioru kausa posms Madon\u0101, sprints, sievietes<\/p>\n<tr>V.SportisteValstsLaiks (s.a.)<\/tr>\n<tr class=\"even\">\n<td>1.<\/td>\n<td>M. Casermana<\/td>\n<td>Slov\u0113nija<\/td>\n<td>23:12.7 (0)<\/td>\n<\/tr>\n<tr class=\"odd\">\n<td>2.<\/td>\n<td>E. Volfa<\/td>\n<td>Latvija<\/td>\n<td>+6.8 (1)<\/td>\n<\/tr>\n<tr class=\"even\">\n<td>3.<\/td>\n<td>T. Tarasjuka<\/td>\n<td>Ukraina<\/td>\n<td>+49.3 (0)<\/td>\n<\/tr>\n<tr class=\"odd\">\n<td>4.<\/td>\n<td>E. Severa<\/td>\n<td>Slov\u0113nija<\/td>\n<td>+1:07.0 (2)<\/td>\n<\/tr>\n<tr class=\"even\">\n<td>5.<\/td>\n<td>V. Kri\u017eova<\/td>\n<td>\u010cehija<\/td>\n<td>+1:16.7 (1)<\/td>\n<\/tr>\n<tr class=\"odd\">\n<td>6.<\/td>\n<td>A. Li\u0161ka<\/td>\n<td>Polija<\/td>\n<td>+1:17.6 (1)<\/td>\n<\/tr>\n<tr class=\"even\">\n<td\/>\n<td\/>\n<td\/>\n<td\/><\/tr>\n<tr class=\"odd\">\n<td>17.<\/td>\n<td>E. Bleidele<\/td>\n<td>Latvija<\/td>\n<td>+2:32.1 (5)<\/td>\n<\/tr>\n<tr class=\"even\">\n<td>20.<\/td>\n<td>M. Djatkovi\u010da<\/td>\n<td>Latvija<\/td>\n<td>+2:40.4 (1)<\/td>\n<\/tr>\n<tr class=\"odd\">\n<td>41.<\/td>\n<td>E. Kalni\u0146a<\/td>\n<td>Latvija<\/td>\n<td>+4:33.5 (2)<\/td>\n<\/tr>\n<tr class=\"even\">\n<td>44.<\/td>\n<td>L. Alzi\u0146a<\/td>\n<td>Latvija<\/td>\n<td>+4:39.8 (1)<\/td>\n<\/tr>\n<tr class=\"odd\">\n<td>46.<\/td>\n<td>K. Kolna<\/td>\n<td>Latvija<\/td>\n<td>+4:48.9 (1)<\/td>\n<\/tr>\n<tr class=\"even\">\n<td>56.<\/td>\n<td>J. Boro\u0146enko<\/td>\n<td>Latvija<\/td>\n<td>+6:13.8 (6)<\/td>\n<\/tr>\n<p>Start\u0113ja 67 sportistes<\/p>\n<p>Inform\u0101cija tiek papildin\u0101ta<\/p>\n","protected":false},"excerpt":{"rendered":"Estere Volfa, kura kvalific\u0113jusies olimpiskaj\u0101m sp\u0113l\u0113m Mil\u0101n\u0101 un \u0161osezon Pasaules kaus\u0101 divreiz ieguva vietu lab\u0101ko tr\u012bsdesmitniek\u0101, bija starp&hellip;\n","protected":false},"author":2,"featured_media":104816,"comment_status":"","ping_status":"","sticky":false,"template":"","format":"standard","meta":{"footnotes":""},"categories":[5],"tags":[23,28,29,32,33,22,30,31,35,39,38,36,37,34,40,20,26,27,24,25,620,21],"class_list":{"0":"post-104815","1":"post","2":"type-post","3":"status-publish","4":"format-standard","5":"has-post-thumbnail","7":"category-aktualitates","8":"tag-aktualitates","9":"tag-breaking-news","10":"tag-breakingnews","11":"tag-featured-news","12":"tag-featurednews","13":"tag-headlines","14":"tag-latest-news","15":"tag-latestnews","16":"tag-latvia","17":"tag-latvian","18":"tag-latviesu","19":"tag-latviesu-valoda","20":"tag-latviesuvaloda","21":"tag-latvija","22":"tag-lv","23":"tag-news","24":"tag-popularakas-zinas","25":"tag-popularakaszinas","26":"tag-top-stories","27":"tag-topstories","28":"tag-ziemas-sports","29":"tag-zinas"},"share_on_mastodon":{"url":"https:\/\/pubeurope.com\/@lv\/115895630875669467","error":""},"_links":{"self":[{"href":"https:\/\/www.europesays.com\/lv\/wp-json\/wp\/v2\/posts\/104815","targetHints":{"allow":["GET"]}}],"collection":[{"href":"https:\/\/www.europesays.com\/lv\/wp-json\/wp\/v2\/posts"}],"about":[{"href":"https:\/\/www.europesays.com\/lv\/wp-json\/wp\/v2\/types\/post"}],"author":[{"embeddable":true,"href":"https:\/\/www.europesays.com\/lv\/wp-json\/wp\/v2\/users\/2"}],"replies":[{"embeddable":true,"href":"https:\/\/www.europesays.com\/lv\/wp-json\/wp\/v2\/comments?post=104815"}],"version-history":[{"count":0,"href":"https:\/\/www.europesays.com\/lv\/wp-json\/wp\/v2\/posts\/104815\/revisions"}],"wp:featuredmedia":[{"embeddable":true,"href":"https:\/\/www.europesays.com\/lv\/wp-json\/wp\/v2\/media\/104816"}],"wp:attachment":[{"href":"https:\/\/www.europesays.com\/lv\/wp-json\/wp\/v2\/media?parent=104815"}],"wp:term":[{"taxonomy":"category","embeddable":true,"href":"https:\/\/www.europesays.com\/lv\/wp-json\/wp\/v2\/categories?post=104815"},{"taxonomy":"post_tag","embeddable":true,"href":"https:\/\/www.europesays.com\/lv\/wp-json\/wp\/v2\/tags?post=104815"}],"curies":[{"name":"wp","href":"https:\/\/api.w.org\/{rel}","templated":true}]}}