{"id":104822,"date":"2026-01-14T21:47:15","date_gmt":"2026-01-14T21:47:15","guid":{"rendered":"https:\/\/www.europesays.com\/lv\/104822\/"},"modified":"2026-01-14T21:47:15","modified_gmt":"2026-01-14T21:47:15","slug":"pieaug-krievijas-iejauksanas-riski-rudeni-gaidamajas-saeimas-velesanas","status":"publish","type":"post","link":"https:\/\/www.europesays.com\/lv\/104822\/","title":{"rendered":"Pieaug Krievijas iejauk\u0161an\u0101s riski ruden\u012b gaid\u0101maj\u0101s Saeimas v\u0113l\u0113\u0161an\u0101s"},"content":{"rendered":"<p>K\u0101 v\u0113st\u012bts, Eiropas demokr\u0101tijas vairoga m\u0113r\u0137is ir palielin\u0101t ES sp\u0113ju apkarot inform\u0101cijas manipul\u0101ciju un dezinform\u0101ciju, k\u0101 ar\u012b stiprin\u0101t demokr\u0101tijas notur\u012bbu, izmantojot visas sabiedr\u012bbas pieeju. Iniciat\u012bva paredz pas\u0101kumus tr\u012bs galvenajos virzienos &#8211; inform\u0101cijas telpas integrit\u0101tes aizsardz\u012bb\u0101, demokr\u0101tisko instit\u016bciju, br\u012bvu un god\u012bgu v\u0113l\u0113\u0161anu un neatkar\u012bgu pla\u0161sazi\u0146as l\u012bdzek\u013cu stiprin\u0101\u0161an\u0101, k\u0101 ar\u012b sabiedr\u012bbas notur\u012bbas un iedz\u012bvot\u0101ju iesaistes veicin\u0101\u0161an\u0101.<\/p>\n<p>T\u0101pat v\u0113st\u012bts, ka pl\u0101nots izveidot starpinstit\u016bciju darba grupu, kuras uzdevumi b\u016bs identific\u0113t un vad\u012bt riskus, lai nodro\u0161in\u0101tu dro\u0161u un demokr\u0101tisku \u0161\u012b gada ruden\u012b gaid\u0101mo Saeimas v\u0113l\u0113\u0161anu norisi, liecina Ties\u012bbu aktu projektu port\u0101l\u0101 pieejam\u0101 r\u012bkojuma projekta anot\u0101cija.<\/p>\n<p>Taj\u0101 skaidrots, ka god\u012bgu, demokr\u0101tisku un caurskat\u0101mu Saeimas v\u0113l\u0113\u0161anu norisei nepiecie\u0161ama vair\u0101ku instit\u016bciju iesaiste, kas r\u016bp\u0113tos gan par fizisk\u0101s dro\u0161\u012bbas, gan digit\u0101l\u0101s dro\u0161\u012bbas risin\u0101jumiem.<\/p>\n<p>Tiek uzsv\u0113rts, ka m\u016bsdienu tehnolo\u0123iju pasaul\u0113 nelikum\u012bgs saturs un dezinform\u0101cija var rad\u012bt mald\u012bgu priek\u0161statu par v\u0113l\u0113\u0161an\u0101m, politiskaj\u0101m partij\u0101m un deput\u0101tu kandid\u0101tiem, t\u0101p\u0113c ties\u012bbsarg\u0101jo\u0161aj\u0101m iest\u0101d\u0113m un citiem partneriem ir j\u0101sp\u0113j identific\u0113t un nov\u0113rst \u0161\u0101dus riskus.<\/p>\n<p>Pl\u0101nots, ka darba grupu vad\u012bs Valsts kancelejas direktors Raivis Kronbergs, bet vi\u0146a vietnieks b\u016bs Zviedris.<\/p>\n","protected":false},"excerpt":{"rendered":"K\u0101 v\u0113st\u012bts, Eiropas demokr\u0101tijas vairoga m\u0113r\u0137is ir palielin\u0101t ES sp\u0113ju apkarot inform\u0101cijas manipul\u0101ciju un dezinform\u0101ciju, k\u0101 ar\u012b stiprin\u0101t&hellip;\n","protected":false},"author":2,"featured_media":104823,"comment_status":"","ping_status":"","sticky":false,"template":"","format":"standard","meta":{"footnotes":""},"categories":[5],"tags":[23,28,29,6192,32,33,22,30,31,35,39,38,36,37,34,40,20,26,27,141,24,25,21],"class_list":{"0":"post-104822","1":"post","2":"type-post","3":"status-publish","4":"format-standard","5":"has-post-thumbnail","7":"category-aktualitates","8":"tag-aktualitates","9":"tag-breaking-news","10":"tag-breakingnews","11":"tag-deputati","12":"tag-featured-news","13":"tag-featurednews","14":"tag-headlines","15":"tag-latest-news","16":"tag-latestnews","17":"tag-latvia","18":"tag-latvian","19":"tag-latviesu","20":"tag-latviesu-valoda","21":"tag-latviesuvaloda","22":"tag-latvija","23":"tag-lv","24":"tag-news","25":"tag-popularakas-zinas","26":"tag-popularakaszinas","27":"tag-saeima","28":"tag-top-stories","29":"tag-topstories","30":"tag-zinas"},"share_on_mastodon":{"url":"https:\/\/pubeurope.com\/@lv\/115895654413017383","error":""},"_links":{"self":[{"href":"https:\/\/www.europesays.com\/lv\/wp-json\/wp\/v2\/posts\/104822","targetHints":{"allow":["GET"]}}],"collection":[{"href":"https:\/\/www.europesays.com\/lv\/wp-json\/wp\/v2\/posts"}],"about":[{"href":"https:\/\/www.europesays.com\/lv\/wp-json\/wp\/v2\/types\/post"}],"author":[{"embeddable":true,"href":"https:\/\/www.europesays.com\/lv\/wp-json\/wp\/v2\/users\/2"}],"replies":[{"embeddable":true,"href":"https:\/\/www.europesays.com\/lv\/wp-json\/wp\/v2\/comments?post=104822"}],"version-history":[{"count":0,"href":"https:\/\/www.europesays.com\/lv\/wp-json\/wp\/v2\/posts\/104822\/revisions"}],"wp:featuredmedia":[{"embeddable":true,"href":"https:\/\/www.europesays.com\/lv\/wp-json\/wp\/v2\/media\/104823"}],"wp:attachment":[{"href":"https:\/\/www.europesays.com\/lv\/wp-json\/wp\/v2\/media?parent=104822"}],"wp:term":[{"taxonomy":"category","embeddable":true,"href":"https:\/\/www.europesays.com\/lv\/wp-json\/wp\/v2\/categories?post=104822"},{"taxonomy":"post_tag","embeddable":true,"href":"https:\/\/www.europesays.com\/lv\/wp-json\/wp\/v2\/tags?post=104822"}],"curies":[{"name":"wp","href":"https:\/\/api.w.org\/{rel}","templated":true}]}}