{"id":104831,"date":"2026-01-14T21:55:11","date_gmt":"2026-01-14T21:55:11","guid":{"rendered":"https:\/\/www.europesays.com\/lv\/104831\/"},"modified":"2026-01-14T21:55:11","modified_gmt":"2026-01-14T21:55:11","slug":"raimo-un-gluditis-3x3-basketbola-sosezon-parstaves-japanas-komandu","status":"publish","type":"post","link":"https:\/\/www.europesays.com\/lv\/104831\/","title":{"rendered":"Raimo un Glud\u012btis 3&#215;3 basketbol\u0101 \u0161osezon p\u0101rst\u0101v\u0113s Jap\u0101nas komandu"},"content":{"rendered":"<p>                                <img decoding=\"async\" src=\"https:\/\/www.europesays.com\/lv\/wp-content\/uploads\/2026\/01\/2838941a-1492-4ad4-afc0-f383539a9228-1-750x450.jpg\"   alt=\"Zigm\u0101rs Raimo\" class=\"post-featured-image\"\/><\/p>\n<p>Zigm\u0101rs Raimo | Foto: FIBA<\/p>\n<p>Latvijas basketbolisti <a href=\"https:\/\/www.sportazinas.com\/atsl\u0113gv\u0101rdi\/zigmars-raimo\/\" rel=\"nofollow noopener\" target=\"_blank\">Zigm\u0101rs Raimo<\/a> un <a href=\"https:\/\/www.sportazinas.com\/atsl\u0113gv\u0101rdi\/kristaps-gluditis\/\" rel=\"nofollow noopener\" target=\"_blank\">Kristaps Glud\u012btis<\/a> \u0161osezon 3\u00d73 basketbola starptautiskajos turn\u012bros p\u0101rst\u0101v\u0113s Jap\u0101nas komandu \u201cShibuya\u201d.<\/p>\n<p>Iepriek\u0161\u0113j\u0101 sezon\u0101 Pasaules t\u016br\u0113 sp\u0113l\u0113ja 12 Jap\u0101nas komandas, starp kur\u0101m nebija \u201cShibuya\u201d. Komandu gaid\u0101maj\u0101 sezon\u0101 p\u0101rst\u0101v\u0113s ar\u012b Jap\u0101nas izlases l\u012bderis Rjo Odzava, kur\u0161 FIBA individu\u0101laj\u0101 rang\u0101 \u0161obr\u012bd ir 89. viet\u0101.<\/p>\n<p>Abi pirms tam p\u0101rst\u0101v\u0113ja \u201cKandava\u201d\/\u201dTur\u012bba\u201d komandu. Decembr\u012b Glud\u012btis pievienoj\u0101s klasisk\u0101 basketbola komandai \u201cLatvijas Universit\u0101te\u201d, Latvijas-Igaunijas l\u012bg\u0101 piedaloties vien\u0101 ma\u010d\u0101.<\/p>\n<p>T\u0101pat abi vasar\u0101 p\u0101rst\u0101v\u0113ja Latvijas 3\u00d73 v\u012brie\u0161u basketbola izlasi Pasaules kaus\u0101, kur\u0101 latvie\u0161i apst\u0101j\u0101s ceturtda\u013cfin\u0101l\u0101.<\/p>\n","protected":false},"excerpt":{"rendered":"Zigm\u0101rs Raimo | Foto: FIBA Latvijas basketbolisti Zigm\u0101rs Raimo un Kristaps Glud\u012btis \u0161osezon 3\u00d73 basketbola starptautiskajos turn\u012bros p\u0101rst\u0101v\u0113s&hellip;\n","protected":false},"author":2,"featured_media":104832,"comment_status":"","ping_status":"","sticky":false,"template":"","format":"standard","meta":{"footnotes":""},"categories":[17],"tags":[35,39,38,36,37,34,40,67],"class_list":{"0":"post-104831","1":"post","2":"type-post","3":"status-publish","4":"format-standard","5":"has-post-thumbnail","7":"category-sports","8":"tag-latvia","9":"tag-latvian","10":"tag-latviesu","11":"tag-latviesu-valoda","12":"tag-latviesuvaloda","13":"tag-latvija","14":"tag-lv","15":"tag-sports"},"share_on_mastodon":{"url":"https:\/\/pubeurope.com\/@lv\/115895685757781690","error":""},"_links":{"self":[{"href":"https:\/\/www.europesays.com\/lv\/wp-json\/wp\/v2\/posts\/104831","targetHints":{"allow":["GET"]}}],"collection":[{"href":"https:\/\/www.europesays.com\/lv\/wp-json\/wp\/v2\/posts"}],"about":[{"href":"https:\/\/www.europesays.com\/lv\/wp-json\/wp\/v2\/types\/post"}],"author":[{"embeddable":true,"href":"https:\/\/www.europesays.com\/lv\/wp-json\/wp\/v2\/users\/2"}],"replies":[{"embeddable":true,"href":"https:\/\/www.europesays.com\/lv\/wp-json\/wp\/v2\/comments?post=104831"}],"version-history":[{"count":0,"href":"https:\/\/www.europesays.com\/lv\/wp-json\/wp\/v2\/posts\/104831\/revisions"}],"wp:featuredmedia":[{"embeddable":true,"href":"https:\/\/www.europesays.com\/lv\/wp-json\/wp\/v2\/media\/104832"}],"wp:attachment":[{"href":"https:\/\/www.europesays.com\/lv\/wp-json\/wp\/v2\/media?parent=104831"}],"wp:term":[{"taxonomy":"category","embeddable":true,"href":"https:\/\/www.europesays.com\/lv\/wp-json\/wp\/v2\/categories?post=104831"},{"taxonomy":"post_tag","embeddable":true,"href":"https:\/\/www.europesays.com\/lv\/wp-json\/wp\/v2\/tags?post=104831"}],"curies":[{"name":"wp","href":"https:\/\/api.w.org\/{rel}","templated":true}]}}