{"id":104833,"date":"2026-01-14T21:59:09","date_gmt":"2026-01-14T21:59:09","guid":{"rendered":"https:\/\/www.europesays.com\/lv\/104833\/"},"modified":"2026-01-14T21:59:09","modified_gmt":"2026-01-14T21:59:09","slug":"polijas-uznemumi-mekle-partnerus-latvija-raksts","status":"publish","type":"post","link":"https:\/\/www.europesays.com\/lv\/104833\/","title":{"rendered":"Polijas uz\u0146\u0113mumi mekl\u0113 partnerus Latvij\u0101 \/ Raksts"},"content":{"rendered":"<p>Arvien jaunas att\u012bst\u012bbas un sadarb\u012bbas iesp\u0113jas mekl\u0113 Polijas uz\u0146\u0113mumi. Tie R\u012bg\u0101 kop\u0101 ar savu v\u0113stniec\u012bbu r\u012bkoja milit\u0101r\u0101s nozares konferenci, cerot piesaist\u012bt Latvijas uz\u0146\u0113m\u0113ju, milit\u0101r\u0101s industrijas p\u0101rst\u0101vju uzman\u012bbu.\u00a0<\/p>\n<p>Polija \u013coti akt\u012bvi att\u012bsta savu milit\u0101ro industriju, r\u016bpn\u012bcu skaits palielin\u0101s, ieguld\u012bjumi nozar\u0113 ar\u012b. Bet Polijas v\u0113stniec\u012bbas pagaidu pilnvarotais lietvedis Toma\u0161s Seroti\u010ds pau\u017e, ka tagad uzdevums ir stiprin\u0101t sadarb\u012bbu.\u00a0<\/p>\n<p>&#8220;Kopum\u0101 es uzskatu, ka ekonomisk\u0101 sadarb\u012bba starp Poliju un Latviju v\u0113l nav sasniegusi savu potenci\u0101lu. M\u0113s str\u0101d\u0101jam pie ekonomisko sai\u0161u stiprin\u0101\u0161anas. M\u0113s jau labi sadarbojamies strat\u0113\u0123iskajos jaut\u0101jumos \u2013 infrastrukt\u016bras, ener\u0123ijas jom\u0101s. Bet m\u0113s tic\u0101m, ka aizsardz\u012bbas industrija ir viena no uzlabojam\u0101m,&#8221; sac\u012bja\u00a0Polijas v\u0113stniec\u012bbas Latvij\u0101 pilnvarotais lietvedis\u00a0Toma\u0161s Seroti\u010ds.\u00a0<\/p>\n<p>Ir \u013coti veiksm\u012bgi piem\u0113ri. Vi\u0146\u0161 min Latvij\u0101 dibin\u0101to dronu koal\u012bciju, kur\u0101 ir ar\u012b Polija. Tas b\u016btu k\u0101 paraugs labai sadarb\u012bbai, ideju apmai\u0146ai, kop\u012bgai izaugsmei.\u00a0<\/p>\n<p>&#8220;Polija un Latvija ir strat\u0113\u0123iskie partneri. \u0160ai sadarb\u012bbai ir dzi\u013cas saknes m\u016bsu v\u0113stur\u0113, v\u0113rt\u012bb\u0101s un kop\u012bg\u0101 izpratn\u0113 par starptautisko vidi. Es ticu, ka \u0161\u012b ir vislab\u0101k\u0101 b\u0101ze, k\u0101 att\u012bst\u012bt kop\u012bgus projektus,&#8221; uzsv\u0113ra\u00a0Seroti\u010ds.\u00a0<\/p>\n<p>Polij\u0101 ir viens no liel\u0101kajiem milit\u0101rajiem uz\u0146\u0113mumiem \u2013 &#8220;WB grupa&#8221;. T\u0101s komunik\u0101cijas direktors\u00a0Remigiju\u0161s Vilks uzskata, ka ir ar\u012b praktiski ieguvumi sadarb\u012bbai. Vi\u0146\u0161 skaidroja \u2013 ja esam tuvi kaimi\u0146i, apdraud\u0113juma gad\u012bjum\u0101 viens otram pal\u012bdz\u0113sim. Tad noder\u0113s, ka m\u016bsu re\u0123ion\u0101 sabiedrotajiem ir savstarp\u0113ji savienojamas sp\u0113jas. R\u0101cijas, sign\u0101lu apstr\u0101de. Vi\u0146u k\u0101 milit\u0101r\u0101 uz\u0146\u0113muma m\u0113r\u0137is neesot p\u0101rdot mums savu ra\u017eojumu.<\/p>\n<p>&#8220;Es dom\u0101ju, ka latvie\u0161i ir p\u0101r\u0101k gudri, lai vienk\u0101r\u0161i pirktu m\u016bsu tehnolo\u0123ijas. Ar\u012b m\u0113s esam p\u0101r\u0101k gudri, lai t\u0101s vienk\u0101r\u0161i tirgotu. Mekl\u0113jam industrijas partnerus. M\u016bsupr\u0101t, ir \u013coti v\u0113rt\u012bgi ieg\u016bt daudz partneru Eirop\u0101, lai izveidotu vienota stila risin\u0101jumus da\u017e\u0101d\u0101m sist\u0113m\u0101m,&#8221; izteic\u0101s Vilks.<\/p>\n<p>Polijas v\u0113stniec\u012bba tre\u0161dienas konferenci nosauca par &#8220;Latvijas\u2013Polijas strat\u0113\u0123isk\u0101s aizsardz\u012bbas sadarb\u012bbas dienu&#8221;, pl\u0101nojot to organiz\u0113t atkal.<\/p>\n<p>                    Valodas k\u013c\u016bda rakst\u0101?<\/p>\n<p class=\"d-none d-md-block\">Iez\u012bm\u0113jiet tekstu un spiediet Ctrl+Enter, lai nos\u016bt\u012btu labojamo teksta fragmentu redaktoram! Par faktu k\u013c\u016bd\u0101m l\u016bdzam zi\u0146ot e-past\u0101 <a href=\"https:\/\/www.lsm.lv\/cdn-cgi\/l\/email-protection\" class=\"__cf_email__\" data-cfemail=\"5e2c3b3a3f353d37343f1e322d33703228\" rel=\"nofollow noopener\" target=\"_blank\">[email\u00a0protected]<\/a>.<\/p>\n<p class=\"d-md-none\">Iez\u012bm\u0113jiet tekstu un spiediet uz Zi\u0146ot par k\u013c\u016bdu pogas, lai nos\u016bt\u012btu labojamo teksta fragmentu redaktoram!<\/p>\n<p>\n                    Zi\u0146ot par k\u013c\u016bdu\n                <\/p>\n","protected":false},"excerpt":{"rendered":"Arvien jaunas att\u012bst\u012bbas un sadarb\u012bbas iesp\u0113jas mekl\u0113 Polijas uz\u0146\u0113mumi. Tie R\u012bg\u0101 kop\u0101 ar savu v\u0113stniec\u012bbu r\u012bkoja milit\u0101r\u0101s nozares&hellip;\n","protected":false},"author":2,"featured_media":104834,"comment_status":"","ping_status":"","sticky":false,"template":"","format":"standard","meta":{"footnotes":""},"categories":[5],"tags":[23,28,29,32,33,22,30,31,35,39,38,36,37,34,40,20,26,27,24,25,21],"class_list":{"0":"post-104833","1":"post","2":"type-post","3":"status-publish","4":"format-standard","5":"has-post-thumbnail","7":"category-aktualitates","8":"tag-aktualitates","9":"tag-breaking-news","10":"tag-breakingnews","11":"tag-featured-news","12":"tag-featurednews","13":"tag-headlines","14":"tag-latest-news","15":"tag-latestnews","16":"tag-latvia","17":"tag-latvian","18":"tag-latviesu","19":"tag-latviesu-valoda","20":"tag-latviesuvaloda","21":"tag-latvija","22":"tag-lv","23":"tag-news","24":"tag-popularakas-zinas","25":"tag-popularakaszinas","26":"tag-top-stories","27":"tag-topstories","28":"tag-zinas"},"share_on_mastodon":{"url":"https:\/\/pubeurope.com\/@lv\/115895701589695587","error":""},"_links":{"self":[{"href":"https:\/\/www.europesays.com\/lv\/wp-json\/wp\/v2\/posts\/104833","targetHints":{"allow":["GET"]}}],"collection":[{"href":"https:\/\/www.europesays.com\/lv\/wp-json\/wp\/v2\/posts"}],"about":[{"href":"https:\/\/www.europesays.com\/lv\/wp-json\/wp\/v2\/types\/post"}],"author":[{"embeddable":true,"href":"https:\/\/www.europesays.com\/lv\/wp-json\/wp\/v2\/users\/2"}],"replies":[{"embeddable":true,"href":"https:\/\/www.europesays.com\/lv\/wp-json\/wp\/v2\/comments?post=104833"}],"version-history":[{"count":0,"href":"https:\/\/www.europesays.com\/lv\/wp-json\/wp\/v2\/posts\/104833\/revisions"}],"wp:featuredmedia":[{"embeddable":true,"href":"https:\/\/www.europesays.com\/lv\/wp-json\/wp\/v2\/media\/104834"}],"wp:attachment":[{"href":"https:\/\/www.europesays.com\/lv\/wp-json\/wp\/v2\/media?parent=104833"}],"wp:term":[{"taxonomy":"category","embeddable":true,"href":"https:\/\/www.europesays.com\/lv\/wp-json\/wp\/v2\/categories?post=104833"},{"taxonomy":"post_tag","embeddable":true,"href":"https:\/\/www.europesays.com\/lv\/wp-json\/wp\/v2\/tags?post=104833"}],"curies":[{"name":"wp","href":"https:\/\/api.w.org\/{rel}","templated":true}]}}