{"id":104835,"date":"2026-01-14T22:00:07","date_gmt":"2026-01-14T22:00:07","guid":{"rendered":"https:\/\/www.europesays.com\/lv\/104835\/"},"modified":"2026-01-14T22:00:07","modified_gmt":"2026-01-14T22:00:07","slug":"krievija-pieprasa-ukrainu-dziedataju-svetlanu-lobodu-atzit-par-teroristi-lente-lv","status":"publish","type":"post","link":"https:\/\/www.europesays.com\/lv\/104835\/","title":{"rendered":"Krievij\u0101 pieprasa ukrai\u0146u dzied\u0101t\u0101ju Svetlanu Lobodu atz\u012bt par &#8220;teroristi&#8221;\u00a0\u2014\u00a0Lente.lv"},"content":{"rendered":"<p>Vit\u0101lijs Borodins aicina uzskat\u012bt dzied\u0101t\u0101ju par ekstr\u0113mistu<\/p>\n<p>Krievijas &#8220;Feder\u0101l\u0101 dro\u0161\u012bbas un pretkorupcijas projekta&#8221; vad\u012bt\u0101js Vit\u0101lijs Borodins ir aicin\u0101jis Krievijas \u0122ener\u0101lprokurat\u016bru atz\u012bt R\u012bg\u0101 dz\u012bvojo\u0161o ukrai\u0146u dzied\u0101t\u0101ju Svetlanu Lobodu par &#8220;teroristi un ekstr\u0113mistu&#8221;. K\u0101 nor\u0101d\u012bts Borodina iesniegum\u0101, vi\u0146\u0161 uzskata, ka dzied\u0101t\u0101ja, kura pirms Krievijas pilna m\u0113roga iebrukuma Ukrain\u0101 ilgsto\u0161i dz\u012bvoja Krievij\u0101, bet tagad vi\u0146ai ir liegta iebrauk\u0161ana, savu finans\u0113jumu var\u0113tu novirz\u012bt Ukrainas armijas atbalstam. Borodins savu aicin\u0101jumu pamato ar Lobodas uzst\u0101\u0161anos Jaungada sv\u0113tku laik\u0101 Taizem\u0113 Krievijas uz\u0146\u0113m\u0113jiem, par ko vi\u0146a sa\u0146\u0113musi 15 miljonus rub\u013cu (aptuveni 160 000 eiro). K\u0101 inform\u0113 port\u0101ls jauns.lv, Borodins piepras\u012bjis ar\u012b p\u0101rbaud\u012bt koncerta organiz\u0113t\u0101jus.<\/p>\n<p>Loboda finansi\u0101li atbalsta Ukrainu<\/p>\n<p>Krievijas mediji nor\u0101da, ka kop\u0161 2022. gada pilna m\u0113roga iebrukuma s\u0101kuma Svetlana Loboda finansi\u0101li atbalsta Ukrainas armiju un aicin\u0101jusi ziedot naudu karav\u012briem. Borodins \u0161\u0101du r\u012bc\u012bbu uzskata par nodev\u012bbu, \u012bpa\u0161i &#8220;speci\u0101l\u0101s milit\u0101r\u0101s oper\u0101cijas&#8221; laik\u0101, kas jau p\u0101rsniedzis Otr\u0101 pasaules kara laiku Krievij\u0101. Vi\u0146\u0161 uzsver, ka \u0161aj\u0101 period\u0101 nedr\u012bkst aicin\u0101t uzst\u0101ties ukrai\u0146u dzied\u0101t\u0101jus.<\/p>\n<p>Dzied\u0101t\u0101jas atra\u0161an\u0101s vieta un pateic\u012bba Latvijai<\/p>\n<p>Svetlana Loboda kop\u0101 ar sav\u0101m meit\u0101m dz\u012bvo R\u012bg\u0101, un vi\u0146a ir paudusi lielu pateic\u012bbu Latvijai par dro\u0161\u012bbas un uz\u0146em\u0161anas sniegto atbalstu. &#8220;Esmu \u013coti pateic\u012bga \u0161ai valstij par to, ka t\u0101 m\u016bs tik labi uz\u0146\u0113ma, un par to, ka tad, kad dodos koncertturnej\u0101s, mani b\u0113rni \u0161eit ir dro\u0161\u012bb\u0101,&#8221; atzinusi dzied\u0101t\u0101ja. Vi\u0146as \u0123imenes dz\u012bve \u0161obr\u012bd saist\u0101s ar past\u0101v\u012bgiem p\u0101rbraucieniem, jo \u012bpa\u0161i vi\u0146as m\u0101te cen\u0161as pavad\u012bt laiku gan Ukrain\u0101 pie v\u012bra, gan R\u012bg\u0101, lai pal\u012bdz\u0113tu r\u016bp\u0113ties par mazb\u0113rniem. Par meitu apr\u016bpi ikdien\u0101 pal\u012bdz ar\u012b aukles no Ukrainas.<\/p>\n<p>Borodins akt\u012bvs da\u017e\u0101du personu nosod\u012b\u0161an\u0101<\/p>\n<p>Vit\u0101lijs Borodins paz\u012bstams ar savu akt\u012bvo darb\u012bbu da\u017e\u0101du Krievijas m\u0101kslinieku un sabiedrisko darbinieku nos\u016bdz\u0113\u0161an\u0101 un kritiz\u0113\u0161an\u0101, kuri paudu\u0161i neatbalsto\u0161u nost\u0101ju pret Krievijas politiku vai agresiju Ukrain\u0101. Vi\u0146a uzman\u012bba iepriek\u0161 piev\u0113rsta ar\u012b t\u0101d\u0101m person\u0101m k\u0101 Alla Puga\u010dova un Da\u0146ila Kozlovskis, kuri sask\u0101ru\u0161ies ar l\u012bdz\u012bg\u0101m aps\u016bdz\u012bb\u0101m vai piepras\u012bjumiem par vi\u0146u politisko nost\u0101ju un darb\u012bb\u0101m. Krievijas pla\u0161sazi\u0146as l\u012bdzek\u013ci iepriek\u0161 zi\u0146oja, ka Borodins l\u016bdzis iek\u013caut dzied\u0101t\u0101ju Allu Puga\u010dovu Krievijas \u0101rzemju a\u0123entu sarakst\u0101, k\u0101 ar\u012b piepras\u012bjis p\u0101rbaud\u012bt aktiera Da\u0146ilas Kozlovska darb\u012bbas.<\/p>\n","protected":false},"excerpt":{"rendered":"Vit\u0101lijs Borodins aicina uzskat\u012bt dzied\u0101t\u0101ju par ekstr\u0113mistu Krievijas &#8220;Feder\u0101l\u0101 dro\u0161\u012bbas un pretkorupcijas projekta&#8221; vad\u012bt\u0101js Vit\u0101lijs Borodins ir aicin\u0101jis&hellip;\n","protected":false},"author":2,"featured_media":104836,"comment_status":"","ping_status":"","sticky":false,"template":"","format":"standard","meta":{"footnotes":""},"categories":[19],"tags":[89,90,234,35,39,38,36,37,34,40,15426,25168,276,25167],"class_list":{"0":"post-104835","1":"post","2":"type-post","3":"status-publish","4":"format-standard","5":"has-post-thumbnail","7":"category-izklaide","8":"tag-entertainment","9":"tag-izklaide","10":"tag-krievija","11":"tag-latvia","12":"tag-latvian","13":"tag-latviesu","14":"tag-latviesu-valoda","15":"tag-latviesuvaloda","16":"tag-latvija","17":"tag-lv","18":"tag-svetlana-loboda","19":"tag-terorists","20":"tag-ukraina","21":"tag-vitalijs-borodins"},"share_on_mastodon":{"url":"https:\/\/pubeurope.com\/@lv\/115895705627196969","error":""},"_links":{"self":[{"href":"https:\/\/www.europesays.com\/lv\/wp-json\/wp\/v2\/posts\/104835","targetHints":{"allow":["GET"]}}],"collection":[{"href":"https:\/\/www.europesays.com\/lv\/wp-json\/wp\/v2\/posts"}],"about":[{"href":"https:\/\/www.europesays.com\/lv\/wp-json\/wp\/v2\/types\/post"}],"author":[{"embeddable":true,"href":"https:\/\/www.europesays.com\/lv\/wp-json\/wp\/v2\/users\/2"}],"replies":[{"embeddable":true,"href":"https:\/\/www.europesays.com\/lv\/wp-json\/wp\/v2\/comments?post=104835"}],"version-history":[{"count":0,"href":"https:\/\/www.europesays.com\/lv\/wp-json\/wp\/v2\/posts\/104835\/revisions"}],"wp:featuredmedia":[{"embeddable":true,"href":"https:\/\/www.europesays.com\/lv\/wp-json\/wp\/v2\/media\/104836"}],"wp:attachment":[{"href":"https:\/\/www.europesays.com\/lv\/wp-json\/wp\/v2\/media?parent=104835"}],"wp:term":[{"taxonomy":"category","embeddable":true,"href":"https:\/\/www.europesays.com\/lv\/wp-json\/wp\/v2\/categories?post=104835"},{"taxonomy":"post_tag","embeddable":true,"href":"https:\/\/www.europesays.com\/lv\/wp-json\/wp\/v2\/tags?post=104835"}],"curies":[{"name":"wp","href":"https:\/\/api.w.org\/{rel}","templated":true}]}}