{"id":104843,"date":"2026-01-14T22:07:10","date_gmt":"2026-01-14T22:07:10","guid":{"rendered":"https:\/\/www.europesays.com\/lv\/104843\/"},"modified":"2026-01-14T22:07:10","modified_gmt":"2026-01-14T22:07:10","slug":"lavina-miris-snovborda-pionieris-un-olimpietis-ueli-kestenholcs-lente-lv","status":"publish","type":"post","link":"https:\/\/www.europesays.com\/lv\/104843\/","title":{"rendered":"Lav\u012bn\u0101 miris snovborda pionieris un olimpietis Ueli Kestenholcs\u00a0\u2014\u00a0Lente.lv"},"content":{"rendered":"<p>S\u0113ru v\u0113sts snovborda kopienai<\/p>\n<p>\u0160veices Sl\u0113po\u0161anas feder\u0101cija (Swiss-Ski) otrdien, 13. janv\u0101r\u012b, apstiprin\u0101jusi sirdi ploso\u0161o zi\u0146u par snovborda pioniera un 1998. gada Nagano olimpisko sp\u0113\u013cu bronzas meda\u013cnieka Ueli Kestenholca n\u0101vi. K\u0101 zi\u0146o telekan\u0101ls TV3, 50 gadus vecais sportists sv\u0113tdien, 11. janv\u0101r\u012b, sask\u0101ries ar likten\u012bgu lav\u012bnu L\u0113t\u0161ent\u0101les (L\u00f6tschental) ielej\u0101, kam\u0113r braucis ar snovbordu. Vi\u0146a dz\u012bve apr\u0101v\u0101s slimn\u012bc\u0101 Sion\u0101, kur vi\u0146\u0161 tika nog\u0101d\u0101ts p\u0113c negad\u012bjuma.<\/p>\n<p>Tr\u012bs olimpisko sp\u0113\u013cu dal\u012bbnieks un meda\u013cnieks<\/p>\n<p>Ueli Kestenholcs savulaik bija viens no snovborda sporta atjaunot\u0101jiem un atpaz\u012bstam\u0101kajiem sportistiem. Vi\u0146\u0161 piedal\u012bj\u0101s pirmaj\u0101s snovborda sacens\u012bb\u0101s olimpisko sp\u0113\u013cu v\u0113stur\u0113 Nagano 1998. gad\u0101, kur izc\u012bn\u012bja bronzas meda\u013cu paral\u0113l\u0101 milzu slalom\u0101. Kestenholcs p\u0101rst\u0101v\u0113ja \u0160veici ar\u012b 2002. gada Soltleiksitijas un 2006. gada Tur\u012bnas olimpiskaj\u0101s sp\u0113l\u0113s. Vi\u0146\u0161 ir ar\u012b divk\u0101rt\u0113js X Games zelta meda\u013cnieks snovkros\u0101 (2003. un 2004. gad\u0101) un guvis 14 Pasaules kausa uzvaras.<\/p>\n<p>Negad\u012bjuma apst\u0101k\u013ci<\/p>\n<p>Negad\u012bjums noticis L\u0113t\u0161ent\u0101les ielej\u0101, uz Hockuchriz smailes austrumu nog\u0101zes, aptuveni 2400 metru augstum\u0101. Lav\u012bna Kestenholcu aiznesa un apraka. Kop\u0101 ar vi\u0146u atradies ar\u012b sl\u0113pot\u0101js, kur\u0161 sp\u0113jis izgl\u0101bties. Sportists tika atbr\u012bvots un ar helikopteru nog\u0101d\u0101ts slimn\u012bc\u0101, ta\u010du medi\u0137iem neizdev\u0101s gl\u0101bt vi\u0146a dz\u012bv\u012bbu.<\/p>\n<p>Pasaules klases atl\u0113ts un pionieris<\/p>\n<p>P\u0113c karjeras beig\u0101m 2006. gad\u0101 Kestenholcs turpin\u0101ja akt\u012bvu dz\u012bvi k\u0101 profesion\u0101ls \u0101ra sporta veidu entuziasts. Vi\u0146\u0161 bija paz\u012bstams k\u0101 fr\u012bdaina, speedridera, parapl\u0101nsprid\u0113t\u0101ja, p\u016b\u0137bur\u0101t\u0101ja, izplet\u0146l\u0113c\u0113ja, s\u0113rfot\u0101ja un kalnu rite\u0146brauc\u0113ja. Vi\u0146\u0161 tiek uzskat\u012bts par vienu no snovborda sporta pionieriem, kur\u0161 devis iev\u0113rojamu ieguld\u012bjumu t\u0101 att\u012bst\u012bb\u0101 un populariz\u0113\u0161an\u0101.<\/p>\n<p>No\u017e\u0113la un piemi\u0146a<\/p>\n<p>Swiss-Ski un visa snovborda kopiena pau\u017e dzi\u013cu no\u017e\u0113lu par zaud\u0113jumu. &#8220;M\u016bsu dz\u012bves bija p\u0101r\u0101k \u012bsas,&#8221; teikts feder\u0101cijas pazi\u0146ojum\u0101, izsakot l\u012bdzj\u016bt\u012bbu Kestenholca \u0123imenei un tuviniekiem. Kestenholcs bija 50 gadus vecs, dzimis 1975. gada 10. maij\u0101.<\/p>\n","protected":false},"excerpt":{"rendered":"S\u0113ru v\u0113sts snovborda kopienai \u0160veices Sl\u0113po\u0161anas feder\u0101cija (Swiss-Ski) otrdien, 13. janv\u0101r\u012b, apstiprin\u0101jusi sirdi ploso\u0161o zi\u0146u par snovborda pioniera&hellip;\n","protected":false},"author":2,"featured_media":104844,"comment_status":"","ping_status":"","sticky":false,"template":"","format":"standard","meta":{"footnotes":""},"categories":[17],"tags":[35,39,38,36,37,34,25172,40,296,25173,24925,67,25171],"class_list":{"0":"post-104843","1":"post","2":"type-post","3":"status-publish","4":"format-standard","5":"has-post-thumbnail","7":"category-sports","8":"tag-latvia","9":"tag-latvian","10":"tag-latviesu","11":"tag-latviesu-valoda","12":"tag-latviesuvaloda","13":"tag-latvija","14":"tag-lavina","15":"tag-lv","16":"tag-nave","17":"tag-olimpietis","18":"tag-snovbords","19":"tag-sports","20":"tag-ueli-kestenholcs"},"share_on_mastodon":{"url":"https:\/\/pubeurope.com\/@lv\/115895733036274726","error":""},"_links":{"self":[{"href":"https:\/\/www.europesays.com\/lv\/wp-json\/wp\/v2\/posts\/104843","targetHints":{"allow":["GET"]}}],"collection":[{"href":"https:\/\/www.europesays.com\/lv\/wp-json\/wp\/v2\/posts"}],"about":[{"href":"https:\/\/www.europesays.com\/lv\/wp-json\/wp\/v2\/types\/post"}],"author":[{"embeddable":true,"href":"https:\/\/www.europesays.com\/lv\/wp-json\/wp\/v2\/users\/2"}],"replies":[{"embeddable":true,"href":"https:\/\/www.europesays.com\/lv\/wp-json\/wp\/v2\/comments?post=104843"}],"version-history":[{"count":0,"href":"https:\/\/www.europesays.com\/lv\/wp-json\/wp\/v2\/posts\/104843\/revisions"}],"wp:featuredmedia":[{"embeddable":true,"href":"https:\/\/www.europesays.com\/lv\/wp-json\/wp\/v2\/media\/104844"}],"wp:attachment":[{"href":"https:\/\/www.europesays.com\/lv\/wp-json\/wp\/v2\/media?parent=104843"}],"wp:term":[{"taxonomy":"category","embeddable":true,"href":"https:\/\/www.europesays.com\/lv\/wp-json\/wp\/v2\/categories?post=104843"},{"taxonomy":"post_tag","embeddable":true,"href":"https:\/\/www.europesays.com\/lv\/wp-json\/wp\/v2\/tags?post=104843"}],"curies":[{"name":"wp","href":"https:\/\/api.w.org\/{rel}","templated":true}]}}