{"id":104846,"date":"2026-01-14T22:10:11","date_gmt":"2026-01-14T22:10:11","guid":{"rendered":"https:\/\/www.europesays.com\/lv\/104846\/"},"modified":"2026-01-14T22:10:11","modified_gmt":"2026-01-14T22:10:11","slug":"skatuvei-tuvakas-sedvietas-un-atlaides-nacionalais-teatris-veicinas-teatra-apmeklejumu-senioru-vidu-lsm","status":"publish","type":"post","link":"https:\/\/www.europesays.com\/lv\/104846\/","title":{"rendered":"Skatuvei tuv\u0101kas s\u0113dvietas un atlaides: Nacion\u0101lais te\u0101tris veicin\u0101s te\u0101tra apmekl\u0113jumu senioru vid\u016b &#8211; LSM"},"content":{"rendered":"<ol>\n<li><a href=\"https:\/\/news.google.com\/rss\/articles\/CBMi_gFBVV95cUxPYzVnWDZ4VWdtMFp5b3RHenZiblZ5TXF3b3YtcGEwbFpaUWtwZHM1dmMyRmlFeWcwM0hMV2lVV0ZoeUEyQmNWOTl4MG5Ed3JLVkZ5amxERm9WLWw1Sm9NOUpBVTBsZUxrSlhOOEVCOUlSaFk1ekZJZ0VNbFctaUZOLTI4UDV5b05mVUd3eDhzY0hTMWFEMXEwSkQtT2ZtYTJibGVXVXp2QWpTU0Q5LVV6c19fLVA2Zm43WDNGNXh3eG9wbEVtbjAzdE43dEZqMkJWRzF6SFFQN2lGZnV2SS10SHMwY2ZEdS1XdnpUVUdHSTYxcVBSS1lGbW1UQm5CQQ?oc=5\" target=\"_blank\" rel=\"nofollow noopener\">Skatuvei tuv\u0101kas s\u0113dvietas un atlaides: Nacion\u0101lais te\u0101tris veicin\u0101s te\u0101tra apmekl\u0113jumu senioru vid\u016b<\/a>&nbsp;&nbsp;LSM<\/li>\n<li><a href=\"https:\/\/news.google.com\/rss\/articles\/CBMi3gFBVV95cUxPMDRqazZ5cUo1UF9hQzh6WnJzeTdEUDN4eDZZaGk3OUc3UzBWWnVLWWo3UHBobzN1d2pYM3h4ckp5NVlReGZyb1d3cWNuQm9CRjY1OGFfSkdKWXJ4eEZJRzBUNlhpU0UxZTNIdk80cmk0dmJKQ3VXNDhSMFFrRFNuTGYwaW5UVlY0eXllNzZRaWpOeDRKWjZjTXhCdHk2TUJfZGR4TjBwMnVRQVhZemxySVFUZTBBa0tQSVE2R3JEQmQyV3AwaWpfME81ejZLdnA4VzFuTmdYUUhOR041TXc?oc=5\" target=\"_blank\" rel=\"nofollow noopener\">Seniori k\u016btri uz kult\u016bras baud\u012b\u0161anu; kopiena aicina dom\u0101t par \u201csenioru somu\u201d ar atlaid\u0113m un \u012bpa\u0161aj\u0101m dien\u0101m<\/a>&nbsp;&nbsp;tv3.lv<\/li>\n<li><a href=\"https:\/\/news.google.com\/rss\/articles\/CBMixAFBVV95cUxPczZkLUo3Vl9fdVFlNTNCUk5pU1BvVnp0ZXFCV3lyT3FvRGw4QWZoWnVHMTVnR244OEFCenFsV2QxUk9XbzFXTDhyd0xFQzQxRmRWLUkwSGY4RTFXMmIzSHRwdjdkaXl4SXN2Mk1JcDV0SzZzb3hiYkRHRk1XdW5TWEItTE5TQlk2c0t4TzBNdTNITmlORDZLVmI1U2JTYTZvNUdvMUVzeVYxcnh3SzJyd3ZDaDRlVUJoLWxSQlJsODVmeklO?oc=5\" target=\"_blank\" rel=\"nofollow noopener\">Seniori k\u016btri iesaist\u0101s kult\u016bras baud\u012b\u0161an\u0101; Nacion\u0101lais te\u0101tris mekl\u0113 risin\u0101jumus<\/a>&nbsp;&nbsp;Lente.lv<\/li>\n<li><a href=\"https:\/\/news.google.com\/rss\/articles\/CBMiqAFBVV95cUxPUzZ5bkpoTkNkODVTNElCQjZIV09yQXZsOHZmNEJNSlpjUk1wYkNHSzVJMG5LSUhqNWhIQlp0eHg2YzdUM3M0ZkhGdjh2dkg5ek5sSnFZZ0F4eDdjQU56SkQ4ZVVCZFl2c3hkYkg2am54SmtDUkhiV3VQTjYwRTM3TzJHbG1fa194dDc4Vl80M3FZaF83ZWNiS3ZXUUdfLTNUMzJ0MmdmMGY?oc=5\" target=\"_blank\" rel=\"nofollow noopener\">Nacion\u0101lais te\u0101tris veicin\u0101s te\u0101tra apmekl\u0113jumu senioru vid\u016b<\/a>&nbsp;&nbsp;Latvijas Radio 1<\/li>\n<\/ol>\n","protected":false},"excerpt":{"rendered":"Skatuvei tuv\u0101kas s\u0113dvietas un atlaides: Nacion\u0101lais te\u0101tris veicin\u0101s te\u0101tra apmekl\u0113jumu senioru vid\u016b&nbsp;&nbsp;LSM Seniori k\u016btri uz kult\u016bras baud\u012b\u0161anu; kopiena&hellip;\n","protected":false},"author":2,"featured_media":97074,"comment_status":"","ping_status":"","sticky":false,"template":"","format":"standard","meta":{"footnotes":""},"categories":[12],"tags":[23,28,29,32,33,22,30,31,35,39,38,36,37,34,40,20,26,27,24,25,21],"class_list":{"0":"post-104846","1":"post","2":"type-post","3":"status-publish","4":"format-standard","5":"has-post-thumbnail","7":"category-latvija","8":"tag-aktualitates","9":"tag-breaking-news","10":"tag-breakingnews","11":"tag-featured-news","12":"tag-featurednews","13":"tag-headlines","14":"tag-latest-news","15":"tag-latestnews","16":"tag-latvia","17":"tag-latvian","18":"tag-latviesu","19":"tag-latviesu-valoda","20":"tag-latviesuvaloda","21":"tag-latvija","22":"tag-lv","23":"tag-news","24":"tag-popularakas-zinas","25":"tag-popularakaszinas","26":"tag-top-stories","27":"tag-topstories","28":"tag-zinas"},"share_on_mastodon":{"url":"https:\/\/pubeurope.com\/@lv\/115895744915845681","error":""},"_links":{"self":[{"href":"https:\/\/www.europesays.com\/lv\/wp-json\/wp\/v2\/posts\/104846","targetHints":{"allow":["GET"]}}],"collection":[{"href":"https:\/\/www.europesays.com\/lv\/wp-json\/wp\/v2\/posts"}],"about":[{"href":"https:\/\/www.europesays.com\/lv\/wp-json\/wp\/v2\/types\/post"}],"author":[{"embeddable":true,"href":"https:\/\/www.europesays.com\/lv\/wp-json\/wp\/v2\/users\/2"}],"replies":[{"embeddable":true,"href":"https:\/\/www.europesays.com\/lv\/wp-json\/wp\/v2\/comments?post=104846"}],"version-history":[{"count":0,"href":"https:\/\/www.europesays.com\/lv\/wp-json\/wp\/v2\/posts\/104846\/revisions"}],"wp:featuredmedia":[{"embeddable":true,"href":"https:\/\/www.europesays.com\/lv\/wp-json\/wp\/v2\/media\/97074"}],"wp:attachment":[{"href":"https:\/\/www.europesays.com\/lv\/wp-json\/wp\/v2\/media?parent=104846"}],"wp:term":[{"taxonomy":"category","embeddable":true,"href":"https:\/\/www.europesays.com\/lv\/wp-json\/wp\/v2\/categories?post=104846"},{"taxonomy":"post_tag","embeddable":true,"href":"https:\/\/www.europesays.com\/lv\/wp-json\/wp\/v2\/tags?post=104846"}],"curies":[{"name":"wp","href":"https:\/\/api.w.org\/{rel}","templated":true}]}}