{"id":104854,"date":"2026-01-14T22:16:04","date_gmt":"2026-01-14T22:16:04","guid":{"rendered":"https:\/\/www.europesays.com\/lv\/104854\/"},"modified":"2026-01-14T22:16:04","modified_gmt":"2026-01-14T22:16:04","slug":"tresdiena-14-janvaris-pl-1600-lr1-latvijas-radio","status":"publish","type":"post","link":"https:\/\/www.europesays.com\/lv\/104854\/","title":{"rendered":"Tre\u0161diena, 14. janv\u0101ris, pl. 16:00 \/ LR1 \/ \/ Latvijas Radio"},"content":{"rendered":"<p><a href=\"https:\/\/mapp.latvijasradio.lv\/shared-broadcast?b=232&amp;url=http:\/\/latvijasradio.lsm.lv\/lv\/lr1\/raidijumi\/dienas-zinas\/\" target=\"_blank\" rel=\"nofollow noopener\"><img decoding=\"async\" alt=\"Latvijas radio lietotnes logo\" src=\"https:\/\/www.europesays.com\/lv\/wp-content\/uploads\/2026\/01\/1768428964_964_LR_pod poga.png\" style=\"width: 140px; height: 38px;\"\/><\/a><\/p>\n<p>Eiropas Komisija iepaz\u012bstina ar 90 miljardu eiro aizdevuma Ukrainai\u00a0nosac\u012bjumiem.<\/p>\n<p>L\u012bdz ar liel\u0101ku salu pieaug nakts patversmju apmekl\u0113t\u0101ju skaits.<\/p>\n<p>Latvijas \u010dempioni hokej\u0101 \u201cMogo\u201d\/RSU \u0161ovakar aizvad\u012bs pirmo sp\u0113li Kontinent\u0101l\u0101 kausa fin\u0101lturn\u012br\u0101.<\/p>\n<p>14. janv\u0101r\u012b Valsts aizsardz\u012bbas dienest\u0101 s\u0101ka dien\u0113t \u0161\u012b gada pirmais iesaukums. No vair\u0101k nek\u0101 100 jaunie\u0161iem liel\u0101ka da\u013ca pieteic\u0101s tam br\u012bvpr\u0101t\u012bgi.<\/p>\n<p>Nosaukti Liel\u0101s m\u016bzikas balvas nominanti un M\u016b\u017ea balvas ieguv\u0113ji.<\/p>\n<p>Da\u013cai Latvijas mediju nav pietiekami laba izpratne par personu ar da\u017e\u0101da veida funkcion\u0101liem trauc\u0113jumiem specifiskaj\u0101m vajadz\u012bb\u0101m.<\/p>\n<p>Ieteikt<\/p>\n<p>    Latvijas Radio aicina izteikt savu viedokli par raid\u012bjum\u0101 dzird\u0113to un atbalsta diskusijas klaus\u012bt\u0101ju starp\u0101, tom\u0113r patur ties\u012bbas dz\u0113st koment\u0101rus, kas p\u0101rk\u0101pj cie\u0146pilnas attieksmes un \u0113tiskas r\u012bc\u012bbas robe\u017eas.<a name=\"comments\"\/><\/p>\n","protected":false},"excerpt":{"rendered":"Eiropas Komisija iepaz\u012bstina ar 90 miljardu eiro aizdevuma Ukrainai\u00a0nosac\u012bjumiem. L\u012bdz ar liel\u0101ku salu pieaug nakts patversmju apmekl\u0113t\u0101ju skaits.&hellip;\n","protected":false},"author":2,"featured_media":69439,"comment_status":"","ping_status":"","sticky":false,"template":"","format":"standard","meta":{"footnotes":""},"categories":[12],"tags":[23,28,29,32,33,22,30,31,35,39,38,36,37,34,40,20,26,27,24,25,21],"class_list":{"0":"post-104854","1":"post","2":"type-post","3":"status-publish","4":"format-standard","5":"has-post-thumbnail","7":"category-latvija","8":"tag-aktualitates","9":"tag-breaking-news","10":"tag-breakingnews","11":"tag-featured-news","12":"tag-featurednews","13":"tag-headlines","14":"tag-latest-news","15":"tag-latestnews","16":"tag-latvia","17":"tag-latvian","18":"tag-latviesu","19":"tag-latviesu-valoda","20":"tag-latviesuvaloda","21":"tag-latvija","22":"tag-lv","23":"tag-news","24":"tag-popularakas-zinas","25":"tag-popularakaszinas","26":"tag-top-stories","27":"tag-topstories","28":"tag-zinas"},"share_on_mastodon":{"url":"https:\/\/pubeurope.com\/@lv\/115895768454068851","error":""},"_links":{"self":[{"href":"https:\/\/www.europesays.com\/lv\/wp-json\/wp\/v2\/posts\/104854","targetHints":{"allow":["GET"]}}],"collection":[{"href":"https:\/\/www.europesays.com\/lv\/wp-json\/wp\/v2\/posts"}],"about":[{"href":"https:\/\/www.europesays.com\/lv\/wp-json\/wp\/v2\/types\/post"}],"author":[{"embeddable":true,"href":"https:\/\/www.europesays.com\/lv\/wp-json\/wp\/v2\/users\/2"}],"replies":[{"embeddable":true,"href":"https:\/\/www.europesays.com\/lv\/wp-json\/wp\/v2\/comments?post=104854"}],"version-history":[{"count":0,"href":"https:\/\/www.europesays.com\/lv\/wp-json\/wp\/v2\/posts\/104854\/revisions"}],"wp:featuredmedia":[{"embeddable":true,"href":"https:\/\/www.europesays.com\/lv\/wp-json\/wp\/v2\/media\/69439"}],"wp:attachment":[{"href":"https:\/\/www.europesays.com\/lv\/wp-json\/wp\/v2\/media?parent=104854"}],"wp:term":[{"taxonomy":"category","embeddable":true,"href":"https:\/\/www.europesays.com\/lv\/wp-json\/wp\/v2\/categories?post=104854"},{"taxonomy":"post_tag","embeddable":true,"href":"https:\/\/www.europesays.com\/lv\/wp-json\/wp\/v2\/tags?post=104854"}],"curies":[{"name":"wp","href":"https:\/\/api.w.org\/{rel}","templated":true}]}}