{"id":104855,"date":"2026-01-14T22:17:18","date_gmt":"2026-01-14T22:17:18","guid":{"rendered":"https:\/\/www.europesays.com\/lv\/104855\/"},"modified":"2026-01-14T22:17:18","modified_gmt":"2026-01-14T22:17:18","slug":"veclaicigais-pulkstenis-joprojam-tiksk-alla-pugacova-jubileja-godina-maestro-ar-simbolisku-vestijumu-1188-lv","status":"publish","type":"post","link":"https:\/\/www.europesays.com\/lv\/104855\/","title":{"rendered":"&quot;Veclaic\u012bgais pulkstenis joproj\u0101m tik\u0161\u0137!&quot; Alla Puga\u010dova jubilej\u0101 godina maestro ar simbolisku v\u0113st\u012bjumu &#8211; 1188.lv"},"content":{"rendered":"<ol>\n<li><a href=\"https:\/\/news.google.com\/rss\/articles\/CBMizwFBVV95cUxOMzNEV3BRaXhlZjZ5N25sZ3FWRjd4ZEdZT1ZiNDlyVFhWMGhEcUs2ZFhoQlk4WVBtaHBCaWpUZGxDR2prTVZhc09ob3NwUllGREh2ZkE1YW53X1ptckdKTURBV0cyQ0YzODlQX0sxZ3NXUnkzZERESXBnaXFhQmxKcUlLU1pfWmc1amsxX015elVXa0trQTdUVHo2RjZGUnQ1X0Z5TGo0VElhTHdxNDJLc1pKdWtFTU4wcHg5U3ozcjZwd3oxVi1LcW5OX2toblU?oc=5\" target=\"_blank\" rel=\"nofollow noopener\">&#8220;Veclaic\u012bgais pulkstenis joproj\u0101m tik\u0161\u0137!&#8221; Alla Puga\u010dova jubilej\u0101 godina maestro ar simbolisku v\u0113st\u012bjumu<\/a>&nbsp;&nbsp;1188.lv<\/li>\n<li><a href=\"https:\/\/news.google.com\/rss\/articles\/CBMizAFBVV95cUxNWmN5eHFvU3ZuOGdyOW5FZEV6NW5LQl9FMVFDMnFqdmEzV0JacEdGLVJJTlYxdkhXdHVuZjB5MS1zdDJXWV9yT3JtTU9feWEwMzhFSHRDaTg5Q1pfbm40YmJRbjV4VnFnY2JvMm54SzRpaHd3eVdFbzRiS3dqRHJTd3hPdVpCQWdxXzRmaG8zM1lybVVKSVNWa3dZQkJHcWpJbTBBRjJYQXhPSlQ1TFNkUHJvSTZzZzA3dVN3eE53UXZsczhmcWljQ0pnOVo?oc=5\" target=\"_blank\" rel=\"nofollow noopener\">Slapj\u0161 uzvalk\u0101, bailes no Porzi\u0146\u0123a un brauciens uz krematoriju \u2013 Raimonda Paula joku izlase, kas sasm\u012bdina l\u012bdz asar\u0101m<\/a>&nbsp;&nbsp;LA.LV<\/li>\n<li><a href=\"https:\/\/news.google.com\/rss\/articles\/CBMiwAFBVV95cUxNWnlQV0tMcUJqVF9rNldUMXh4NzFETmlmSG8wVGNrODlOUEtsV3dIMzR2VmhIU2FMcVZWdXZJZ3dMRk5IZWpaX2p5NERjTHhPd21Ba0xseGJpeDg2TGpwT2xaWXdUY1lfNW96VlcxeDhDOVpfaVJkcU84MXBsTzVYdDZTaVhkdENiMmpBeGwyTEhqekY1VUlmVEc1NXV1cUY2aTVON0cwWVZqN0VSTmtTMWR0UlVQV3JoVEYtWW1DTGQ?oc=5\" target=\"_blank\" rel=\"nofollow noopener\">FOTO: Pasternaka, Lap\u010denoks, Vilc\u0101ne, Busulis un citi l\u012bksmo Maestro 90. jubilej\u0101<\/a>&nbsp;&nbsp;Santa.lv<\/li>\n<li><a href=\"https:\/\/news.google.com\/rss\/articles\/CBMioAFBVV95cUxPSzN3YUlKX2FTZHRWWWJuSDBHZVhPc2xLaWpiSm5PbEFWbG5wemhadmJTNVVUcUNTUkdyTjJTOG5vbzBrYllYNUpMU0VwNmNZbGgzNmdSSmc3RGg2dlc0TndjVXBCTVl4S013UEhLQlp2Y3hiREdXMS1JXzVSZmpGMGJ3SDdlZXhCem1OMVV1MGlNZU1uTjEwSnVhS1cySnRI?oc=5\" target=\"_blank\" rel=\"nofollow noopener\">B\u016bt par Raimondu Paulu. Dokument\u0101la filma \/ Maestro Raimonds Pauls un vi\u0146a m\u016bzika \/ Izlases<\/a>&nbsp;&nbsp;REplay.lv<\/li>\n<li><a href=\"https:\/\/news.google.com\/rss\/articles\/CBMijAFBVV95cUxQSmIzSEdwc2dSaEotdEptNXluQ3dqR0t2dkVmR3RJRk9kVU9rcTVEeEVTeEhWMWdBcVF3RGpfRjE3cVdSNEJzUDRDZGd2cXE1WWFNNWR1WExabXdSRFRmWjdhVGNiUEhHNTdZNzBNZUw3cTB0UXk3SDllb2dTZjZDbGFzYWUwZ0Q3Z1phTg?oc=5\" target=\"_blank\" rel=\"nofollow noopener\">VIDEO \u27e9 NMPD sveiciens Maestro k\u013c\u016bst par interneta hitu<\/a>&nbsp;&nbsp;Sejas.lv<\/li>\n<\/ol>\n","protected":false},"excerpt":{"rendered":"&#8220;Veclaic\u012bgais pulkstenis joproj\u0101m tik\u0161\u0137!&#8221; Alla Puga\u010dova jubilej\u0101 godina maestro ar simbolisku v\u0113st\u012bjumu&nbsp;&nbsp;1188.lv Slapj\u0161 uzvalk\u0101, bailes no Porzi\u0146\u0123a un&hellip;\n","protected":false},"author":2,"featured_media":104856,"comment_status":"","ping_status":"","sticky":false,"template":"","format":"standard","meta":{"footnotes":""},"categories":[5],"tags":[129,25174,25177,10611,11016,2239,7342,23,28,29,32,33,22,30,31,35,39,38,36,37,34,40,20,26,27,11017,25178,25175,2240,10612,7343,11018,25179,25176,2241,10613,7344,24,25,21],"class_list":{"0":"post-104855","1":"post","2":"type-post","3":"status-publish","4":"format-standard","5":"has-post-thumbnail","7":"category-aktualitates","8":"tag-__typenameadvicekeyword","9":"tag-id1296","10":"tag-id1297","11":"tag-id481","12":"tag-id865","13":"tag-id93","14":"tag-id943","15":"tag-aktualitates","16":"tag-breaking-news","17":"tag-breakingnews","18":"tag-featured-news","19":"tag-featurednews","20":"tag-headlines","21":"tag-latest-news","22":"tag-latestnews","23":"tag-latvia","24":"tag-latvian","25":"tag-latviesu","26":"tag-latviesu-valoda","27":"tag-latviesuvaloda","28":"tag-latvija","29":"tag-lv","30":"tag-news","31":"tag-popularakas-zinas","32":"tag-popularakaszinas","33":"tag-slugalla-pugacova","34":"tag-slugdzimsanas-diena","35":"tag-slugjubileja","36":"tag-slugmusic","37":"tag-slugraimonds-pauls","38":"tag-slugsvetki","39":"tag-titlealla-pugacova","40":"tag-titledzimsanas-diena","41":"tag-titlejubileja","42":"tag-titlemusic","43":"tag-titleraimonds-pauls","44":"tag-titlesvetki","45":"tag-top-stories","46":"tag-topstories","47":"tag-zinas"},"share_on_mastodon":{"url":"","error":"Validation failed: Text character limit of 500 exceeded"},"_links":{"self":[{"href":"https:\/\/www.europesays.com\/lv\/wp-json\/wp\/v2\/posts\/104855","targetHints":{"allow":["GET"]}}],"collection":[{"href":"https:\/\/www.europesays.com\/lv\/wp-json\/wp\/v2\/posts"}],"about":[{"href":"https:\/\/www.europesays.com\/lv\/wp-json\/wp\/v2\/types\/post"}],"author":[{"embeddable":true,"href":"https:\/\/www.europesays.com\/lv\/wp-json\/wp\/v2\/users\/2"}],"replies":[{"embeddable":true,"href":"https:\/\/www.europesays.com\/lv\/wp-json\/wp\/v2\/comments?post=104855"}],"version-history":[{"count":0,"href":"https:\/\/www.europesays.com\/lv\/wp-json\/wp\/v2\/posts\/104855\/revisions"}],"wp:featuredmedia":[{"embeddable":true,"href":"https:\/\/www.europesays.com\/lv\/wp-json\/wp\/v2\/media\/104856"}],"wp:attachment":[{"href":"https:\/\/www.europesays.com\/lv\/wp-json\/wp\/v2\/media?parent=104855"}],"wp:term":[{"taxonomy":"category","embeddable":true,"href":"https:\/\/www.europesays.com\/lv\/wp-json\/wp\/v2\/categories?post=104855"},{"taxonomy":"post_tag","embeddable":true,"href":"https:\/\/www.europesays.com\/lv\/wp-json\/wp\/v2\/tags?post=104855"}],"curies":[{"name":"wp","href":"https:\/\/api.w.org\/{rel}","templated":true}]}}