{"id":104859,"date":"2026-01-14T22:19:12","date_gmt":"2026-01-14T22:19:12","guid":{"rendered":"https:\/\/www.europesays.com\/lv\/104859\/"},"modified":"2026-01-14T22:19:12","modified_gmt":"2026-01-14T22:19:12","slug":"pedeja-gaita-izvadits-norvegu-biatlonists-siverts-gutorms-bakens","status":"publish","type":"post","link":"https:\/\/www.europesays.com\/lv\/104859\/","title":{"rendered":"P\u0113d\u0113j\u0101 gait\u0101 izvad\u012bts norv\u0113\u0123u biatlonists S\u012bverts Gutorms Bakens"},"content":{"rendered":"<p>&#8220;M\u0113s to nekad neaizmirs\u012bsim, bet iem\u0101c\u012bsimies ar to sadz\u012bvot, jo atmi\u0146as ir tikai pozit\u012bvas,&#8221; vi\u0146\u0161 uzsv\u0113ra, piebilstot, ka vissmag\u0101kais ir palikt vienatn\u0113 ar s\u0113r\u0101m. &#8220;Svar\u012bgi ir b\u016bt kop\u0101, apskauties, lai dotu viens otram sp\u0113ku.&#8221;<\/p>\n<p>Norv\u0113\u0123ijas Biatlona feder\u0101cijas \u0123ener\u0101lsekret\u0101re Em\u012blija Norskara pirms ceremonijas nor\u0101d\u012bja, ka \u0161\u012b diena bijusi \u013coti smaga visiem kl\u0101teso\u0161ajiem.<br \/>&#8220;M\u0113s zaud\u0113j\u0101m komandas biedru, kur\u0161 padar\u012bja m\u016bs visus lab\u0101kus. \u0160\u012bs ir biju\u0161as smag\u0101k\u0101s tr\u012bs ned\u0113\u013cas man\u0101 profesion\u0101laj\u0101 dz\u012bv\u0113,&#8221; vi\u0146a atzina.<\/p>\n<p>Feder\u0101cijas sporta direktors P\u0113rs Arne Botnans, kur\u0161 ar Bakenu str\u0101d\u0101ja jau kop\u0161 Jaunatnes olimpiskaj\u0101m sp\u0113l\u0113m, k\u0101 vienu no iespaid\u012bg\u0101kajiem sportista sasniegumiem izc\u0113la vi\u0146a atgrie\u0161anos elit\u0113 p\u0113c nopietn\u0101m vesel\u012bbas probl\u0113m\u0101m.<\/p>\n<p>P\u0113c veiksm\u012bg\u0101s 2021.\/2022. gada sezonas Bakens bija spiests p\u0101rtraukt karjeru sirds probl\u0113mu d\u0113\u013c, ta\u010du atgriez\u0101s Pasaules kausa aprit\u0113.<\/p>\n<p>Norv\u0113\u0123ijas izlases l\u012bderis <a href=\"https:\/\/sports.tvnet.lv\/term\/827126\/sturla-holms-legreids\" class=\"topicLink\" target=\"_blank\" rel=\"nofollow noopener\">Sturla Holms L\u0113greids<\/a> uzsv\u0113ra, ka piedal\u012bjies b\u0113r\u0113s ne tikai Bakena d\u0113\u013c, bet ar\u012b, lai atbalst\u012btu vi\u0146a \u0123imeni un komandas biedrus.<\/p>\n<blockquote class=\"quote ck-widget\" contenteditable=\"false\">\n<p>&#8220;Es redz\u0113ju vi\u0146a c\u012b\u0146u un atgrie\u0161anos p\u0113c slim\u012bbas. S\u012bverts nekad nepadev\u0101s. Vi\u0146a st\u0101sts ir iedvesmojo\u0161s,&#8221; sac\u012bja L\u0113greids.<\/p>\n<\/blockquote>\n<p>Bakena mirst\u012bg\u0101s atliekas treni\u0146nometn\u0113 It\u0101lij\u0101 viesn\u012bcas numur\u0101 atrada Juhans \u016alavs Botns, kur\u0161 atzina, ka notiku\u0161ais bijis \u0161oks visai komandai.<\/p>\n<p>Bakena \u0123imene pazi\u0146ojusi par piemi\u0146as fonda izveidi. &#8220;Sirsn\u012bgs paldies par atbalstu, l\u012bdzj\u016bt\u012bbu, ziediem un vis\u0101m labaj\u0101m dom\u0101m \u0161aj\u0101 neizm\u0113rojami s\u0101p\u012bgaj\u0101 laik\u0101,&#8221; teikts \u0123imenes pazi\u0146ojum\u0101.<\/p>\n<p>Sportista n\u0101ves c\u0113lonis joproj\u0101m nav zin\u0101ms. It\u0101lijas varasiest\u0101des nor\u0101d\u012bju\u0161as, ka tiesu medic\u012bnisk\u0101 ekspert\u012bze var\u0113tu tikt pabeigta l\u012bdz 7. martam.<\/p>\n","protected":false},"excerpt":{"rendered":"&#8220;M\u0113s to nekad neaizmirs\u012bsim, bet iem\u0101c\u012bsimies ar to sadz\u012bvot, jo atmi\u0146as ir tikai pozit\u012bvas,&#8221; vi\u0146\u0161 uzsv\u0113ra, piebilstot, ka&hellip;\n","protected":false},"author":2,"featured_media":104860,"comment_status":"","ping_status":"","sticky":false,"template":"","format":"standard","meta":{"footnotes":""},"categories":[17],"tags":[1499,35,39,38,36,37,34,40,25180,67,17636,25181],"class_list":{"0":"post-104859","1":"post","2":"type-post","3":"status-publish","4":"format-standard","5":"has-post-thumbnail","7":"category-sports","8":"tag-biatlons","9":"tag-latvia","10":"tag-latvian","11":"tag-latviesu","12":"tag-latviesu-valoda","13":"tag-latviesuvaloda","14":"tag-latvija","15":"tag-lv","16":"tag-siverts-gutors-bakens","17":"tag-sports","18":"tag-sturla-holms-legreids","19":"tag-vetle-sostads-kristiansens"},"share_on_mastodon":{"url":"https:\/\/pubeurope.com\/@lv\/115895780167204497","error":""},"_links":{"self":[{"href":"https:\/\/www.europesays.com\/lv\/wp-json\/wp\/v2\/posts\/104859","targetHints":{"allow":["GET"]}}],"collection":[{"href":"https:\/\/www.europesays.com\/lv\/wp-json\/wp\/v2\/posts"}],"about":[{"href":"https:\/\/www.europesays.com\/lv\/wp-json\/wp\/v2\/types\/post"}],"author":[{"embeddable":true,"href":"https:\/\/www.europesays.com\/lv\/wp-json\/wp\/v2\/users\/2"}],"replies":[{"embeddable":true,"href":"https:\/\/www.europesays.com\/lv\/wp-json\/wp\/v2\/comments?post=104859"}],"version-history":[{"count":0,"href":"https:\/\/www.europesays.com\/lv\/wp-json\/wp\/v2\/posts\/104859\/revisions"}],"wp:featuredmedia":[{"embeddable":true,"href":"https:\/\/www.europesays.com\/lv\/wp-json\/wp\/v2\/media\/104860"}],"wp:attachment":[{"href":"https:\/\/www.europesays.com\/lv\/wp-json\/wp\/v2\/media?parent=104859"}],"wp:term":[{"taxonomy":"category","embeddable":true,"href":"https:\/\/www.europesays.com\/lv\/wp-json\/wp\/v2\/categories?post=104859"},{"taxonomy":"post_tag","embeddable":true,"href":"https:\/\/www.europesays.com\/lv\/wp-json\/wp\/v2\/tags?post=104859"}],"curies":[{"name":"wp","href":"https:\/\/api.w.org\/{rel}","templated":true}]}}