{"id":104861,"date":"2026-01-14T22:24:08","date_gmt":"2026-01-14T22:24:08","guid":{"rendered":"https:\/\/www.europesays.com\/lv\/104861\/"},"modified":"2026-01-14T22:24:08","modified_gmt":"2026-01-14T22:24:08","slug":"24-i-gleznosanas-vakars-canvas-coctails-sigulda","status":"publish","type":"post","link":"https:\/\/www.europesays.com\/lv\/104861\/","title":{"rendered":"24.I Glezno\u0161anas vakars &#8220;Canvas &#038; coctails&#8221; Siguld\u0101"},"content":{"rendered":"<p>24.janv\u0101r\u012b plkst.18.00 b\u0101r\u0101 &#8220;Ez\u012btis migl\u0101&#8221; Siguld\u0101 tiks r\u012bkots glezno\u0161anas vakars &#8220;Canvas &amp; coctails&#8221; br\u012bv\u0101 un nepiespiest\u0101 atmosf\u0113r\u0101 ar dz\u0113rieniem. Glezno\u0161anas procesu vad\u012bs m\u0101ksliniece B.B.Salana, un dal\u012bbniekiem b\u016bs iesp\u0113ja soli pa solim izveidot savu person\u012bgo gleznu. Pas\u0101kuma galvenais uzsvars ir uz prieku un rado\u0161u procesu, nevis m\u0101kslinieciskaj\u0101m prasm\u0113m, t\u0101p\u0113c iepriek\u0161\u0113ja pieredze nav nepiecie\u0161ama.<\/p>\n","protected":false},"excerpt":{"rendered":"24.janv\u0101r\u012b plkst.18.00 b\u0101r\u0101 &#8220;Ez\u012btis migl\u0101&#8221; Siguld\u0101 tiks r\u012bkots glezno\u0161anas vakars &#8220;Canvas &amp; coctails&#8221; br\u012bv\u0101 un nepiespiest\u0101 atmosf\u0113r\u0101 ar&hellip;\n","protected":false},"author":2,"featured_media":104862,"comment_status":"","ping_status":"","sticky":false,"template":"","format":"standard","meta":{"footnotes":""},"categories":[19],"tags":[47,89,90,381,64,35,39,38,36,37,34,40,385,172,382,384,383,21],"class_list":{"0":"post-104861","1":"post","2":"type-post","3":"status-publish","4":"format-standard","5":"has-post-thumbnail","7":"category-izklaide","8":"tag-ekonomika","9":"tag-entertainment","10":"tag-izklaide","11":"tag-jaunumi","12":"tag-kultura","13":"tag-latvia","14":"tag-latvian","15":"tag-latviesu","16":"tag-latviesu-valoda","17":"tag-latviesuvaloda","18":"tag-latvija","19":"tag-lv","20":"tag-pieriga","21":"tag-riga","22":"tag-sabiedriba","23":"tag-sludinajumi","24":"tag-sports-afisa","25":"tag-zinas"},"share_on_mastodon":{"url":"https:\/\/pubeurope.com\/@lv\/115895799805522785","error":""},"_links":{"self":[{"href":"https:\/\/www.europesays.com\/lv\/wp-json\/wp\/v2\/posts\/104861","targetHints":{"allow":["GET"]}}],"collection":[{"href":"https:\/\/www.europesays.com\/lv\/wp-json\/wp\/v2\/posts"}],"about":[{"href":"https:\/\/www.europesays.com\/lv\/wp-json\/wp\/v2\/types\/post"}],"author":[{"embeddable":true,"href":"https:\/\/www.europesays.com\/lv\/wp-json\/wp\/v2\/users\/2"}],"replies":[{"embeddable":true,"href":"https:\/\/www.europesays.com\/lv\/wp-json\/wp\/v2\/comments?post=104861"}],"version-history":[{"count":0,"href":"https:\/\/www.europesays.com\/lv\/wp-json\/wp\/v2\/posts\/104861\/revisions"}],"wp:featuredmedia":[{"embeddable":true,"href":"https:\/\/www.europesays.com\/lv\/wp-json\/wp\/v2\/media\/104862"}],"wp:attachment":[{"href":"https:\/\/www.europesays.com\/lv\/wp-json\/wp\/v2\/media?parent=104861"}],"wp:term":[{"taxonomy":"category","embeddable":true,"href":"https:\/\/www.europesays.com\/lv\/wp-json\/wp\/v2\/categories?post=104861"},{"taxonomy":"post_tag","embeddable":true,"href":"https:\/\/www.europesays.com\/lv\/wp-json\/wp\/v2\/tags?post=104861"}],"curies":[{"name":"wp","href":"https:\/\/api.w.org\/{rel}","templated":true}]}}