{"id":104863,"date":"2026-01-14T22:25:09","date_gmt":"2026-01-14T22:25:09","guid":{"rendered":"https:\/\/www.europesays.com\/lv\/104863\/"},"modified":"2026-01-14T22:25:09","modified_gmt":"2026-01-14T22:25:09","slug":"ventspils-basketbolisti-majas-uzvar-rigas-zellus-ventas-balss","status":"publish","type":"post","link":"https:\/\/www.europesays.com\/lv\/104863\/","title":{"rendered":"&quot;Ventspils&quot; basketbolisti m\u0101j\u0101s uzvar &quot;R\u012bgas ze\u013c\u013cus&quot; &#8211; Ventas Balss"},"content":{"rendered":"<ol>\n<li><a href=\"https:\/\/news.google.com\/rss\/articles\/CBMijgFBVV95cUxORmloMHRjUVVKRUQtT2lsbFFsWFAwWWN0VUc0ak9XdzVQcHd1SGVVM2NqUWhoWENDOFo1MzNxemRMZU1nLXhoczdUVUVCRy1WbW5Yb1h2d1E1dlRLVmxDMm5kWElHR1BTbnN2bU1sMnNRSHRuRXl1dm5IZkN2UUFjam12bVdaSGxELURpdURR?oc=5\" target=\"_blank\" rel=\"nofollow noopener\">&#8220;Ventspils&#8221; basketbolisti m\u0101j\u0101s uzvar &#8220;R\u012bgas ze\u013c\u013cus&#8221;<\/a>&nbsp;&nbsp;Ventas Balss<\/li>\n<li><a href=\"https:\/\/news.google.com\/rss\/articles\/CBMilAFBVV95cUxNSGtQMnpfdmJhZ2Q2WEVpeG9pdDdVbzZXb0VxX3FEYjNVbTdCV3IwWHNkM044UjhPbGFqQzZKVWFqSGxZUkFVMDNrWElBOVlYQTlKWVZvSEplNU9VV0dmWXNMTWhXZWloLWV3ZWpvOXRaMndMRHpDbUl4T2JXSVpIUlBrNE9IYnZPWE9BYlF1UmlfZGlD?oc=5\" target=\"_blank\" rel=\"nofollow noopener\">&#8220;Ventspils&#8221; ka\u0161\u0137\u012bg\u0101 sp\u0113les galotn\u0113 tiek pie uzvaras p\u0101r &#8220;R\u012bgas Ze\u013c\u013ciem&#8221; \u2013 Basketbols<\/a>&nbsp;&nbsp;Sportacentrs.com<\/li>\n<li><a href=\"https:\/\/news.google.com\/rss\/articles\/CBMi2gFBVV95cUxOMXJzTDBxTXZJc1JKUVBuTTAtY3I4SE9NalZzOV9YZ3k5NVF3R3QtVjZYTWpLUXMtQnpaY09wR1BSOWxxOU5UUzFLNnpHRkExay1pTzJ3ZGxQaENUcUtiTEU3V01oa3pHYnNBRDduLWZjZEp6Ti1Yb09Wd3FvVkNYalpRcXRwTGNHUExXU0ZVc3pPSy04Mk9FZE9QeGRqYVNEZWpXdGZWRDJIeHEzWU1hU3k5dElSbGxsaWI0eXNHWTNZMkp5RG5SV2JfZkNhRTJYaG9TN2x4SWh4dw?oc=5\" target=\"_blank\" rel=\"nofollow noopener\">&#8220;Ventspils&#8221; s\u012bv\u0101 c\u012b\u0146\u0101 pieveic &#8220;R\u012bgas Ze\u013c\u013cus&#8221;; valmierie\u0161iem neveiksme starptautisk\u0101 sp\u0113l\u0113<\/a>&nbsp;&nbsp;Delfi<\/li>\n<li><a href=\"https:\/\/news.google.com\/rss\/articles\/CBMiqgFBVV95cUxQWS0yWUZ4R3NFU096MXZobUhwNmlpUUUtM3hYX3lTNm96SnZqbXRVWTFRWGJQTTFRcDRtWVZyaW9KQWpIVzh2aG9GRTlPVXBEX0VZYkpOVmJVUGMxUWczSFhxUm1SRGdVMUFDMWFsZXl4WGVNbUNWRURrNDMyRnZPdmV5cWRCejBPTnFhRmpSNERmcFpaRUQ0UGN0ZmtXWWdZd1pZbjFuS2VyQQ?oc=5\" target=\"_blank\" rel=\"nofollow noopener\">&#8220;Ventspils&#8221; aizsniedzas l\u012bdz simti\u0146am un &#8220;Optibet&#8221; LIBL ma\u010d\u0101 atkal pieveic &#8220;Ze\u013c\u013cus&#8221;<\/a>&nbsp;&nbsp;Sportazinas.com<\/li>\n<li><a href=\"https:\/\/news.google.com\/rss\/articles\/CBMihAFBVV95cUxQM2JCQ0pmZ255T2VkZnNDaFpjbWtqUGF2R0JQcWF1MGNuLU5NOTdORmpmNWR0bTlfTVZDQ3cyN3dwOTRVYUZrUWFwSWhyZVVkT00wTlNETjV3cHEwLW00VE9jLXJQODNiUnRORDJNMkEzWEJvZmRrajRYNmVUXzBER01BTXQ?oc=5\" target=\"_blank\" rel=\"nofollow noopener\">\u0160ovakar sp\u0113le pret &#8220;R\u012bgas ze\u013c\u013ciem&#8221;<\/a>&nbsp;&nbsp;Ventas Balss<\/li>\n<\/ol>\n","protected":false},"excerpt":{"rendered":"&#8220;Ventspils&#8221; basketbolisti m\u0101j\u0101s uzvar &#8220;R\u012bgas ze\u013c\u013cus&#8221;&nbsp;&nbsp;Ventas Balss &#8220;Ventspils&#8221; ka\u0161\u0137\u012bg\u0101 sp\u0113les galotn\u0113 tiek pie uzvaras p\u0101r &#8220;R\u012bgas Ze\u013c\u013ciem&#8221; \u2013&hellip;\n","protected":false},"author":2,"featured_media":104864,"comment_status":"","ping_status":"","sticky":false,"template":"","format":"standard","meta":{"footnotes":""},"categories":[17],"tags":[35,39,38,36,37,34,40,67],"class_list":{"0":"post-104863","1":"post","2":"type-post","3":"status-publish","4":"format-standard","5":"has-post-thumbnail","7":"category-sports","8":"tag-latvia","9":"tag-latvian","10":"tag-latviesu","11":"tag-latviesu-valoda","12":"tag-latviesuvaloda","13":"tag-latvija","14":"tag-lv","15":"tag-sports"},"share_on_mastodon":{"url":"https:\/\/pubeurope.com\/@lv\/115895803742538572","error":""},"_links":{"self":[{"href":"https:\/\/www.europesays.com\/lv\/wp-json\/wp\/v2\/posts\/104863","targetHints":{"allow":["GET"]}}],"collection":[{"href":"https:\/\/www.europesays.com\/lv\/wp-json\/wp\/v2\/posts"}],"about":[{"href":"https:\/\/www.europesays.com\/lv\/wp-json\/wp\/v2\/types\/post"}],"author":[{"embeddable":true,"href":"https:\/\/www.europesays.com\/lv\/wp-json\/wp\/v2\/users\/2"}],"replies":[{"embeddable":true,"href":"https:\/\/www.europesays.com\/lv\/wp-json\/wp\/v2\/comments?post=104863"}],"version-history":[{"count":0,"href":"https:\/\/www.europesays.com\/lv\/wp-json\/wp\/v2\/posts\/104863\/revisions"}],"wp:featuredmedia":[{"embeddable":true,"href":"https:\/\/www.europesays.com\/lv\/wp-json\/wp\/v2\/media\/104864"}],"wp:attachment":[{"href":"https:\/\/www.europesays.com\/lv\/wp-json\/wp\/v2\/media?parent=104863"}],"wp:term":[{"taxonomy":"category","embeddable":true,"href":"https:\/\/www.europesays.com\/lv\/wp-json\/wp\/v2\/categories?post=104863"},{"taxonomy":"post_tag","embeddable":true,"href":"https:\/\/www.europesays.com\/lv\/wp-json\/wp\/v2\/tags?post=104863"}],"curies":[{"name":"wp","href":"https:\/\/api.w.org\/{rel}","templated":true}]}}