{"id":104865,"date":"2026-01-14T22:27:07","date_gmt":"2026-01-14T22:27:07","guid":{"rendered":"https:\/\/www.europesays.com\/lv\/104865\/"},"modified":"2026-01-14T22:27:07","modified_gmt":"2026-01-14T22:27:07","slug":"vacijas-vicekanclers-skarbi-izsakas-par-sibriza-eiropas-un-asv-attiecibam","status":"publish","type":"post","link":"https:\/\/www.europesays.com\/lv\/104865\/","title":{"rendered":"V\u0101cijas vicekanclers skarbi izsak\u0101s par \u0161\u012bbr\u012b\u017ea Eiropas un ASV attiec\u012bb\u0101m"},"content":{"rendered":"<p>&#8220;Transatlantisk\u0101 alianse piedz\u012bvo daudz dzi\u013c\u0101ku satricin\u0101jumu, nek\u0101 m\u0113s l\u012bdz \u0161im, iesp\u0113jams, bij\u0101m gatavi atz\u012bt,&#8221; uzrun\u0101 Berl\u012bn\u0113 nor\u0101d\u012bja Klingbeils. &#8220;Transatlantisk\u0101s attiec\u012bbas, k\u0101das m\u0113s t\u0101s esam pazinu\u0161i, pa\u0161laik sabr\u016bk,&#8221; vi\u0146\u0161 piebilda.<\/p>\n<p>Vicekanclers atzina, ka p\u0113d\u0113j\u0101s dien\u0101s vi\u0146\u0161 par to p\u0101rliecin\u0101jies v\u0113l vair\u0101k. \u0160oned\u0113\u013c vi\u0146\u0161 kop\u0101 ar \u0101rlietu ministru Johanu V\u0101defulu apmekl\u0113ja Va\u0161ingtonu.<\/p>\n<p>Klingbeils p\u0101rst\u0101v soci\u0101ldemokr\u0101tus (SPD), kas veido koal\u012bciju ar kanclera Fr\u012bdriha Merca vad\u012bto konservat\u012bvo bloku, un vi\u0146a izteikumi par transatlantiskaj\u0101m attiec\u012bb\u0101m ir skarb\u0101ki nek\u0101 visi Merca p\u0113d\u0113j\u0101 laika izteikumi.<\/p>\n<p>Vicekanclers uzskait\u012bja virkni iemeslu, kas pamato vi\u0146a p\u0101rliec\u012bbu, ka saites starp <a href=\"https:\/\/www.tvnet.lv\/term\/555410\/asv\" class=\"topicLink\" target=\"_blank\" rel=\"nofollow noopener\">ASV<\/a> un Eiropu, kas tradicion\u0101li biju\u0161as cie\u0161as sabiedrot\u0101s, radik\u0101li main\u0101s.<\/p>\n<p>Lai gan Nikolass Maduro, Venecu\u0113las biju\u0161ais prezidents, kas tika sag\u016bst\u012bts ASV milit\u0101r\u0101s oper\u0101cijas laik\u0101 Karakas\u0101, bija brut\u0101ls diktators, Va\u0161ingtona ar \u0161\u0101du milit\u0101ru r\u012bc\u012bbu p\u0101rk\u0101pusi starptautisko ties\u012bbu principus, nor\u0101d\u012bja Klingbeils. &#8220;Mums nevajadz\u0113tu uzskat\u012bt Venecu\u0113lu par izol\u0113tu gad\u012bjumu,&#8221; vi\u0146\u0161 piebilda, atg\u0101dinot, ka Trampa administr\u0101cija ir izteikusi draudus ar\u012b cit\u0101m Lat\u012b\u0146amerikas valst\u012bm.<\/p>\n<p>Vi\u0146\u0161 ar\u012b min\u0113ja Trampa draudus sagr\u0101bt Grenlandi un vi\u0146a administr\u0101cijas nacion\u0101l\u0101s dro\u0161\u012bbas strat\u0113\u0123iju, kas satur apgalvojumu, ka Eiropai draud civiliz\u0101cijas sabrukums.<\/p>\n<p>&#8220;Pa\u0161laik m\u0113s dz\u012bvojam v\u0113sturisku satricin\u0101jumu laik\u0101 (..), kad visas noteikt\u012bbas, uz ko m\u0113s Eirop\u0101 var\u0113j\u0101m pa\u013cauties, ir pak\u013cautas spiedienam,&#8221; nor\u0101d\u012bja Klingbeils.<\/p>\n<p>Savienot\u0101s Valstis un V\u0101ciju vienoja kop\u012bga interese par br\u012bvu tirdzniec\u012bbu un atv\u0113rtiem tirgiem, atg\u0101din\u0101ja vicekanclers. &#8220;\u0160odien t\u0101 vairs nav. Ta\u010du tas nenoz\u012bm\u0113, ka m\u0113s atsak\u0101mies no br\u012bv\u0101s tirdzniec\u012bbas vai atv\u0113rtiem tirgiem.&#8221;<\/p>\n<p>&#8220;M\u0113s nedr\u012bkstam atteikties no tirdzniec\u012bbas, kas balst\u012bta noteikumos. Mums j\u0101aizst\u0101v \u0161\u012b k\u0101rt\u012bba, ja nepiecie\u0161ams, pat bez m\u016bsu Amerikas partneriem,&#8221; vi\u0146\u0161 uzsv\u0113ra.<\/p>\n","protected":false},"excerpt":{"rendered":"&#8220;Transatlantisk\u0101 alianse piedz\u012bvo daudz dzi\u013c\u0101ku satricin\u0101jumu, nek\u0101 m\u0113s l\u012bdz \u0161im, iesp\u0113jams, bij\u0101m gatavi atz\u012bt,&#8221; uzrun\u0101 Berl\u012bn\u0113 nor\u0101d\u012bja Klingbeils.&hellip;\n","protected":false},"author":2,"featured_media":104866,"comment_status":"","ping_status":"","sticky":false,"template":"","format":"standard","meta":{"footnotes":""},"categories":[14],"tags":[23,57,292,28,29,542,427,514,32,33,22,30,31,35,39,38,36,37,34,40,20,26,27,24,25,299,54,55,56,21,58],"class_list":{"0":"post-104865","1":"post","2":"type-post","3":"status-publish","4":"format-standard","5":"has-post-thumbnail","7":"category-zinas-no-arvalstim","8":"tag-aktualitates","9":"tag-arvalstim","10":"tag-asv","11":"tag-breaking-news","12":"tag-breakingnews","13":"tag-donalds-tramps","14":"tag-eiropa","15":"tag-eiropas-savieniba","16":"tag-featured-news","17":"tag-featurednews","18":"tag-headlines","19":"tag-latest-news","20":"tag-latestnews","21":"tag-latvia","22":"tag-latvian","23":"tag-latviesu","24":"tag-latviesu-valoda","25":"tag-latviesuvaloda","26":"tag-latvija","27":"tag-lv","28":"tag-news","29":"tag-popularakas-zinas","30":"tag-popularakaszinas","31":"tag-top-stories","32":"tag-topstories","33":"tag-vacija","34":"tag-world","35":"tag-world-news","36":"tag-worldnews","37":"tag-zinas","38":"tag-zinas-no-arvalstim"},"share_on_mastodon":{"url":"https:\/\/pubeurope.com\/@lv\/115895811609113633","error":""},"_links":{"self":[{"href":"https:\/\/www.europesays.com\/lv\/wp-json\/wp\/v2\/posts\/104865","targetHints":{"allow":["GET"]}}],"collection":[{"href":"https:\/\/www.europesays.com\/lv\/wp-json\/wp\/v2\/posts"}],"about":[{"href":"https:\/\/www.europesays.com\/lv\/wp-json\/wp\/v2\/types\/post"}],"author":[{"embeddable":true,"href":"https:\/\/www.europesays.com\/lv\/wp-json\/wp\/v2\/users\/2"}],"replies":[{"embeddable":true,"href":"https:\/\/www.europesays.com\/lv\/wp-json\/wp\/v2\/comments?post=104865"}],"version-history":[{"count":0,"href":"https:\/\/www.europesays.com\/lv\/wp-json\/wp\/v2\/posts\/104865\/revisions"}],"wp:featuredmedia":[{"embeddable":true,"href":"https:\/\/www.europesays.com\/lv\/wp-json\/wp\/v2\/media\/104866"}],"wp:attachment":[{"href":"https:\/\/www.europesays.com\/lv\/wp-json\/wp\/v2\/media?parent=104865"}],"wp:term":[{"taxonomy":"category","embeddable":true,"href":"https:\/\/www.europesays.com\/lv\/wp-json\/wp\/v2\/categories?post=104865"},{"taxonomy":"post_tag","embeddable":true,"href":"https:\/\/www.europesays.com\/lv\/wp-json\/wp\/v2\/tags?post=104865"}],"curies":[{"name":"wp","href":"https:\/\/api.w.org\/{rel}","templated":true}]}}