{"id":104883,"date":"2026-01-14T22:57:06","date_gmt":"2026-01-14T22:57:06","guid":{"rendered":"https:\/\/www.europesays.com\/lv\/104883\/"},"modified":"2026-01-14T22:57:06","modified_gmt":"2026-01-14T22:57:06","slug":"75-pasaules-valstim-aptur-asv-imigracijas-vizu-izsniegsanu","status":"publish","type":"post","link":"https:\/\/www.europesays.com\/lv\/104883\/","title":{"rendered":"75 pasaules valst\u012bm aptur ASV imigr\u0101cijas v\u012bzu izsnieg\u0161anu"},"content":{"rendered":"<p class=\"descr\">ASV aptur\u0113ju\u0161as imigr\u0101cijas v\u012bzu izsnieg\u0161anu 75 valstu pilso\u0146iem, tre\u0161dien pazi\u0146ojis Baltais nams.<\/p>\n<p>Savienot\u0101s <a href=\"https:\/\/nra.lv\/birka\/asv\/\" target=\"_blank\" rel=\"noopener nofollow\">Valstis<\/a> jau sen atsaka v\u012bzas cilv\u0113kiem, kam, visticam\u0101k, b\u016btu nepiecie\u0161ama valsts soci\u0101l\u0101 pal\u012bdz\u012bba, bet Valsts departaments pazi\u0146oja, ka tagad izmantos t\u0101s pa\u0161as pilnvaras, lai pla\u0161\u0101k\u0101 m\u0113rog\u0101 aptur\u0113tu v\u012bzu izsnieg\u0161anu, pamatojoties uz imigranta valsts pieder\u012bbu.<\/p>\n<p>&#8220;<a href=\"https:\/\/nra.lv\/birka\/trampa-administracija\/\" target=\"_blank\" rel=\"noopener nofollow\">Trampa administr\u0101cija<\/a> pieliks punktu Amerikas imigr\u0101cijas sist\u0113mas \u013caunpr\u0101t\u012bgai izmanto\u0161anai,&#8221; pazi\u0146oja Valsts departamenta preses p\u0101rst\u0101vis Tomijs Pigots.<\/p>\n<p>Vi\u0146\u0161 pav\u0113st\u012bja, ka imigr\u0101cijas <a href=\"https:\/\/nra.lv\/birka\/vizu-izsniegsana\/\" target=\"_blank\" rel=\"noopener nofollow\">v\u012bzu<\/a> piepras\u012bjumu izskat\u012b\u0161ana, ko iesniegu\u0161i \u0161o 75 valstu pilso\u0146i aptur\u0113ta, kam\u0113r Valsts departaments atk\u0101rtoti neizv\u0113rt\u0113s piepras\u012bjumu izskat\u012b\u0161anas proced\u016bras, lai nov\u0113rstu to \u0101rvalstnieku iece\u013co\u0161anu, kas v\u0113l\u0113tos sa\u0146emt soci\u0101lo pal\u012bdz\u012bbu un valsts pabalstus.<\/p>\n<p><a href=\"https:\/\/nra.lv\/birka\/baltais-nams\/\" target=\"_blank\" rel=\"noopener nofollow\">Balt\u0101 nama<\/a> preses sekret\u0101re Kerolaina Levita platform\u0101 &#8220;X&#8221; pazi\u0146oja, ka \u0161o valstu vid\u016b b\u016bs ar\u012b Som\u0101lija, Krievija un Ir\u0101na. Vi\u0146a ar\u012b public\u0113ja saiti uz &#8220;Fox News&#8221; rakstu, kur\u0101 teikts, ka starp min\u0113taj\u0101m 75 valst\u012bm ir ar\u012b vair\u0101kas valstis, kam ir draudz\u012bgas attiec\u012bbas ar ASV, tostarp Braz\u012blija, \u0112\u0123ipte un Taizeme.<\/p>\n<p>Valsts departaments v\u0113l nav public\u0113jis pilnu valstu sarakstu.<\/p>\n<p><a href=\"https:\/\/nra.lv\/birka\/donalds-tramps\/\" target=\"_blank\" rel=\"noopener nofollow\">Tramps<\/a> nav sl\u0113pis savu v\u0113lmi samazin\u0101t neeiropeiskas izcelsmes cilv\u0113ku imigr\u0101ciju. Vi\u0146\u0161, piem\u0113ram, nod\u0113v\u0113jis som\u0101lie\u0161us par atkritumiem, kam &#8220;vajadz\u0113tu atgriezties tur, no kurienes vi\u0146i ir c\u0113lu\u0161ies&#8221;, un izteicies, ka neiebilstu pret skandin\u0101vu iece\u013co\u0161anu ASV.<\/p>\n<p>Valsts departaments pirmdien pazi\u0146oja, ka kop\u0161 Trampa atgrie\u0161an\u0101s ir anul\u0113jis vair\u0101k nek\u0101 100 000 v\u012bzu, kas ir rekordliels skaits viena gada laik\u0101. Iek\u0161zemes dro\u0161\u012bbas ministrija pag\u0101ju\u0161aj\u0101 m\u0113nes\u012b pazi\u0146oja, ka Trampa administr\u0101cija <a href=\"https:\/\/nra.lv\/birka\/deportacija\/\" target=\"_blank\" rel=\"noopener nofollow\">deport\u0113jusi<\/a> vair\u0101k nek\u0101 605 000 neleg\u0101lo imigrantu un ka 2,5 miljoni citu aizbrauku\u0161i pa\u0161i.<\/p>\n<p>Jaun\u0101kie <a href=\"https:\/\/nra.lv\/birka\/ierobezojumi\/\" target=\"_blank\" rel=\"noopener nofollow\">ierobe\u017eojumi<\/a> neietekm\u0113 t\u016bristu, biznesa vai citas v\u012bzas, tostarp futbola l\u012bdzjut\u0113jus, kas v\u0113las apmekl\u0113t \u0161\u0101 gada Pasaules kausa izc\u012b\u0146u, lai gan Trampa administr\u0101cija ir sol\u012bjusi p\u0101rbaud\u012bt visu pieteikumu iesniedz\u0113ju soci\u0101lo t\u012bklu v\u0113sturi.<\/p>\n<p>\t\t\t\t\t\tinfo<\/p>\n<p>Uzzini pirmais<br \/>kas interesants noticis Latvij\u0101 un pasaul\u0113,<br \/>pievienojoties mums <a href=\"https:\/\/t.me\/neatkariga\" rel=\"nofollow\">Telegram<\/a> vai <a href=\"https:\/\/whatsapp.com\/channel\/0029VaMLFUH5K3zLU5s4wm3y\" rel=\"nofollow noopener\" target=\"_blank\">Whatsapp<\/a> kan\u0101l\u0101<\/p>\n","protected":false},"excerpt":{"rendered":"ASV aptur\u0113ju\u0161as imigr\u0101cijas v\u012bzu izsnieg\u0161anu 75 valstu pilso\u0146iem, tre\u0161dien pazi\u0146ojis Baltais nams. Savienot\u0101s Valstis jau sen atsaka v\u012bzas&hellip;\n","protected":false},"author":2,"featured_media":104884,"comment_status":"","ping_status":"","sticky":false,"template":"","format":"standard","meta":{"footnotes":""},"categories":[14],"tags":[23,57,28,29,32,33,22,30,31,35,39,38,36,37,34,40,20,26,27,24,25,54,55,56,21,58],"class_list":{"0":"post-104883","1":"post","2":"type-post","3":"status-publish","4":"format-standard","5":"has-post-thumbnail","7":"category-zinas-no-arvalstim","8":"tag-aktualitates","9":"tag-arvalstim","10":"tag-breaking-news","11":"tag-breakingnews","12":"tag-featured-news","13":"tag-featurednews","14":"tag-headlines","15":"tag-latest-news","16":"tag-latestnews","17":"tag-latvia","18":"tag-latvian","19":"tag-latviesu","20":"tag-latviesu-valoda","21":"tag-latviesuvaloda","22":"tag-latvija","23":"tag-lv","24":"tag-news","25":"tag-popularakas-zinas","26":"tag-popularakaszinas","27":"tag-top-stories","28":"tag-topstories","29":"tag-world","30":"tag-world-news","31":"tag-worldnews","32":"tag-zinas","33":"tag-zinas-no-arvalstim"},"share_on_mastodon":{"url":"https:\/\/pubeurope.com\/@lv\/115895929614806143","error":""},"_links":{"self":[{"href":"https:\/\/www.europesays.com\/lv\/wp-json\/wp\/v2\/posts\/104883","targetHints":{"allow":["GET"]}}],"collection":[{"href":"https:\/\/www.europesays.com\/lv\/wp-json\/wp\/v2\/posts"}],"about":[{"href":"https:\/\/www.europesays.com\/lv\/wp-json\/wp\/v2\/types\/post"}],"author":[{"embeddable":true,"href":"https:\/\/www.europesays.com\/lv\/wp-json\/wp\/v2\/users\/2"}],"replies":[{"embeddable":true,"href":"https:\/\/www.europesays.com\/lv\/wp-json\/wp\/v2\/comments?post=104883"}],"version-history":[{"count":0,"href":"https:\/\/www.europesays.com\/lv\/wp-json\/wp\/v2\/posts\/104883\/revisions"}],"wp:featuredmedia":[{"embeddable":true,"href":"https:\/\/www.europesays.com\/lv\/wp-json\/wp\/v2\/media\/104884"}],"wp:attachment":[{"href":"https:\/\/www.europesays.com\/lv\/wp-json\/wp\/v2\/media?parent=104883"}],"wp:term":[{"taxonomy":"category","embeddable":true,"href":"https:\/\/www.europesays.com\/lv\/wp-json\/wp\/v2\/categories?post=104883"},{"taxonomy":"post_tag","embeddable":true,"href":"https:\/\/www.europesays.com\/lv\/wp-json\/wp\/v2\/tags?post=104883"}],"curies":[{"name":"wp","href":"https:\/\/api.w.org\/{rel}","templated":true}]}}