{"id":104889,"date":"2026-01-14T23:03:11","date_gmt":"2026-01-14T23:03:11","guid":{"rendered":"https:\/\/www.europesays.com\/lv\/104889\/"},"modified":"2026-01-14T23:03:11","modified_gmt":"2026-01-14T23:03:11","slug":"asv-politika-un-tas-pedas","status":"publish","type":"post","link":"https:\/\/www.europesays.com\/lv\/104889\/","title":{"rendered":"ASV politika un t\u0101s p\u0113das"},"content":{"rendered":"<p style=\"text-align: justify;\">T\u016brismu ASV gaida tuk\u0161\u0101ks periods iek\u0161politisk\u0101s situ\u0101cijas d\u0113\u013c, un tagad da\u013ca ce\u013cot\u0101ju ar\u012b r\u016bp\u012bgi apsver, vai ir sapr\u0101t\u012bgi doties uz valst\u012bm, kur\u0101m ASV administr\u0101cija izteikusi k\u0101das draud\u012bgas piez\u012bmes, raksta britu raidorganiz\u0101cija <a href=\"https:\/\/www.bbc.com\/travel\/article\/20260109-how-us-politics-is-affecting-international-travel\" target=\"_blank\" rel=\"noopener nofollow\">BBC.<\/a><\/p>\n<p style=\"text-align: justify;\">2026.gadam t\u016brisma jom\u0101 ASV bija j\u0101b\u016bt \u012bpa\u0161am \u2013 valsts svin t\u0101s le\u0123end\u0101r\u0101s 66.starp\u0161tatu \u0161osejas simtgadi, neatkar\u012bbas 250.gadadienu un uz\u0146ems ar\u012b FIFA Pasaules kausa sp\u0113les. Norm\u0101l\u0101 situ\u0101cij\u0101 ASV viesn\u012bcu \u012bpa\u0161nieki un lidsabiedr\u012bbu vad\u012bt\u0101ji jau plati smaid\u012btu, dom\u0101s skaitot pe\u013c\u0146u, tom\u0113r notikumi gada griezum\u0101 biju\u0161i t\u0101lu no norm\u0101liem.<\/p>\n<p style=\"text-align: justify;\">Kop\u0161 st\u0101\u0161an\u0101s amat\u0101 2025.gad\u0101 ASV prezidents Donalds Tramps (Donald Trump) ar savu administr\u0101ciju piem\u0113roju\u0161i pamat\u012bgus ievedmuitas tarifus ilggad\u0113jiem tirdzniec\u012bbas partneriem, atk\u0101rtoti run\u0101ju\u0161i par iesp\u0113ju ieg\u016bt vald\u012bjum\u0101 Grenlandi, iebraucot valst\u012b aiztur\u0113ti t\u016bristi, veiktas pla\u0161as deport\u0101cijas oper\u0101cijas, un dr\u012bzum\u0101 var\u0113tu tikt uzs\u0101kta detaliz\u0113ta \u0101rzemju t\u016bristu soci\u0101lo t\u012bklu profilu p\u0101rbaude, pirms visp\u0101r \u013caut vi\u0146iem iebraukt valst\u012b.<\/p>\n<p style=\"text-align: justify;\">\u0145emot v\u0113r\u0101 visas nianses, ir valstis, kas jau izdevu\u0161as br\u012bdin\u0101jumus par ce\u013co\u0161anu uz ASV. Saska\u0146\u0101 ar Pasaules Ce\u013cojumu un t\u016brisma padomes (WTTC) zi\u0146oto, paredzams, ka ASV uz t\u016bristu skaita samazin\u0101\u0161an\u0101s r\u0113\u0137ina var\u0113tu b\u016bt 2025.gad\u0101 zaud\u0113jusi pat 12,5 miljardus dol\u0101ru. No 184 WTTC un \u201cOxford Economics\u201d analiz\u0113taj\u0101m valst\u012bm, ASV var\u0113tu b\u016bt vien\u012bg\u0101, kuras starptautisk\u0101 t\u016brisma nestie ien\u0101kumi 2025.gad\u0101 ir samazin\u0101ju\u0161ies. S\u0101ra Kopita (Sarah Kopit) t\u016brisma industrijas vietn\u0113 \u201cSkift\u201d rakst\u012bjusi, ka ce\u013cojums uz ASV k\u0101dreiz bija sapnis, uz ko tiekties, bet nu daudzi to redz k\u0101 politisku aktu, pa\u013cau\u0161anos uz likteni, ka tiks \u013cauta iebrauk\u0161ana, un k\u0101 finansi\u0101lu slogu. Vietne zi\u0146ojusi, ka 46% no p\u0113rn aptauj\u0101tajiem ce\u013cot\u0101jiem nor\u0101d\u012bja, ka nev\u0113las doties uz ASV tie\u0161i Trampa d\u0113\u013c.<\/p>\n<p style=\"text-align: justify;\">\u0160ogad jau da\u017e\u0101s ned\u0113\u013c\u0101s ASV vald\u012bba ir sag\u016bst\u012bjusi Venecu\u0113las l\u012bderi, veikusi triecienus pa Karakasu un pazi\u0146ojusi, ka pagaid\u0101m p\u0101rvald\u012bs Venecu\u0113lu; atkal ir izskan\u0113ju\u0161as runas par D\u0101nijas autonom\u0101s teritorijas Grenlandes pievieno\u0161anu ASV; Kubai, Ir\u0101nai, Kolumbijai un Meksikai izteikti draudi pielietot milit\u0101ru sp\u0113ku.<\/p>\n<blockquote>\n<p style=\"text-align: center;\">L\u012bdz ar to izskat\u0101s, ka vald\u012bbas l\u0113mumi skar ne vien pa\u0161as ASV, bet ar\u012b t\u016brisma pl\u016bsmu cit\u0101s valst\u012bs.<\/p>\n<\/blockquote>\n<p style=\"text-align: justify;\">D\u0101nijas iedz\u012bvot\u0101ja H\u012btere Storgorda (Heather Storgaard) pl\u0101noja febru\u0101r\u012b apciemot draugus Grenland\u0113, bet Trampa retorika likusi c\u012bt\u012bg\u0101k apdom\u0101t pl\u0101nu. Vi\u0146a gan nor\u0101d\u012bja, ka joproj\u0101m dom\u0101 par braucienu un to pl\u0101no, tikai daudz piesardz\u012bg\u0101k.<\/p>\n<p style=\"text-align: justify;\">Ar\u012b Braz\u012blij\u0101 dz\u012bvojo\u0161\u0101 D\u017eekija Aruda (Jackie Arruda) v\u0113l\u0113j\u0101s maij\u0101 doties uz Grenlandi, bet tagad uzman\u012bgi seko l\u012bdzi situ\u0101cijai, lai saprastu, vai nevajag atcelt ce\u013cojumu. Aruda sac\u012bja, ka notikumi Venecu\u0113l\u0101 par\u0101d\u012bja, cik \u0101tri draudi var p\u0101rv\u0113rsties darb\u012bb\u0101. Vi\u0146a uzsv\u0113ra, ka tad, ja kaut kas notiks, ce\u013cojumu atcels, tom\u0113r esot ar\u012b \u013coti uztraukusies par Grenland\u0113 dz\u012bvojo\u0161o draugu dro\u0161\u012bbu un iespaidu, k\u0101du iesp\u0113jams ASV iebrukums var\u0113tu atst\u0101t uz arktisk\u0101s salas iedz\u012bvot\u0101jiem un n\u0101kotni.<\/p>\n<p style=\"text-align: justify;\">Havanas t\u016brisma biroja \u201cCuba Careo Tours\u201d \u012bpa\u0161nieks past\u0101st\u012bja, ka ietekme bija v\u0113rojama uzreiz, un ASV administr\u0101cijas izteikumi liku\u0161i t\u016bristiem apsv\u0113rt v\u0113lmi apmekl\u0113t Kubu. Turkl\u0101t vi\u0146\u0161 neredzot iesp\u0113ju, ka situ\u0101cija dr\u012bzum\u0101 var\u0113tu uzlaboties, jo t\u016brisms nem\u0113dz plaukt nedro\u0161os un nestabilos apst\u0101k\u013cos.<\/p>\n<p style=\"text-align: justify;\">Savuk\u0101rt britu t\u016brisma biroja \u201cJourney Latin America\u201d p\u0101rst\u0101ve Laura Rendela-Danna (Laura Rendell-Dunn) sac\u012bja, ka<\/p>\n<blockquote>\n<p style=\"text-align: center;\">ASV sankcijas pret Venecu\u0113lu pagaid\u0101m neesot ietekm\u0113ju\u0161as rezerv\u0101cijas ce\u013cojumiem uz Kubu vai Meksiku.<\/p>\n<\/blockquote>\n<p style=\"text-align: justify;\">Lai gan katram atsevi\u0161\u0137ajam ce\u013cot\u0101jam var\u0113tu b\u016bt sare\u017e\u0123\u012bti izv\u0113rt\u0113t, cik nopietni j\u0101uztver ASV prezidenta pazi\u0146ojumi, britu ce\u013cojumu a\u0123entiem un t\u016broperatoriem l\u0113muma pie\u0146em\u0161ana ir vienk\u0101r\u0161a. Britu ce\u013cojumu a\u0123entu asoci\u0101cijas (ABTA) p\u0101rst\u0101vis \u0160ons Tiptons (Sean Tipton) nor\u0101d\u012bja, ka robe\u017ea ir nep\u0101rprotama \u2013 ja \u0100rlietu ministrija aicina nece\u013cot uz konkr\u0113to valsti, nevienam neieteiks turp doties. Tas esot jaut\u0101jums par r\u016bp\u0113m par dro\u0161\u012bbu \u2013 ja k\u0101ds ce\u013co pret \u0100rlietu ministrijas ieteikumiem, ar\u012b ce\u013cojumu apdro\u0161in\u0101\u0161ana nav sp\u0113k\u0101. Pa\u0161laik ir ieteikts nedoties uz Venecu\u0113lu un Ir\u0101nu, un izdots br\u012bdin\u0101jums apmekl\u0113t Kolumbiju un Meksiku tikai nepiecie\u0161am\u012bbas gad\u012bjum\u0101. Grenlande sarakstos nav iek\u013cauta. Tikm\u0113r ASV valsts departamenta ieteikumi par ce\u013co\u0161anu uz Meksiku vari\u0113 atkar\u012bb\u0101 no re\u0123iona, dodoties uz Kubu un Grenlandi j\u0101iev\u0113ro pastiprin\u0101ta uzman\u012bba; ce\u013cojumus uz Kolumbiju b\u016btu nopietni j\u0101apsver, savuk\u0101rt Ir\u0101nu ieteikts neapmekl\u0113t.<\/p>\n<p style=\"text-align: justify;\">Grenlandes gad\u012bjum\u0101 ce\u013cojumu a\u0123ente Inga Rosa Antonidotira (Inga R\u00f3s Anton\u00edusd\u00f3ttir), kurai ir pla\u0161a pieredze darb\u0101 arktiskajos un zieme\u013cu re\u0123ionos, nor\u0101d\u012bja, ka tas, vai mediju piev\u0113rst\u0101 uzman\u012bba ir laba vai slikta, ir atkar\u012bgs no t\u0101, k\u0101 t\u016brisma industrija izmantos \u0161o uzman\u012bbu. Vi\u0146a sac\u012bja, ka t\u0101diem galam\u0113r\u0137iem k\u0101 Grenlande pastiprinata mediju uzman\u012bba paties\u012bb\u0101 var piesaist\u012bt interesi, un to var izmantot, lai past\u0101st\u012btu par unik\u0101lo kult\u016bru, dabu un v\u0113sturi.<\/p>\n<p style=\"text-align: justify;\">Teher\u0101nas t\u016brismas biroja \u201cSurfiran\u201d izpilddirektors Mahdi E\u0161ragi sac\u012bja, ka Trampa pazi\u0146ojumi par milit\u0101ro iejauk\u0161anos nav patiesais iemesls t\u016brisma pl\u016bsmas aps\u012bkumam. Vi\u0146apr\u0101t, t\u016bristu skaits samazin\u0101jies jau kop\u0161 br\u012b\u017ea, kad ASV 2018.gad\u0101 izst\u0101j\u0101s no kodoll\u012bguma, un nav saist\u012bts ar reakciju uz pa\u0161reiz\u0113jo politisko retoriku.<\/p>\n<p style=\"text-align: justify;\">T\u016brisma industrij\u0101 daudz nosaka uztvere. Maz\u0101k nek\u0101 divus gadus p\u0113c tam, kad ASV tika nosaukta k\u0101 viens no iecien\u012bt\u0101kajiem t\u016bristu galam\u0113r\u0137iem, valsts saskaras ar to, kas notiek, ja ce\u013cot\u0101jiem \u0161\u0137iet, ka risks neatsver ieguvumu. Lai gan ir par \u0101tru secin\u0101t, vai ce\u013cot\u0101ji atteiksies doties uz valst\u012bm, kuras nok\u013cuvu\u0161as ASV vald\u012bbas uzman\u012bbas lok\u0101, janv\u0101ra pirm\u0101s ned\u0113\u013cas noteikti par\u0101d\u012bju\u0161as, ka apst\u0101k\u013ci var main\u012bties \u013coti strauji.<\/p>\n<p style=\"text-align: justify;\"><a href=\"https:\/\/bnn.lv\/krievija-runa-par-antikristu-lietuva-lietuvas-arhidieceze-norobezojas-no-apvainojumiem-konstantinopoles-patriarham-69028\" target=\"_blank\" rel=\"noopener nofollow\">Lasiet ar\u012b: Krievijas \u0100M: Lietuvu par savu m\u0113r\u0137i noskat\u012bjis Antikrists<\/a><\/p>\n<p>Seko mums ar\u012b\u00a0<a href=\"https:\/\/www.facebook.com\/bnnlv\" rel=\"nofollow noopener\" target=\"_blank\">Facebook<\/a>,\u00a0<a href=\"https:\/\/www.draugiem.lv\/bnn.lv\/\" rel=\"nofollow noopener\" target=\"_blank\">Draugiem<\/a>\u00a0un\u00a0<a href=\"https:\/\/twitter.com\/home\" rel=\"nofollow noopener\" target=\"_blank\">X<\/a>!<\/p>\n<p><script async src=\"https:\/\/platform.twitter.com\/widgets.js\" charset=\"utf-8\"><\/script><\/p>\n","protected":false},"excerpt":{"rendered":"T\u016brismu ASV gaida tuk\u0161\u0101ks periods iek\u0161politisk\u0101s situ\u0101cijas d\u0113\u013c, un tagad da\u013ca ce\u013cot\u0101ju ar\u012b r\u016bp\u012bgi apsver, vai ir sapr\u0101t\u012bgi&hellip;\n","protected":false},"author":2,"featured_media":104890,"comment_status":"","ping_status":"","sticky":false,"template":"","format":"standard","meta":{"footnotes":""},"categories":[14],"tags":[23,57,28,29,32,33,22,30,31,35,39,38,36,37,34,40,20,26,27,24,25,54,55,56,21,58],"class_list":{"0":"post-104889","1":"post","2":"type-post","3":"status-publish","4":"format-standard","5":"has-post-thumbnail","7":"category-zinas-no-arvalstim","8":"tag-aktualitates","9":"tag-arvalstim","10":"tag-breaking-news","11":"tag-breakingnews","12":"tag-featured-news","13":"tag-featurednews","14":"tag-headlines","15":"tag-latest-news","16":"tag-latestnews","17":"tag-latvia","18":"tag-latvian","19":"tag-latviesu","20":"tag-latviesu-valoda","21":"tag-latviesuvaloda","22":"tag-latvija","23":"tag-lv","24":"tag-news","25":"tag-popularakas-zinas","26":"tag-popularakaszinas","27":"tag-top-stories","28":"tag-topstories","29":"tag-world","30":"tag-world-news","31":"tag-worldnews","32":"tag-zinas","33":"tag-zinas-no-arvalstim"},"share_on_mastodon":{"url":"https:\/\/pubeurope.com\/@lv\/115895953173464812","error":""},"_links":{"self":[{"href":"https:\/\/www.europesays.com\/lv\/wp-json\/wp\/v2\/posts\/104889","targetHints":{"allow":["GET"]}}],"collection":[{"href":"https:\/\/www.europesays.com\/lv\/wp-json\/wp\/v2\/posts"}],"about":[{"href":"https:\/\/www.europesays.com\/lv\/wp-json\/wp\/v2\/types\/post"}],"author":[{"embeddable":true,"href":"https:\/\/www.europesays.com\/lv\/wp-json\/wp\/v2\/users\/2"}],"replies":[{"embeddable":true,"href":"https:\/\/www.europesays.com\/lv\/wp-json\/wp\/v2\/comments?post=104889"}],"version-history":[{"count":0,"href":"https:\/\/www.europesays.com\/lv\/wp-json\/wp\/v2\/posts\/104889\/revisions"}],"wp:featuredmedia":[{"embeddable":true,"href":"https:\/\/www.europesays.com\/lv\/wp-json\/wp\/v2\/media\/104890"}],"wp:attachment":[{"href":"https:\/\/www.europesays.com\/lv\/wp-json\/wp\/v2\/media?parent=104889"}],"wp:term":[{"taxonomy":"category","embeddable":true,"href":"https:\/\/www.europesays.com\/lv\/wp-json\/wp\/v2\/categories?post=104889"},{"taxonomy":"post_tag","embeddable":true,"href":"https:\/\/www.europesays.com\/lv\/wp-json\/wp\/v2\/tags?post=104889"}],"curies":[{"name":"wp","href":"https:\/\/api.w.org\/{rel}","templated":true}]}}