{"id":104898,"date":"2026-01-14T23:28:07","date_gmt":"2026-01-14T23:28:07","guid":{"rendered":"https:\/\/www.europesays.com\/lv\/104898\/"},"modified":"2026-01-14T23:28:07","modified_gmt":"2026-01-14T23:28:07","slug":"konkursa-uz-spkc-direktora-amatu-pieteikusies-11-pretendenti","status":"publish","type":"post","link":"https:\/\/www.europesays.com\/lv\/104898\/","title":{"rendered":"Konkurs\u0101 uz SPKC direktora amatu pieteiku\u0161ies 11 pretendenti"},"content":{"rendered":"<p>Konkurs\u0101 uz Slim\u012bbu profilakses un kontroles centra (SPKC) direktora amatu pieteiku\u0161ies 11 pretendenti, a\u0123ent\u016bru LETA inform\u0113ja Valsts kancelejas p\u0101rst\u0101ve Madara Apsalone.<\/p>\n<p>Amata konkurss notiks tr\u012bs k\u0101rt\u0101s. Pirm\u0101s k\u0101rtas laik\u0101 konkursa komisija izv\u0113rt\u0113s iesniegtos dokumentus un pretendentu atbilst\u012bbu noteiktaj\u0101m oblig\u0101taj\u0101m pras\u012bb\u0101m. Konkursa otraj\u0101 k\u0101rt\u0101 pretendenti konkursa komisijai skaidros savu motiv\u0101ciju st\u0101ties SPKC direktora amat\u0101, atbild\u0113s uz komisijas jaut\u0101jumiem, k\u0101 ar\u012b prezent\u0113s savu redz\u0113jumu par SPKC att\u012bst\u012bbu un iest\u0101des lomas stiprin\u0101\u0161anu sabiedr\u012bbas vesel\u012bbas veicin\u0101\u0161an\u0101 nacion\u0101l\u0101 un starptautisk\u0101 l\u012bmen\u012b n\u0101kamajiem pieciem gadiem.<\/p>\n<p>Savuk\u0101rt konkursa tre\u0161aj\u0101 k\u0101rt\u0101 tiks v\u0113rt\u0113tas pretendentu vad\u012bbas kompetences, tostarp komandas vad\u012b\u0161ana, strat\u0113\u0123iskais redz\u0113jums, p\u0101rmai\u0146u vad\u012bba, orient\u0101cija uz rezult\u0101tu sasnieg\u0161anu, sp\u0113ja pie\u0146emt l\u0113mumus un uz\u0146emties atbild\u012bbu.<\/p>\n<p>Konkursa nosl\u0113gum\u0101 pretendents vai pretendenti, kuri b\u016bs sa\u0146\u0113mu\u0161i visaugst\u0101ko nov\u0113rt\u0113jumu, tiks ieteikti vesel\u012bbas ministram Hosamam Abu Meri (JV) iecel\u0161anai SPKC direktora amat\u0101.<\/p>\n<p>Konkursa pretendentu v\u0113rt\u0113\u0161anas komisiju vad\u012bs Vesel\u012bbas ministrijas (VM) valsts sekret\u0101re Agnese Va\u013culiene. Komisijas sast\u0101v\u0101 ir VM valsts sekret\u0101ra vietnieks vesel\u012bbas politikas jaut\u0101jumos Svens Henkuzens, R\u012bgas Stradi\u0146a universit\u0101tes Sabiedr\u012bbas vesel\u012bbas instit\u016bta direktore Anda \u0136\u012bv\u012bte-Urt\u0101ne, P\u0101rtikas dro\u0161\u012bbas, dz\u012bvnieku vesel\u012bbas un vides zin\u0101tnisk\u0101 instit\u016bta &#8220;Bior&#8221; zin\u0101tnisk\u0101s padomes priek\u0161s\u0113d\u0113t\u0101js Aivars B\u0113rzi\u0146\u0161, k\u0101 ar\u012b Valsts kancelejas Cilv\u0113kresursu politikas departamenta vad\u012bt\u0101ja \u0112rika Todj\u0113re.<\/p>\n<p>Par konkursa norises un pretendentu v\u0113rt\u0113\u0161anas procesa nov\u0113rot\u0101jiem uzaicin\u0101ta vesel\u012bbas ministra biroja vad\u012bt\u0101ja Ren\u0101te Gremze, VM Sabiedr\u012bbas vesel\u012bbas departamenta direktore Jana Feldmane un Latvijas Jauno \u0101rstu asoci\u0101cijas valdes priek\u0161s\u0113d\u0113t\u0101js R\u016bdolfs Vilde.<\/p>\n<p>K\u0101 v\u0113st\u012bts, p\u0113rn maij\u0101 atl\u016bgumu iesniedza SPKC direktors M\u0101rti\u0146\u0161 Dimants, kur\u0161 \u0161aj\u0101 amat\u0101 st\u0101j\u0101s vien febru\u0101ra beig\u0101s. Pirms tam vi\u0146\u0161 se\u0161us gadus bija Latvijas Antidopinga biroja direktors.<\/p>\n<p>K\u0101 a\u0123ent\u016bru LETA inform\u0113ja SPKC p\u0101rst\u0101ve Ilze \u016adre, Dimants darba attiec\u012bbas SPKC nosl\u0113dza 2025. gada 20. j\u016bnij\u0101. Patlaban direktora pien\u0101kumu izpild\u012bt\u0101js ir Dzintars Mozgis.<\/p>\n<p>Centra vad\u012bt\u0101jam tiek sol\u012bta m\u0113ne\u0161alga 5300 eiro pirms nodok\u013cu nomaksas.<\/p>\n<p>SPKC vad\u012bt\u0101jam ir j\u0101atbilst likum\u0101 &#8220;Par valsts nosl\u0113pumu&#8221; noteiktaj\u0101m pras\u012bb\u0101m, lai sa\u0146emtu speci\u0101lo at\u013cauju pieejai valsts nosl\u0113pumam.<\/p>\n<p>\n                            Valodas k\u013c\u016bda rakst\u0101?<br \/>Iez\u012bm\u0113jiet tekstu un spiediet Zi\u0146ot par k\u013c\u016bdu pogas   , lai nos\u016bt\u012btu labojamo teksta fragmentu redaktoram!<\/p>\n<p>                                Zi\u0146ot par k\u013c\u016bdu<\/p>\n","protected":false},"excerpt":{"rendered":"Konkurs\u0101 uz Slim\u012bbu profilakses un kontroles centra (SPKC) direktora amatu pieteiku\u0161ies 11 pretendenti, a\u0123ent\u016bru LETA inform\u0113ja Valsts kancelejas&hellip;\n","protected":false},"author":2,"featured_media":104899,"comment_status":"","ping_status":"","sticky":false,"template":"","format":"standard","meta":{"footnotes":""},"categories":[12],"tags":[23,28,29,32,33,22,30,31,35,39,38,36,37,34,40,20,26,27,24,25,21],"class_list":{"0":"post-104898","1":"post","2":"type-post","3":"status-publish","4":"format-standard","5":"has-post-thumbnail","7":"category-latvija","8":"tag-aktualitates","9":"tag-breaking-news","10":"tag-breakingnews","11":"tag-featured-news","12":"tag-featurednews","13":"tag-headlines","14":"tag-latest-news","15":"tag-latestnews","16":"tag-latvia","17":"tag-latvian","18":"tag-latviesu","19":"tag-latviesu-valoda","20":"tag-latviesuvaloda","21":"tag-latvija","22":"tag-lv","23":"tag-news","24":"tag-popularakas-zinas","25":"tag-popularakaszinas","26":"tag-top-stories","27":"tag-topstories","28":"tag-zinas"},"share_on_mastodon":{"url":"https:\/\/pubeurope.com\/@lv\/115896051568609231","error":""},"_links":{"self":[{"href":"https:\/\/www.europesays.com\/lv\/wp-json\/wp\/v2\/posts\/104898","targetHints":{"allow":["GET"]}}],"collection":[{"href":"https:\/\/www.europesays.com\/lv\/wp-json\/wp\/v2\/posts"}],"about":[{"href":"https:\/\/www.europesays.com\/lv\/wp-json\/wp\/v2\/types\/post"}],"author":[{"embeddable":true,"href":"https:\/\/www.europesays.com\/lv\/wp-json\/wp\/v2\/users\/2"}],"replies":[{"embeddable":true,"href":"https:\/\/www.europesays.com\/lv\/wp-json\/wp\/v2\/comments?post=104898"}],"version-history":[{"count":0,"href":"https:\/\/www.europesays.com\/lv\/wp-json\/wp\/v2\/posts\/104898\/revisions"}],"wp:featuredmedia":[{"embeddable":true,"href":"https:\/\/www.europesays.com\/lv\/wp-json\/wp\/v2\/media\/104899"}],"wp:attachment":[{"href":"https:\/\/www.europesays.com\/lv\/wp-json\/wp\/v2\/media?parent=104898"}],"wp:term":[{"taxonomy":"category","embeddable":true,"href":"https:\/\/www.europesays.com\/lv\/wp-json\/wp\/v2\/categories?post=104898"},{"taxonomy":"post_tag","embeddable":true,"href":"https:\/\/www.europesays.com\/lv\/wp-json\/wp\/v2\/tags?post=104898"}],"curies":[{"name":"wp","href":"https:\/\/api.w.org\/{rel}","templated":true}]}}