{"id":104900,"date":"2026-01-14T23:29:12","date_gmt":"2026-01-14T23:29:12","guid":{"rendered":"https:\/\/www.europesays.com\/lv\/104900\/"},"modified":"2026-01-14T23:29:12","modified_gmt":"2026-01-14T23:29:12","slug":"iedzivotaji-aicinati-sanemt-ielugumus-uz-svetku-koncertu-mes-nosargajam-latviju-3","status":"publish","type":"post","link":"https:\/\/www.europesays.com\/lv\/104900\/","title":{"rendered":"Iedz\u012bvot\u0101ji aicin\u0101ti sa\u0146emt iel\u016bgumus uz sv\u0113tku koncertu \u201cM\u0113s nosarg\u0101j\u0101m Latviju\u201d"},"content":{"rendered":"<p>1991. gada janv\u0101ra barik\u0101des bija laiks, kad Latvijas iedz\u012bvot\u0101ji ar vienot\u012bbu, pilsonisku drosmi un nevardarb\u012bgu preto\u0161anos nosarg\u0101ja m\u016bsu valsts neatkar\u012bbu. 2026. gada janv\u0101r\u012b aprit 35 gadi kop\u0161 \u0161iem v\u0113sturiskajiem notikumiem, un jubileja tiks pla\u0161i atz\u012bm\u0113ta valsts un pa\u0161vald\u012bbu l\u012bmen\u012b, godinot barik\u0101\u017eu dal\u012bbniekus un nododot vi\u0146u pieredzi n\u0101kamaj\u0101m paaudz\u0113m.<\/p>\n<p>K\u0101 viens no centr\u0101lajiem pas\u0101kumiem norisin\u0101sies bezmaksas sv\u0113tku koncerts \u201cM\u0113s nosarg\u0101j\u0101m Latviju\u201d, kas velt\u012bts 1991. gada barik\u0101\u017eu dal\u012bbniekiem. Koncerts notiks sv\u0113tdien, 18. janv\u0101r\u012b, plkst. 15.00 \u0136\u012bpsalas izst\u0101\u017eu hall\u0113, R\u012bg\u0101.<\/p>\n<p>Uz koncertu tiek aicin\u0101ti iedz\u012bvot\u0101ji kop\u0101 ar saviem tuviniekiem. Koncert\u0101 skan\u0113s Zemessardzes or\u0137estra (diri\u0123ents Andis Karelis) izpild\u012btie ska\u0146darbi, tostarp Atmodas laikam rakstur\u012bgas dziesmas un to m\u016bsdienu interpret\u0101cijas kop\u0101 ar koriem un solistiem, savuk\u0101rt kulmin\u0101cija b\u016bs Jura Kulakova un Normunda Be\u013cska kant\u0101te \u201cV\u0113stules uz bru\u0123a\u201d, ko atska\u0146os Zemessardzes or\u0137estris, rokgrupa \u201cP\u0113rkons\u201d, bungu un d\u016bdu grupa \u201cAu\u013ci\u201d, Zemessardzes 51. k\u0101jinieku bataljona ansamblis \u201cDobeles zemesargi\u201d, R\u012bgas kamerkoris \u201cAve Sol\u201d un Zemessardzes koris \u201cStars\u201d. \u0160is muzik\u0101lais v\u0113st\u012bjums atspogu\u013cos barik\u0101\u017eu laika emocion\u0101lo pieredzi un vienlaikus run\u0101s ar\u012b uz m\u016bsdienu skat\u012bt\u0101ju, atg\u0101dinot par br\u012bv\u012bbas cenu un m\u016bsu kop\u012bgo atbild\u012bbu par Latviju.<\/p>\n<p>Iedz\u012bvot\u0101ji aicin\u0101ti savlaic\u012bgi sa\u0146emt bezmaksas iel\u016bgumus k\u0101d\u0101 no \u010detriem\u00a0R\u012bgas Apkaimju iedz\u012bvot\u0101ju centra klientu apkalpo\u0161anas punktiem \u2013<\/p>\n<ul>&#13;<\/p>\n<li>Imantas apkaim\u0113 &#8211; Slokas iel\u0101 161 k-2;<\/li>\n<p>&#13;<\/p>\n<li>\u0100genskalna apkaim\u0113 &#8211; Eduarda Smi\u013c\u0123a iel\u0101 46;<\/li>\n<p>&#13;<\/p>\n<li>Latgales apkaim\u0113 &#8211; Daugavpils iel\u0101 31;<\/li>\n<p>&#13;<\/p>\n<li>Centra apkaim\u0113 &#8211; Br\u012bv\u012bbas iel\u0101 49\/53.<\/li>\n<p>&#13;\n<\/ul>\n<p>Aicin\u0101m iedz\u012bvot\u0101jus un vi\u0146u tuviniekus piedal\u012bties \u0161aj\u0101 noz\u012bm\u012bgaj\u0101 atceres pas\u0101kum\u0101, kop\u012bgi godinot Latvijas v\u0113sturi un tos, kuri st\u0101v\u0113ja uz barik\u0101d\u0113m m\u016bsu valsts br\u012bv\u012bbas v\u0101rd\u0101.<\/p>\n<p>Papildu inform\u0101cija: Daiga \u010culkst\u0113na, R\u012bgas Apkaimju iedz\u012bvot\u0101ju centra klientu atbalsta un metodikas p\u0101rvaldes, klientu apkalpo\u0161anas noda\u013cas vad\u012bt\u0101jas vietniece, e-pasts:\u00a0<a href=\"https:\/\/lvportals.lv\/dienaskartiba\/mailto:Daiga.Culkstena@riga.lv\" target=\"_blank\" title=\"https:\/\/lvportals.lv\/dienaskartiba\/mailto:Daiga.Culkstena@riga.lv\" data-linkindex=\"0\" rel=\"nofollow noopener\">Daiga.Culkstena@riga.lv<\/a>.<\/p>\n<p>          <img decoding=\"async\" src=\"https:\/\/www.europesays.com\/lv\/wp-content\/uploads\/2026\/01\/1767645852_487_logo-lv.png\" alt=\"\"\/><\/p>\n<p>                  \u0160\u012b inform\u0101cija ir publisks pazi\u0146ojums un neatspogu\u013co LV port\u0101la viedokli. Par t\u0101s saturu atbild ies\u016bt\u012bt\u0101js. <a data-popup=\"rules\">Public\u0113\u0161anas noteikumi<\/a><\/p>\n","protected":false},"excerpt":{"rendered":"1991. gada janv\u0101ra barik\u0101des bija laiks, kad Latvijas iedz\u012bvot\u0101ji ar vienot\u012bbu, pilsonisku drosmi un nevardarb\u012bgu preto\u0161anos nosarg\u0101ja m\u016bsu&hellip;\n","protected":false},"author":2,"featured_media":95583,"comment_status":"","ping_status":"","sticky":false,"template":"","format":"standard","meta":{"footnotes":""},"categories":[5],"tags":[23,28,29,32,33,22,30,31,35,39,38,36,37,34,40,20,26,27,24,25,21],"class_list":{"0":"post-104900","1":"post","2":"type-post","3":"status-publish","4":"format-standard","5":"has-post-thumbnail","7":"category-aktualitates","8":"tag-aktualitates","9":"tag-breaking-news","10":"tag-breakingnews","11":"tag-featured-news","12":"tag-featurednews","13":"tag-headlines","14":"tag-latest-news","15":"tag-latestnews","16":"tag-latvia","17":"tag-latvian","18":"tag-latviesu","19":"tag-latviesu-valoda","20":"tag-latviesuvaloda","21":"tag-latvija","22":"tag-lv","23":"tag-news","24":"tag-popularakas-zinas","25":"tag-popularakaszinas","26":"tag-top-stories","27":"tag-topstories","28":"tag-zinas"},"share_on_mastodon":{"url":"https:\/\/pubeurope.com\/@lv\/115896055417037545","error":""},"_links":{"self":[{"href":"https:\/\/www.europesays.com\/lv\/wp-json\/wp\/v2\/posts\/104900","targetHints":{"allow":["GET"]}}],"collection":[{"href":"https:\/\/www.europesays.com\/lv\/wp-json\/wp\/v2\/posts"}],"about":[{"href":"https:\/\/www.europesays.com\/lv\/wp-json\/wp\/v2\/types\/post"}],"author":[{"embeddable":true,"href":"https:\/\/www.europesays.com\/lv\/wp-json\/wp\/v2\/users\/2"}],"replies":[{"embeddable":true,"href":"https:\/\/www.europesays.com\/lv\/wp-json\/wp\/v2\/comments?post=104900"}],"version-history":[{"count":0,"href":"https:\/\/www.europesays.com\/lv\/wp-json\/wp\/v2\/posts\/104900\/revisions"}],"wp:featuredmedia":[{"embeddable":true,"href":"https:\/\/www.europesays.com\/lv\/wp-json\/wp\/v2\/media\/95583"}],"wp:attachment":[{"href":"https:\/\/www.europesays.com\/lv\/wp-json\/wp\/v2\/media?parent=104900"}],"wp:term":[{"taxonomy":"category","embeddable":true,"href":"https:\/\/www.europesays.com\/lv\/wp-json\/wp\/v2\/categories?post=104900"},{"taxonomy":"post_tag","embeddable":true,"href":"https:\/\/www.europesays.com\/lv\/wp-json\/wp\/v2\/tags?post=104900"}],"curies":[{"name":"wp","href":"https:\/\/api.w.org\/{rel}","templated":true}]}}