{"id":104901,"date":"2026-01-14T23:31:07","date_gmt":"2026-01-14T23:31:07","guid":{"rendered":"https:\/\/www.europesays.com\/lv\/104901\/"},"modified":"2026-01-14T23:31:07","modified_gmt":"2026-01-14T23:31:07","slug":"biatlonists-birkentals-iedzisana-notur-pozicijas-rastorgujevu-nogremde-sausana-oberhofa-lente-lv","status":"publish","type":"post","link":"https:\/\/www.europesays.com\/lv\/104901\/","title":{"rendered":"Biatlonists Birkent\u0101ls iedz\u012b\u0161an\u0101 notur poz\u012bcijas, Rastorgujevu nogremd\u0113 \u0161au\u0161ana Oberhof\u0101\u00a0\u2014\u00a0Lente.lv"},"content":{"rendered":"<p>Birkent\u0101ls atk\u0101rto personisko rekordu Pasaules kaus\u0101, Rastorgujevs nesp\u0113j c\u012bn\u012bties<\/p>\n<p>Latvijas biatlonists Ren\u0101rs Birkent\u0101ls sestdien Oberhof\u0101, V\u0101cij\u0101, ieguva 32. vietu 12,5 kilometru iedz\u012b\u0161anas distanc\u0113, t\u0101d\u0113j\u0101di atk\u0101rtojot savu personisko rekordu Pasaules kausa sacens\u012bb\u0101s. K\u0101 inform\u0113 Latvijas Sabiedriskie Mediji, sare\u017e\u0123\u012btie laikapst\u0101k\u013ci un v\u0113j\u0161 \u0161au\u0161an\u0101 sag\u0101d\u0101ja gr\u016bt\u012bbas daudziem sportistiem. Tikm\u0113r otrs Latvijas biatlonists Andrejs Rastorgujevs piedz\u012bvoja neveiksm\u012bgu startu, galvenok\u0101rt \u0161au\u0161anas d\u0113\u013c, un fini\u0161\u0113ja atpalic\u0113ju vid\u016b.<\/p>\n<p>Gr\u016bt\u012bbas \u0161au\u0161an\u0101 un c\u012b\u0146a par punktiem<\/p>\n<p>Ren\u0101rs Birkent\u0101ls, veicot tr\u012bs soda ap\u013cus, fini\u0161\u0113ja divas min\u016btes un 13,6 sekundes aiz uzvar\u0113t\u0101ja. Vi\u0146\u0161 sac\u012bkstes s\u0101ka 32. poz\u012bcij\u0101, kas tika ieg\u016bta pirms tam aizvad\u012btaj\u0101 sprint\u0101. Rastorgujevs, kur\u0161 \u0161osezon v\u0113l nav demonstr\u0113jis savu optim\u0101lo sl\u0113pojuma tempu, pie\u013c\u0101va asto\u0146as k\u013c\u016bdas \u0161au\u0161an\u0101, kas vi\u0146u nogremd\u0113ja uz 52. vietu kopv\u0113rt\u0113jum\u0101. Vi\u0146\u0161 start\u0113ja no 42. poz\u012bcijas, zaud\u0113jot Birkent\u0101lam 12 sekundes.<\/p>\n<p>Uzvar\u0113t\u0101js un kopv\u0113rt\u0113juma l\u012bderis<\/p>\n<p>Iedz\u012b\u0161anas sacens\u012bb\u0101s uzvar\u0113ja it\u0101lis Tomazo D\u017eakomels, kur\u0161, neskatoties uz se\u0161\u0101m k\u013c\u016bd\u0101m \u0161au\u0161an\u0101, sp\u0113ja p\u0101r\u0146emt vad\u012bbu sezonas kopv\u0113rt\u0113jum\u0101. Vi\u0146\u0161 uzvar\u0113ja spraig\u0101 c\u012b\u0146\u0101, apsteidzot norv\u0113\u0123i Martinu Uld\u0101lu un zviedru Sebastians Samuelsons, kuri ar\u012b pie\u013c\u0101va vair\u0101kas k\u013c\u016bdas \u0161au\u0161an\u0101. \u0160\u012b D\u017eakomela uzvara Oberhofas sprint\u0101 tika velt\u012bta piemi\u0146ai vi\u0146a miru\u0161ajam draugam, norv\u0113\u0123u biatlonistam S\u012bvertam Gutormam Bakenam.<\/p>\n<p>Iepriek\u0161\u0113jie rezult\u0101ti un n\u0101kamie starti<\/p>\n<p>Gan Birkent\u0101ls, gan Rastorgujevs iepriek\u0161\u0113j\u0101 dien\u0101 ar sav\u0101m sniegumu sprint\u0101 nodro\u0161in\u0101ja sev dal\u012bbu iedz\u012b\u0161anas sacens\u012bb\u0101s. Birkent\u0101ls ie\u0146\u0113ma 32. vietu, savuk\u0101rt Rastorgujevs \u2013 42. vietu. Edgars Mise nekvalific\u0113j\u0101s iedz\u012b\u0161anai. Sacens\u012bbu posms Oberhof\u0101 sast\u0101v no vair\u0101k\u0101m discipl\u012bn\u0101m, un p\u0113c iedz\u012b\u0161anas sacens\u012bb\u0101m v\u012brie\u0161iem pl\u0101notas ar\u012b sievie\u0161u stafetes sacens\u012bbas. Pasaules kausa sezona sast\u0101v no devi\u0146iem posmiem, un t\u0101s nosl\u0113gsies marta beig\u0101s Oslo.<\/p>\n<p>Laikapst\u0101k\u013cu ietekme un tehnikas noz\u012bme<\/p>\n<p>\u0160au\u0161ana sare\u017e\u0123\u012btos un v\u0113jainos apst\u0101k\u013cos rad\u012bja probl\u0113mas daudziem biatlonistiem, liekot pie\u013caut vair\u0101k k\u013c\u016bdu nek\u0101 ierasts. Rastorgujeva gad\u012bjum\u0101 asto\u0146i soda ap\u013ci b\u016btiski ietekm\u0113ja vi\u0146a rezult\u0101tu, ne\u013caujot pac\u012bn\u012bties par augst\u0101k\u0101m viet\u0101m. Birkent\u0101ls, lai gan ar\u012b pie\u013c\u0101va k\u013c\u016bdas, sp\u0113ja notur\u0113t savu poz\u012bciju un nodro\u0161in\u0101t ieskaites punktus.<\/p>\n","protected":false},"excerpt":{"rendered":"Birkent\u0101ls atk\u0101rto personisko rekordu Pasaules kaus\u0101, Rastorgujevs nesp\u0113j c\u012bn\u012bties Latvijas biatlonists Ren\u0101rs Birkent\u0101ls sestdien Oberhof\u0101, V\u0101cij\u0101, ieguva 32.&hellip;\n","protected":false},"author":2,"featured_media":104902,"comment_status":"","ping_status":"","sticky":false,"template":"","format":"standard","meta":{"footnotes":""},"categories":[17],"tags":[1498,1499,35,39,38,36,37,34,40,24304,2560,16008,67],"class_list":{"0":"post-104901","1":"post","2":"type-post","3":"status-publish","4":"format-standard","5":"has-post-thumbnail","7":"category-sports","8":"tag-andrejs-rastorgujevs","9":"tag-biatlons","10":"tag-latvia","11":"tag-latvian","12":"tag-latviesu","13":"tag-latviesu-valoda","14":"tag-latviesuvaloda","15":"tag-latvija","16":"tag-lv","17":"tag-oberhofa","18":"tag-pasaules-kauss","19":"tag-renars-birkentals","20":"tag-sports"},"share_on_mastodon":{"url":"https:\/\/pubeurope.com\/@lv\/115896063223932047","error":""},"_links":{"self":[{"href":"https:\/\/www.europesays.com\/lv\/wp-json\/wp\/v2\/posts\/104901","targetHints":{"allow":["GET"]}}],"collection":[{"href":"https:\/\/www.europesays.com\/lv\/wp-json\/wp\/v2\/posts"}],"about":[{"href":"https:\/\/www.europesays.com\/lv\/wp-json\/wp\/v2\/types\/post"}],"author":[{"embeddable":true,"href":"https:\/\/www.europesays.com\/lv\/wp-json\/wp\/v2\/users\/2"}],"replies":[{"embeddable":true,"href":"https:\/\/www.europesays.com\/lv\/wp-json\/wp\/v2\/comments?post=104901"}],"version-history":[{"count":0,"href":"https:\/\/www.europesays.com\/lv\/wp-json\/wp\/v2\/posts\/104901\/revisions"}],"wp:featuredmedia":[{"embeddable":true,"href":"https:\/\/www.europesays.com\/lv\/wp-json\/wp\/v2\/media\/104902"}],"wp:attachment":[{"href":"https:\/\/www.europesays.com\/lv\/wp-json\/wp\/v2\/media?parent=104901"}],"wp:term":[{"taxonomy":"category","embeddable":true,"href":"https:\/\/www.europesays.com\/lv\/wp-json\/wp\/v2\/categories?post=104901"},{"taxonomy":"post_tag","embeddable":true,"href":"https:\/\/www.europesays.com\/lv\/wp-json\/wp\/v2\/tags?post=104901"}],"curies":[{"name":"wp","href":"https:\/\/api.w.org\/{rel}","templated":true}]}}