{"id":104903,"date":"2026-01-14T23:33:06","date_gmt":"2026-01-14T23:33:06","guid":{"rendered":"https:\/\/www.europesays.com\/lv\/104903\/"},"modified":"2026-01-14T23:33:06","modified_gmt":"2026-01-14T23:33:06","slug":"putina-kars-kurs-kluvis-ilgaks-par-psrs-cinu-pret-nacistiem-kadu-bistamibu-tas-rada","status":"publish","type":"post","link":"https:\/\/www.europesays.com\/lv\/104903\/","title":{"rendered":"Putina kar\u0161, kur\u0161 k\u013cuvis ilg\u0101ks par PSRS c\u012b\u0146u pret nacistiem. K\u0101du b\u012bstam\u012bbu tas rada?"},"content":{"rendered":"<p class=\"MsoNormal\">12. janv\u0101ris Krievijas brut\u0101li izv\u0113rstaj\u0101 kar\u0101 Ukrain\u0101 bija \u012bpa\u0161a diena. Ne t\u0101p\u0113c, ka k\u0101da no pus\u0113m g\u016btu k\u0101du iz\u0161\u0137ir\u012bgu pan\u0101kumu, bet gan t\u0101p\u0113c, ka t\u0101 bija 1419. kara diena. Tas noz\u012bm\u0113, ka \u0161is kar\u0161 turpin\u0101s jau ilg\u0101k nek\u0101 nacistisk\u0101s V\u0101cijas\u2013PSRS kar\u0161, kas Krievij\u0101 p\u0113c padomju historiogr\u0101fijas trad\u012bcijas tiek d\u0113v\u0113ts par Lielo T\u0113vijas karu.<\/p>\n<p class=\"MsoNormal\">V\u0101cijas\u2013PSRS kar\u0161 s\u0101k\u0101s 1941. gada 22. j\u016bnij\u0101 un beidz\u0101s 1945. gada 9. maij\u0101. Tas ilga 1418 dienas, bet Krievijas\u2013Ukrainas kar\u0161 ilgst jau 1422. dienu, un tam neredz ne gala, ne malas\u2026<\/p>\n","protected":false},"excerpt":{"rendered":"12. janv\u0101ris Krievijas brut\u0101li izv\u0113rstaj\u0101 kar\u0101 Ukrain\u0101 bija \u012bpa\u0161a diena. Ne t\u0101p\u0113c, ka k\u0101da no pus\u0113m g\u016btu k\u0101du&hellip;\n","protected":false},"author":2,"featured_media":104904,"comment_status":"","ping_status":"","sticky":false,"template":"","format":"standard","meta":{"footnotes":""},"categories":[14],"tags":[23,57,28,29,32,33,22,234,74,30,31,35,39,38,36,37,34,40,20,26,27,24,25,2238,54,55,56,21,58],"class_list":{"0":"post-104903","1":"post","2":"type-post","3":"status-publish","4":"format-standard","5":"has-post-thumbnail","7":"category-zinas-no-arvalstim","8":"tag-aktualitates","9":"tag-arvalstim","10":"tag-breaking-news","11":"tag-breakingnews","12":"tag-featured-news","13":"tag-featurednews","14":"tag-headlines","15":"tag-krievija","16":"tag-krievijas-iebrukums-ukraina","17":"tag-latest-news","18":"tag-latestnews","19":"tag-latvia","20":"tag-latvian","21":"tag-latviesu","22":"tag-latviesu-valoda","23":"tag-latviesuvaloda","24":"tag-latvija","25":"tag-lv","26":"tag-news","27":"tag-popularakas-zinas","28":"tag-popularakaszinas","29":"tag-top-stories","30":"tag-topstories","31":"tag-tvnet-arvalstis","32":"tag-world","33":"tag-world-news","34":"tag-worldnews","35":"tag-zinas","36":"tag-zinas-no-arvalstim"},"share_on_mastodon":{"url":"https:\/\/pubeurope.com\/@lv\/115896071110385380","error":""},"_links":{"self":[{"href":"https:\/\/www.europesays.com\/lv\/wp-json\/wp\/v2\/posts\/104903","targetHints":{"allow":["GET"]}}],"collection":[{"href":"https:\/\/www.europesays.com\/lv\/wp-json\/wp\/v2\/posts"}],"about":[{"href":"https:\/\/www.europesays.com\/lv\/wp-json\/wp\/v2\/types\/post"}],"author":[{"embeddable":true,"href":"https:\/\/www.europesays.com\/lv\/wp-json\/wp\/v2\/users\/2"}],"replies":[{"embeddable":true,"href":"https:\/\/www.europesays.com\/lv\/wp-json\/wp\/v2\/comments?post=104903"}],"version-history":[{"count":0,"href":"https:\/\/www.europesays.com\/lv\/wp-json\/wp\/v2\/posts\/104903\/revisions"}],"wp:featuredmedia":[{"embeddable":true,"href":"https:\/\/www.europesays.com\/lv\/wp-json\/wp\/v2\/media\/104904"}],"wp:attachment":[{"href":"https:\/\/www.europesays.com\/lv\/wp-json\/wp\/v2\/media?parent=104903"}],"wp:term":[{"taxonomy":"category","embeddable":true,"href":"https:\/\/www.europesays.com\/lv\/wp-json\/wp\/v2\/categories?post=104903"},{"taxonomy":"post_tag","embeddable":true,"href":"https:\/\/www.europesays.com\/lv\/wp-json\/wp\/v2\/tags?post=104903"}],"curies":[{"name":"wp","href":"https:\/\/api.w.org\/{rel}","templated":true}]}}