{"id":104905,"date":"2026-01-14T23:35:06","date_gmt":"2026-01-14T23:35:06","guid":{"rendered":"https:\/\/www.europesays.com\/lv\/104905\/"},"modified":"2026-01-14T23:35:06","modified_gmt":"2026-01-14T23:35:06","slug":"vacijas-federala-zeme-parstaj-deportacijas-uz-iranu","status":"publish","type":"post","link":"https:\/\/www.europesays.com\/lv\/104905\/","title":{"rendered":"V\u0101cijas feder\u0101l\u0101 zeme p\u0101rst\u0101j deport\u0101cijas uz Ir\u0101nu"},"content":{"rendered":"<p class=\"descr\">V\u0101cijas Reinzemes-Pfalcas feder\u0101l\u0101 zeme uz trim m\u0113ne\u0161iem aptur\u0113jusi atraid\u012bto migrantu deport\u0113\u0161anu uz Ir\u0101nu, kur varasiest\u0101des ne\u017e\u0113l\u012bgi apspie\u017e pret vald\u012bbu v\u0113rstos protestus.<\/p>\n<p>&#8220;Cilv\u0113kties\u012bbu situ\u0101ciju <a href=\"https:\/\/nra.lv\/birka\/irana\/\" target=\"_blank\" rel=\"noopener nofollow\">Ir\u0101n\u0101<\/a> jau gadiem ilgi raksturo sistem\u0101tiska apspie\u0161ana,&#8221; nor\u0101d\u012bja Reinzemes-Pfalcas iek\u0161lietu ministre Katar\u012bna Binca, nor\u0101dot, ka p\u0113d\u0113j\u0101s ned\u0113\u013c\u0101s situ\u0101cija atkal ir krasi pasliktin\u0101jusies.<\/p>\n<p>Jau v\u0113st\u012bts, ka Ir\u0101n\u0101 decembra beig\u0101s s\u0101k\u0101s <a href=\"https:\/\/nra.lv\/birka\/protesti\/\" target=\"_blank\" rel=\"noopener nofollow\">protesti<\/a>, ko izrais\u012bja pla\u0161a ekonomisk\u0101 kr\u012bze un straujais val\u016btas kursa kritums. S\u0101kotn\u0113ji Teher\u0101nas iel\u0101s izg\u0101ja tirgot\u0101ji, bet p\u0113c tam protesti izplat\u012bj\u0101s vis\u0101 valst\u012b un jau v\u0113rsti pret visu Ir\u0101nas vad\u012bbu.<\/p>\n<p>ASV b\u0101z\u0113t\u0101 <a href=\"https:\/\/nra.lv\/birka\/cilvektiesibas\/\" target=\"_blank\" rel=\"noopener nofollow\">cilv\u0113kties\u012bbu<\/a> akt\u012bvistu organiz\u0101cija &#8220;Human Rights Activists News Agency&#8221; zi\u0146oja, ka Ir\u0101n\u0101 notieko\u0161o protestu gait\u0101 ir nogalin\u0101ts vismaz 2571 cilv\u0113ks.<\/p>\n<p>Binca uzsv\u0113ra, ka ikviens cilv\u0113ks, kas tagad tiks nos\u016bt\u012bts uz Ir\u0101nu, saskarsies ar re\u0101liem <a href=\"https:\/\/nra.lv\/birka\/draudi\/\" target=\"_blank\" rel=\"noopener nofollow\">draudiem<\/a> br\u012bv\u012bbai un dz\u012bv\u012bbai.<\/p>\n<p>S\u0101kotn\u0113ji <a href=\"https:\/\/nra.lv\/birka\/deportacija\/\" target=\"_blank\" rel=\"noopener nofollow\">deport\u0101cijas<\/a> tiks aptur\u0113tas uz trim m\u0113ne\u0161iem, bet \u0161is l\u0113mums neattieksies uz person\u0101m, kas noties\u0101tas par noziegumiem vai tiek uzskat\u012btas par draudu dro\u0161\u012bbai.<\/p>\n<p>\t\t\t\t\t\tinfo<\/p>\n<p>Uzzini pirmais<br \/>kas interesants noticis Latvij\u0101 un pasaul\u0113,<br \/>pievienojoties mums <a href=\"https:\/\/t.me\/neatkariga\" rel=\"nofollow\">Telegram<\/a> vai <a href=\"https:\/\/whatsapp.com\/channel\/0029VaMLFUH5K3zLU5s4wm3y\" rel=\"nofollow noopener\" target=\"_blank\">Whatsapp<\/a> kan\u0101l\u0101<\/p>\n","protected":false},"excerpt":{"rendered":"V\u0101cijas Reinzemes-Pfalcas feder\u0101l\u0101 zeme uz trim m\u0113ne\u0161iem aptur\u0113jusi atraid\u012bto migrantu deport\u0113\u0161anu uz Ir\u0101nu, kur varasiest\u0101des ne\u017e\u0113l\u012bgi apspie\u017e pret&hellip;\n","protected":false},"author":2,"featured_media":104906,"comment_status":"","ping_status":"","sticky":false,"template":"","format":"standard","meta":{"footnotes":""},"categories":[5],"tags":[23,28,29,32,33,22,30,31,35,39,38,36,37,34,40,20,26,27,24,25,21],"class_list":{"0":"post-104905","1":"post","2":"type-post","3":"status-publish","4":"format-standard","5":"has-post-thumbnail","7":"category-aktualitates","8":"tag-aktualitates","9":"tag-breaking-news","10":"tag-breakingnews","11":"tag-featured-news","12":"tag-featurednews","13":"tag-headlines","14":"tag-latest-news","15":"tag-latestnews","16":"tag-latvia","17":"tag-latvian","18":"tag-latviesu","19":"tag-latviesu-valoda","20":"tag-latviesuvaloda","21":"tag-latvija","22":"tag-lv","23":"tag-news","24":"tag-popularakas-zinas","25":"tag-popularakaszinas","26":"tag-top-stories","27":"tag-topstories","28":"tag-zinas"},"share_on_mastodon":{"url":"https:\/\/pubeurope.com\/@lv\/115896078965148068","error":""},"_links":{"self":[{"href":"https:\/\/www.europesays.com\/lv\/wp-json\/wp\/v2\/posts\/104905","targetHints":{"allow":["GET"]}}],"collection":[{"href":"https:\/\/www.europesays.com\/lv\/wp-json\/wp\/v2\/posts"}],"about":[{"href":"https:\/\/www.europesays.com\/lv\/wp-json\/wp\/v2\/types\/post"}],"author":[{"embeddable":true,"href":"https:\/\/www.europesays.com\/lv\/wp-json\/wp\/v2\/users\/2"}],"replies":[{"embeddable":true,"href":"https:\/\/www.europesays.com\/lv\/wp-json\/wp\/v2\/comments?post=104905"}],"version-history":[{"count":0,"href":"https:\/\/www.europesays.com\/lv\/wp-json\/wp\/v2\/posts\/104905\/revisions"}],"wp:featuredmedia":[{"embeddable":true,"href":"https:\/\/www.europesays.com\/lv\/wp-json\/wp\/v2\/media\/104906"}],"wp:attachment":[{"href":"https:\/\/www.europesays.com\/lv\/wp-json\/wp\/v2\/media?parent=104905"}],"wp:term":[{"taxonomy":"category","embeddable":true,"href":"https:\/\/www.europesays.com\/lv\/wp-json\/wp\/v2\/categories?post=104905"},{"taxonomy":"post_tag","embeddable":true,"href":"https:\/\/www.europesays.com\/lv\/wp-json\/wp\/v2\/tags?post=104905"}],"curies":[{"name":"wp","href":"https:\/\/api.w.org\/{rel}","templated":true}]}}