{"id":104911,"date":"2026-01-14T23:42:07","date_gmt":"2026-01-14T23:42:07","guid":{"rendered":"https:\/\/www.europesays.com\/lv\/104911\/"},"modified":"2026-01-14T23:42:07","modified_gmt":"2026-01-14T23:42:07","slug":"cellists-kristaps-bergs-nomainis-kristini-blaumani-lnso-13-februara-koncerta-lente-lv","status":"publish","type":"post","link":"https:\/\/www.europesays.com\/lv\/104911\/","title":{"rendered":"\u010cellists Kristaps Bergs nomain\u012bs Krist\u012bni Blaumani LNSO 13. febru\u0101ra koncert\u0101\u00a0\u2014\u00a0Lente.lv"},"content":{"rendered":"<p>Solista mai\u0146a LNSO koncert\u0101<\/p>\n<p>Latvijas Nacion\u0101lais simfoniskais or\u0137estris (LNSO) inform\u0113 par izmai\u0146\u0101m sast\u0101v\u0101 gaid\u0101maj\u0101 13. febru\u0101ra koncert\u0101, kas notiks R\u012bgas Kongresu nam\u0101 plkst. 19.00. Vesel\u012bbas apsv\u0113ru d\u0113\u013c pl\u0101notaj\u0101 P\u0113tera Vaska Pirm\u0101 \u010dellkoncerta un \u017dana Sib\u0113liusa Piekt\u0101s simfonijas atska\u0146ojum\u0101 solistes lom\u0101 nevar\u0113s uzst\u0101ties LNSO rezid\u0113jo\u0161\u0101 m\u0101ksliniece, \u010delliste Krist\u012bne Blaumane. Vi\u0146as viet\u0101 LNSO domubiedrs un talant\u012bgs m\u016bzi\u0137is, \u010dellists Kristaps Bergs, izpild\u012bs P\u0113tera Vaska pirmo \u010dellkoncertu diri\u0123enta Olar\u012b Eltsa vad\u012bb\u0101.<\/p>\n<p>Par Kristapu Bergu<\/p>\n<p>Kristaps Bergs ir spo\u017es un daudzpus\u012bgs \u010dellists, kur\u0161 n\u0101k no muzik\u0101las \u0123imenes un jau agr\u0101 jaun\u012bb\u0101 izr\u0101d\u012bjis dzi\u013cu aizraut\u012bbu pret m\u016bziku. Vi\u0146a karjera ir vedusi vi\u0146u uz presti\u017e\u0101kaj\u0101m koncertz\u0101l\u0113m pasaul\u0113, tostarp K\u0101rneg\u012b z\u0101li \u0145ujork\u0101, V\u012bnes Musikverein un Amsterdamas Concertgebouw. Bergs ir vair\u0101ku nacion\u0101lu un starptautisku konkursu laure\u0101ts, ieg\u016bstot pirm\u0101s vietas presti\u017eos Johana Br\u0101msa, K\u0101r\u013ca Davidova un Augusta Dombrovska konkursos. Vi\u0146\u0161 ir ar\u012b sa\u0146\u0113mis vair\u0101kas balvas no Latvijas Kult\u016bras ministrijas par izciliem sasniegumiem un latvie\u0161u m\u016bzikas populariz\u0113\u0161anu. Kristaps Bergs sp\u0113l\u0113 uz v\u0113rt\u012bga Lorenco Ventapanes instrumenta, kas darin\u0101ts Neapol\u0113 1836. gad\u0101. Vi\u0146\u0161 ir sadarbojies ar t\u0101diem izciliem m\u0101ksliniekiem k\u0101 Andris Nelsons, Mstislavs Rostropovi\u010ds, P\u0113teris Vasks un daudziem citiem. \u0160obr\u012bd vi\u0146\u0161 ie\u0146em galven\u0101 \u010dellista amatu Brisel\u0113.<\/p>\n<p>Par koncertprogrammu<\/p>\n<p>Koncerta programm\u0101 iek\u013cauts P\u0113tera Vaska Pirmais \u010dellkoncerts, kas tapis k\u0101 p\u0101rdomas par preto\u0161anos apspiest\u012bbai un person\u012bbas sp\u0113ku. Darbs, ko komponists velt\u012bjis \u010dellistam D\u0101vidam Geringam, pirmoreiz tika atska\u0146ots 1994. gad\u0101. Papildus tam skan\u0113s \u017dana Sib\u0113liusa Piekt\u0101 simfonija, kas tiek uzskat\u012bta par vienu no izcil\u0101kajiem romantisk\u0101s m\u016bzikas paraugiem, rad\u012bta laik\u0101, kad m\u016bzikas valoda piedz\u012bvoja noz\u012bm\u012bgas p\u0101rmai\u0146as. Programm\u0101 paredz\u0113ti ar\u012b igau\u0146u komponista Erki Svena T\u012bra un skotu komponistes Teas Masgreivas velt\u012bjumi Sib\u0113liusam. Koncertu diri\u0123\u0113s igau\u0146u diri\u0123ents Olari Elts, kur\u0161 ir paz\u012bstams ar savu pla\u0161o repertu\u0101ru un aizraut\u012bgo pieeju m\u016bzikas interpret\u0101cijai.<\/p>\n<p>Inform\u0101cija apmekl\u0113t\u0101jiem<\/p>\n<p>Gad\u012bjum\u0101, ja solista mai\u0146as d\u0113\u013c klaus\u012bt\u0101ji nev\u0113l\u0113sies apmekl\u0113t koncertu, bi\u013cetes b\u016bs iesp\u0113jams atgriezt l\u012bdz koncerta s\u0101kumam. Bi\u013cetes var atgriezt kl\u0101tien\u0113 Bi\u013ce\u0161u parad\u012bzes kas\u0113 R\u012bgas Kongresu nam\u0101 vai nos\u016btot uz e-pastu info@bilesuparadize.lv, nor\u0101dot iemeslu \u2013 solista mai\u0146u.<\/p>\n","protected":false},"excerpt":{"rendered":"Solista mai\u0146a LNSO koncert\u0101 Latvijas Nacion\u0101lais simfoniskais or\u0137estris (LNSO) inform\u0113 par izmai\u0146\u0101m sast\u0101v\u0101 gaid\u0101maj\u0101 13. febru\u0101ra koncert\u0101, kas&hellip;\n","protected":false},"author":2,"featured_media":104912,"comment_status":"","ping_status":"","sticky":false,"template":"","format":"standard","meta":{"footnotes":"","_share_on_mastodon":"0"},"categories":[19],"tags":[89,90,25188,25189,35,39,38,36,37,34,5365,40,25190,25191],"class_list":["post-104911","post","type-post","status-publish","format-standard","has-post-thumbnail","category-izklaide","tag-entertainment","tag-izklaide","tag-kristaps-bergs","tag-kristine-blaumane","tag-latvia","tag-latvian","tag-latviesu","tag-latviesu-valoda","tag-latviesuvaloda","tag-latvija","tag-lnso","tag-lv","tag-olari-elts","tag-petera-vaska-cellkoncerts"],"share_on_mastodon":{"url":"https:\/\/pubeurope.com\/@lv\/115896106744599730","error":""},"_links":{"self":[{"href":"https:\/\/www.europesays.com\/lv\/wp-json\/wp\/v2\/posts\/104911","targetHints":{"allow":["GET"]}}],"collection":[{"href":"https:\/\/www.europesays.com\/lv\/wp-json\/wp\/v2\/posts"}],"about":[{"href":"https:\/\/www.europesays.com\/lv\/wp-json\/wp\/v2\/types\/post"}],"author":[{"embeddable":true,"href":"https:\/\/www.europesays.com\/lv\/wp-json\/wp\/v2\/users\/2"}],"replies":[{"embeddable":true,"href":"https:\/\/www.europesays.com\/lv\/wp-json\/wp\/v2\/comments?post=104911"}],"version-history":[{"count":0,"href":"https:\/\/www.europesays.com\/lv\/wp-json\/wp\/v2\/posts\/104911\/revisions"}],"wp:featuredmedia":[{"embeddable":true,"href":"https:\/\/www.europesays.com\/lv\/wp-json\/wp\/v2\/media\/104912"}],"wp:attachment":[{"href":"https:\/\/www.europesays.com\/lv\/wp-json\/wp\/v2\/media?parent=104911"}],"wp:term":[{"taxonomy":"category","embeddable":true,"href":"https:\/\/www.europesays.com\/lv\/wp-json\/wp\/v2\/categories?post=104911"},{"taxonomy":"post_tag","embeddable":true,"href":"https:\/\/www.europesays.com\/lv\/wp-json\/wp\/v2\/tags?post=104911"}],"curies":[{"name":"wp","href":"https:\/\/api.w.org\/{rel}","templated":true}]}}