{"id":104915,"date":"2026-01-14T23:47:15","date_gmt":"2026-01-14T23:47:15","guid":{"rendered":"https:\/\/www.europesays.com\/lv\/104915\/"},"modified":"2026-01-14T23:47:15","modified_gmt":"2026-01-14T23:47:15","slug":"intervija-ar-ziedot-lv-vaditaju-rutu-dimantu-14-01-2026-ieraksts-replay-lv","status":"publish","type":"post","link":"https:\/\/www.europesays.com\/lv\/104915\/","title":{"rendered":"Intervija ar Ziedot.lv vad\u012bt\u0101ju R\u016btu Dimantu \/ 14.01.2026 \/ Ieraksts \/ REplay.lv"},"content":{"rendered":"<p>Kad pirms Ziemassv\u0113tkiem nosl\u0113dz\u0101s LSM un ziedot.lv r\u012bkotais ikgad\u0113jais labdar\u012bbas maratons &#8220;Dod pieci!&#8221;, tika pieteikts, ka ziedot iesp\u0113jams l\u012bdz Zvaigznes dienai jeb 6. janv\u0101rim. Tiesa, jau decembr\u012b tika sav\u0101kta rekordliela summa &#8211; 1 001 388 eiro.\u00a0<\/p>\n<p>\u0160oreiz m\u0113r\u0137is bija pal\u012bdz\u0113t\u00a0apmaks\u0101t rehabilit\u0101cijas nodarb\u012bbas b\u0113rniem un jaunie\u0161iem ar neirolo\u0123iskiem kust\u012bbu trauc\u0113jumiem. Cik daudziem un cik ilg\u0101 laik\u0101 izdosies pal\u012bdz\u0113t? Par ziedojumiem k\u0101 vilc\u0113jsp\u0113ku cilv\u0113kiem gr\u016btos br\u012b\u017eos \u2013 \u0161or\u012bt saruna ar ziedot.lv vad\u012bt\u0101ju R\u016btu Dimantu.<\/p>\n","protected":false},"excerpt":{"rendered":"Kad pirms Ziemassv\u0113tkiem nosl\u0113dz\u0101s LSM un ziedot.lv r\u012bkotais ikgad\u0113jais labdar\u012bbas maratons &#8220;Dod pieci!&#8221;, tika pieteikts, ka ziedot iesp\u0113jams&hellip;\n","protected":false},"author":2,"featured_media":104916,"comment_status":"","ping_status":"","sticky":false,"template":"","format":"standard","meta":{"footnotes":""},"categories":[5],"tags":[23,28,29,32,33,22,30,31,35,39,38,36,37,34,40,20,26,27,24,25,21],"class_list":{"0":"post-104915","1":"post","2":"type-post","3":"status-publish","4":"format-standard","5":"has-post-thumbnail","7":"category-aktualitates","8":"tag-aktualitates","9":"tag-breaking-news","10":"tag-breakingnews","11":"tag-featured-news","12":"tag-featurednews","13":"tag-headlines","14":"tag-latest-news","15":"tag-latestnews","16":"tag-latvia","17":"tag-latvian","18":"tag-latviesu","19":"tag-latviesu-valoda","20":"tag-latviesuvaloda","21":"tag-latvija","22":"tag-lv","23":"tag-news","24":"tag-popularakas-zinas","25":"tag-popularakaszinas","26":"tag-top-stories","27":"tag-topstories","28":"tag-zinas"},"share_on_mastodon":{"url":"https:\/\/pubeurope.com\/@lv\/115896126210332849","error":""},"_links":{"self":[{"href":"https:\/\/www.europesays.com\/lv\/wp-json\/wp\/v2\/posts\/104915","targetHints":{"allow":["GET"]}}],"collection":[{"href":"https:\/\/www.europesays.com\/lv\/wp-json\/wp\/v2\/posts"}],"about":[{"href":"https:\/\/www.europesays.com\/lv\/wp-json\/wp\/v2\/types\/post"}],"author":[{"embeddable":true,"href":"https:\/\/www.europesays.com\/lv\/wp-json\/wp\/v2\/users\/2"}],"replies":[{"embeddable":true,"href":"https:\/\/www.europesays.com\/lv\/wp-json\/wp\/v2\/comments?post=104915"}],"version-history":[{"count":0,"href":"https:\/\/www.europesays.com\/lv\/wp-json\/wp\/v2\/posts\/104915\/revisions"}],"wp:featuredmedia":[{"embeddable":true,"href":"https:\/\/www.europesays.com\/lv\/wp-json\/wp\/v2\/media\/104916"}],"wp:attachment":[{"href":"https:\/\/www.europesays.com\/lv\/wp-json\/wp\/v2\/media?parent=104915"}],"wp:term":[{"taxonomy":"category","embeddable":true,"href":"https:\/\/www.europesays.com\/lv\/wp-json\/wp\/v2\/categories?post=104915"},{"taxonomy":"post_tag","embeddable":true,"href":"https:\/\/www.europesays.com\/lv\/wp-json\/wp\/v2\/tags?post=104915"}],"curies":[{"name":"wp","href":"https:\/\/api.w.org\/{rel}","templated":true}]}}