{"id":104936,"date":"2026-01-15T00:51:22","date_gmt":"2026-01-15T00:51:22","guid":{"rendered":"https:\/\/www.europesays.com\/lv\/104936\/"},"modified":"2026-01-15T00:51:22","modified_gmt":"2026-01-15T00:51:22","slug":"irana-bridina-ka-uzbruks-asv-militarajam-bazem-ja-vasingtona-iejauksies-protestos-zino-reuters","status":"publish","type":"post","link":"https:\/\/www.europesays.com\/lv\/104936\/","title":{"rendered":"Ir\u0101na br\u012bdina, ka uzbruks ASV milit\u0101raj\u0101m b\u0101z\u0113m, ja Va\u0161ingtona iejauksies protestos, zi\u0146o &#8220;Reuters&#8221;"},"content":{"rendered":"<p>Teher\u0101na esot br\u012bdin\u0101jusi kaimi\u0146valstis, ka t\u0101 uzbruks <a rel=\"noopener nofollow\" target=\"_blank\" href=\"https:\/\/www.delfi.lv\/temas\/42596146\/asv\" data-rel-date-range=\"[]\">ASV<\/a> milit\u0101raj\u0101m b\u0101z\u0113m, ja Va\u0161ingtona \u012bstenos draudus iejaukties protestos Ir\u0101n\u0101, tre\u0161dien a\u0123ent\u016brai &#8220;Reuters&#8221; past\u0101st\u012bja augsta ranga ir\u0101\u0146u amatpersona.<\/p>\n<p>Ir\u0101\u0146u amatpersona, kas l\u016bgusi palikt anon\u012bma, medijam skaidrojusi, ka Teher\u0101na ir l\u016bgusi ASV sabiedrotajiem Tuvo Austrumu re\u0123ion\u0101 &#8220;ne\u013caut Va\u0161ingtonai uzbrukt <a rel=\"noopener nofollow\" target=\"_blank\" href=\"https:\/\/www.delfi.lv\/temas\/38804349\/irana\" data-rel-date-range=\"[]\">Ir\u0101nai<\/a>&#8220;.<\/p>\n<p>&#8220;Teher\u0101na ir pazi\u0146ojusi re\u0123iona valst\u012bm, s\u0101kot no Sa\u016bda Ar\u0101bijas un Apvienotajiem Ar\u0101bu Emir\u0101tiem (AAE) l\u012bdz pat Turcijai, ka [Ir\u0101na] uzbruks ASV b\u0101z\u0113m \u0161aj\u0101s valst\u012bs,&#8221; sac\u012bjusi amatpersona.<\/p>\n<p>Avots piebildis, ka pieaugo\u0161o spriedzi starp ab\u0101m valst\u012bm iez\u012bm\u0113 ar\u012b kontaktu p\u0101rtrauk\u0161ana starp Ir\u0101nas \u0101rlietu ministru Abasu Arag\u010di un ASV s\u016btni St\u012bvu Vitkofu. ASV prezidents <a rel=\"noopener nofollow\" target=\"_blank\" href=\"https:\/\/www.delfi.lv\/temas\/42006990\/donalds-tramps\" data-rel-date-range=\"[]\">Donalds Tramps<\/a>, rea\u0123\u0113jot uz represij\u0101m, ir apsv\u0113ris milit\u0101ras un citas iesp\u0113jas, jau izzi\u0146ojot 25% tarifus jebkurai valstij, kas tirgojas ar Teher\u0101nu.<\/p>\n<p>Lai turpin\u0101tu las\u012bt, ieg\u0101d\u0101jies abonementu.<\/p>\n<p class=\"fs-4\">L\u016bdzu, uzgaidi!<\/p>\n<p class=\"fs-5\">Piel\u0101gojam Tev piem\u0113rot\u0101ko abon\u0113\u0161anas pied\u0101v\u0101jumu&#8230;<\/p>\n<p class=\"lh-1 fs-6 text-muted pt-3 mt-5\">Abon\u0113\u0161anas pied\u0101v\u0101jums nav redzams? L\u016bdzu, izsl\u0113dz rekl\u0101mu blo\u0137\u0113t\u0101ju vai  p\u0101rl\u0101d\u0113 lapu.<br \/>Jaut\u0101jumu gad\u012bjum\u0101 raksti <a href=\"https:\/\/www.delfi.lv\/46713439\/arzemes\/120102561\/mailto:konts@delfi.lv\" class=\"text-primary\" rel=\"nofollow noopener\" target=\"_blank\">konts@delfi.lv<\/a><\/p>\n<p class=\"m-0\">Seko &#8220;Delfi&#8221; ar\u012b  <a target=\"_blank\" href=\"https:\/\/www.instagram.com\/delfi.lv\/\" rel=\"nofollow noopener\">Instagram<\/a>  un <a target=\"_blank\" href=\"https:\/\/www.youtube.com\/channel\/UCw5foWtcJvAbUm64rv7jwUQ\" rel=\"nofollow noopener\">YouTube<\/a>  profil\u0101 \u2013 pievienojies, lai uzzin\u0101tu svar\u012bg\u0101ko un interesant\u0101ko pirmais!<\/p>\n<p>Publik\u0101cijas saturs vai t\u0101s jebk\u0101da apjoma da\u013ca ir aizsarg\u0101ts autorties\u012bbu objekts Autorties\u012bbu likuma izpratn\u0113, un t\u0101 izmanto\u0161ana bez izdev\u0113ja at\u013caujas ir aizliegta. Vair\u0101k lasi  <a target=\"_blank\" href=\"https:\/\/www.delfi.lv\/noteikumi#autortiesibas\" rel=\"nofollow noopener\">\u0161eit<\/a><script async src=\"\/\/www.instagram.com\/embed.js\"><\/script><\/p>\n","protected":false},"excerpt":{"rendered":"Teher\u0101na esot br\u012bdin\u0101jusi kaimi\u0146valstis, ka t\u0101 uzbruks ASV milit\u0101raj\u0101m b\u0101z\u0113m, ja Va\u0161ingtona \u012bstenos draudus iejaukties protestos Ir\u0101n\u0101, tre\u0161dien&hellip;\n","protected":false},"author":2,"featured_media":104937,"comment_status":"","ping_status":"","sticky":false,"template":"","format":"standard","meta":{"footnotes":""},"categories":[14],"tags":[23,57,292,28,29,542,32,33,22,2562,30,31,35,39,38,36,37,34,40,20,26,27,24,25,54,55,56,21,58],"class_list":{"0":"post-104936","1":"post","2":"type-post","3":"status-publish","4":"format-standard","5":"has-post-thumbnail","7":"category-zinas-no-arvalstim","8":"tag-aktualitates","9":"tag-arvalstim","10":"tag-asv","11":"tag-breaking-news","12":"tag-breakingnews","13":"tag-donalds-tramps","14":"tag-featured-news","15":"tag-featurednews","16":"tag-headlines","17":"tag-irana","18":"tag-latest-news","19":"tag-latestnews","20":"tag-latvia","21":"tag-latvian","22":"tag-latviesu","23":"tag-latviesu-valoda","24":"tag-latviesuvaloda","25":"tag-latvija","26":"tag-lv","27":"tag-news","28":"tag-popularakas-zinas","29":"tag-popularakaszinas","30":"tag-top-stories","31":"tag-topstories","32":"tag-world","33":"tag-world-news","34":"tag-worldnews","35":"tag-zinas","36":"tag-zinas-no-arvalstim"},"share_on_mastodon":{"url":"https:\/\/pubeurope.com\/@lv\/115896377850024874","error":""},"_links":{"self":[{"href":"https:\/\/www.europesays.com\/lv\/wp-json\/wp\/v2\/posts\/104936","targetHints":{"allow":["GET"]}}],"collection":[{"href":"https:\/\/www.europesays.com\/lv\/wp-json\/wp\/v2\/posts"}],"about":[{"href":"https:\/\/www.europesays.com\/lv\/wp-json\/wp\/v2\/types\/post"}],"author":[{"embeddable":true,"href":"https:\/\/www.europesays.com\/lv\/wp-json\/wp\/v2\/users\/2"}],"replies":[{"embeddable":true,"href":"https:\/\/www.europesays.com\/lv\/wp-json\/wp\/v2\/comments?post=104936"}],"version-history":[{"count":0,"href":"https:\/\/www.europesays.com\/lv\/wp-json\/wp\/v2\/posts\/104936\/revisions"}],"wp:featuredmedia":[{"embeddable":true,"href":"https:\/\/www.europesays.com\/lv\/wp-json\/wp\/v2\/media\/104937"}],"wp:attachment":[{"href":"https:\/\/www.europesays.com\/lv\/wp-json\/wp\/v2\/media?parent=104936"}],"wp:term":[{"taxonomy":"category","embeddable":true,"href":"https:\/\/www.europesays.com\/lv\/wp-json\/wp\/v2\/categories?post=104936"},{"taxonomy":"post_tag","embeddable":true,"href":"https:\/\/www.europesays.com\/lv\/wp-json\/wp\/v2\/tags?post=104936"}],"curies":[{"name":"wp","href":"https:\/\/api.w.org\/{rel}","templated":true}]}}