{"id":10494,"date":"2025-10-02T10:56:07","date_gmt":"2025-10-02T10:56:07","guid":{"rendered":"https:\/\/www.europesays.com\/lv\/10494\/"},"modified":"2025-10-02T10:56:07","modified_gmt":"2025-10-02T10:56:07","slug":"ceturtdien-tiks-sasaukta-vel-viena-arkartas-saeimas-sede","status":"publish","type":"post","link":"https:\/\/www.europesays.com\/lv\/10494\/","title":{"rendered":"Ceturtdien tiks sasaukta v\u0113l viena \u0101rk\u0101rtas Saeimas s\u0113de"},"content":{"rendered":"<p>\u0100rk\u0101rtas s\u0113d\u0113 tiks skat\u012bti vair\u0101ki likumprojekti, k\u0101 ar\u012b opoz\u012bcijas rosin\u0101tais demisijas piepras\u012bjums Ministru prezidentei Evikai Sili\u0146ai (JV).<\/p>\n<p>Saeimas ceturtdienas k\u0101rt\u0113j\u0101 s\u0113de tika sl\u0113gta, Saeimas opoz\u012bcijai &#8220;noraujot kvorumu&#8221; balsojum\u0101 par groz\u012bjumiem likum\u0101 &#8220;Par pies\u0101r\u0146ojumu&#8221;, kas paredz p\u0101r\u0146emt Eiropas Savien\u012bbas (ES) emisijas kvotu tirdzniec\u012bbas sist\u0113mas (ETS) un emisijas kvotu tirdzniec\u012bbas sist\u0113mas \u0113ku, transporta un papildu sektoros (ETS2) darb\u012bbu regul\u0113jo\u0161\u0101s ES direkt\u012bvas.<\/p>\n<p>Vair\u0101kas reizes balsojot, par likumprojekta sesto priek\u0161likumu nobalsoja 48 deput\u0101ti. Kvoruma tr\u016bkuma d\u0113\u013c Saeimas priek\u0161s\u0113d\u0113t\u0101ja Daiga Mieri\u0146a (ZZS) sl\u0113dza parlamenta s\u0113di.<\/p>\n<p>Opoz\u012bcija &#8220;kvorumu nor\u0101va&#8221; ar\u012b iepriek\u0161\u0113j\u0101 Saeimas s\u0113d\u0113, t\u0101p\u0113c t\u0101 tika sl\u0113gta, deput\u0101tiem neizskatot virkni likumprojektu.<\/p>\n<p>P\u0113c tam tika izsludin\u0101ta Saeimas \u0101rk\u0101rtas s\u0113de, kur\u0101 tika pie\u0146emts likums viegl\u0101kai pretmobilit\u0101tes infrastrukt\u016bras izveidei pierobe\u017e\u0101.<\/p>\n<p><a href=\"https:\/\/www.apollo.lv\/term\/556185\/saeima\" class=\"topicLink\" target=\"_blank\" rel=\"nofollow noopener\">Saeima<\/a> sast\u0101v no 100 tautas priek\u0161st\u0101vjiem jeb deput\u0101tiem. Savuk\u0101rt atbilsto\u0161i Satversmei un Saeimas k\u0101rt\u012bbas rullim parlamenta s\u0113des var notikt tikai tad, ja taj\u0101s piedal\u0101s vismaz puse Saeimas locek\u013cu, tas ir, 50 deput\u0101tu, kas ir minim\u0101lais deput\u0101tu skaits jeb kvorums.<\/p>\n<p>T\u0101pat Saeimas k\u0101rt\u0113j\u0101s s\u0113des dienask\u0101rt\u012bb\u0101 bija ar\u012b jaut\u0101jums par demisijas piepras\u012bjumu Ministru prezidentei Evikai Sili\u0146ai (JV).<\/p>\n","protected":false},"excerpt":{"rendered":"\u0100rk\u0101rtas s\u0113d\u0113 tiks skat\u012bti vair\u0101ki likumprojekti, k\u0101 ar\u012b opoz\u012bcijas rosin\u0101tais demisijas piepras\u012bjums Ministru prezidentei Evikai Sili\u0146ai (JV). Saeimas&hellip;\n","protected":false},"author":2,"featured_media":10495,"comment_status":"","ping_status":"","sticky":false,"template":"","format":"standard","meta":{"footnotes":""},"categories":[12],"tags":[23,28,29,32,33,22,30,31,35,39,38,36,37,34,40,20,26,27,141,3969,24,25,21],"class_list":{"0":"post-10494","1":"post","2":"type-post","3":"status-publish","4":"format-standard","5":"has-post-thumbnail","7":"category-latvija","8":"tag-aktualitates","9":"tag-breaking-news","10":"tag-breakingnews","11":"tag-featured-news","12":"tag-featurednews","13":"tag-headlines","14":"tag-latest-news","15":"tag-latestnews","16":"tag-latvia","17":"tag-latvian","18":"tag-latviesu","19":"tag-latviesu-valoda","20":"tag-latviesuvaloda","21":"tag-latvija","22":"tag-lv","23":"tag-news","24":"tag-popularakas-zinas","25":"tag-popularakaszinas","26":"tag-saeima","27":"tag-saeimas-sede","28":"tag-top-stories","29":"tag-topstories","30":"tag-zinas"},"share_on_mastodon":{"url":"","error":""},"_links":{"self":[{"href":"https:\/\/www.europesays.com\/lv\/wp-json\/wp\/v2\/posts\/10494","targetHints":{"allow":["GET"]}}],"collection":[{"href":"https:\/\/www.europesays.com\/lv\/wp-json\/wp\/v2\/posts"}],"about":[{"href":"https:\/\/www.europesays.com\/lv\/wp-json\/wp\/v2\/types\/post"}],"author":[{"embeddable":true,"href":"https:\/\/www.europesays.com\/lv\/wp-json\/wp\/v2\/users\/2"}],"replies":[{"embeddable":true,"href":"https:\/\/www.europesays.com\/lv\/wp-json\/wp\/v2\/comments?post=10494"}],"version-history":[{"count":0,"href":"https:\/\/www.europesays.com\/lv\/wp-json\/wp\/v2\/posts\/10494\/revisions"}],"wp:featuredmedia":[{"embeddable":true,"href":"https:\/\/www.europesays.com\/lv\/wp-json\/wp\/v2\/media\/10495"}],"wp:attachment":[{"href":"https:\/\/www.europesays.com\/lv\/wp-json\/wp\/v2\/media?parent=10494"}],"wp:term":[{"taxonomy":"category","embeddable":true,"href":"https:\/\/www.europesays.com\/lv\/wp-json\/wp\/v2\/categories?post=10494"},{"taxonomy":"post_tag","embeddable":true,"href":"https:\/\/www.europesays.com\/lv\/wp-json\/wp\/v2\/tags?post=10494"}],"curies":[{"name":"wp","href":"https:\/\/api.w.org\/{rel}","templated":true}]}}