{"id":104945,"date":"2026-01-15T01:53:10","date_gmt":"2026-01-15T01:53:10","guid":{"rendered":"https:\/\/www.europesays.com\/lv\/104945\/"},"modified":"2026-01-15T01:53:10","modified_gmt":"2026-01-15T01:53:10","slug":"konkursa-uz-slimibu-profilakses-un-kontroles-centra-direktora-amatu-pieteikusies-11-pretendenti","status":"publish","type":"post","link":"https:\/\/www.europesays.com\/lv\/104945\/","title":{"rendered":"Konkurs\u0101 uz Slim\u012bbu profilakses un kontroles centra direktora amatu pieteiku\u0161ies 11 pretendenti"},"content":{"rendered":"<p>Nosl\u0113gusies pieteik\u0161an\u0101s atkl\u0101tam konkursam uz Slim\u012bbu profilakses un kontroles centra (SPKC) direktora amatu \u2013 pieteikumi sa\u0146emti no 11 pretendentiem.<\/p>\n<p>Amata konkurss, kas tika izsludin\u0101ts 2025. gada 15. decembr\u012b, norisin\u0101sies tr\u012bs k\u0101rt\u0101s. Pirm\u0101s k\u0101rtas laik\u0101 konkursa komisija izv\u0113rt\u0113s iesniegtos dokumentus un pretendentu atbilst\u012bbu noteiktaj\u0101m oblig\u0101taj\u0101m pras\u012bb\u0101m.<\/p>\n<p>Konkursa otraj\u0101 k\u0101rt\u0101 pretendenti konkursa komisijai skaidros savu motiv\u0101ciju ie\u0146emt SPKC direktora amatu, atbild\u0113s uz komisijas jaut\u0101jumiem, k\u0101 ar\u012b prezent\u0113s savu redz\u0113jumu par SPKC att\u012bst\u012bbu un iest\u0101des lomas stiprin\u0101\u0161anu sabiedr\u012bbas vesel\u012bbas veicin\u0101\u0161an\u0101 nacion\u0101l\u0101 un starptautisk\u0101 l\u012bmen\u012b n\u0101kamajiem pieciem gadiem.<\/p>\n<p>Savuk\u0101rt konkursa tre\u0161aj\u0101 k\u0101rt\u0101 tiks v\u0113rt\u0113tas pretendentu vad\u012bbas kompetences, tostarp komandas vad\u012b\u0161ana, strat\u0113\u0123iskais redz\u0113jums, p\u0101rmai\u0146u vad\u012bba, orient\u0101cija uz rezult\u0101tu sasnieg\u0161anu, sp\u0113ja pie\u0146emt l\u0113mumus un uz\u0146emties atbild\u012bbu.<\/p>\n<p>Konkursa nosl\u0113gum\u0101 pretendents vai pretendenti, kuri b\u016bs sa\u0146\u0113mu\u0161i visaugst\u0101ko nov\u0113rt\u0113jumu, tiks ieteikti vesel\u012bbas ministram iecel\u0161anai SPKC direktora amat\u0101.<\/p>\n<p>Konkursa pretendentu v\u0113rt\u0113\u0161anas komisiju vad\u012bs Vesel\u012bbas ministrijas valsts sekret\u0101re Agnese Va\u013culiene. Komisijas sast\u0101v\u0101 ir Vesel\u012bbas ministrijas valsts sekret\u0101ra vietnieks vesel\u012bbas politikas jaut\u0101jumos Svens Henkuzens, R\u012bgas Stradi\u0146a universit\u0101tes Sabiedr\u012bbas vesel\u012bbas instit\u016bta direktore Anda \u0136\u012bv\u012bte-Urt\u0101ne, P\u0101rtikas dro\u0161\u012bbas, dz\u012bvnieku vesel\u012bbas un vides zin\u0101tnisk\u0101 instit\u016bta \u201cBIOR\u201d zin\u0101tnisk\u0101s padomes priek\u0161s\u0113d\u0113t\u0101js Aivars B\u0113rzi\u0146\u0161, k\u0101 ar\u012b Valsts kancelejas Cilv\u0113kresursu politikas departamenta vad\u012bt\u0101ja \u0112rika Todj\u0113re.<\/p>\n<p>Par konkursa norises un pretendentu v\u0113rt\u0113\u0161anas procesa nov\u0113rot\u0101jiem uzaicin\u0101ti: vesel\u012bbas ministra biroja vad\u012bt\u0101ja Ren\u0101te Gremze, Vesel\u012bbas ministrijas Sabiedr\u012bbas vesel\u012bbas departamenta direktore Jana Feldmane un Latvijas Jauno \u0101rstu asoci\u0101cijas valdes priek\u0161s\u0113d\u0113t\u0101js R\u016bdolfs Vilde.<\/p>\n<p>          <img decoding=\"async\" src=\"https:\/\/www.europesays.com\/lv\/wp-content\/uploads\/2026\/01\/1767645852_487_logo-lv.png\" alt=\"\"\/><\/p>\n<p>                  \u0160\u012b inform\u0101cija ir publisks pazi\u0146ojums un neatspogu\u013co LV port\u0101la viedokli. Par t\u0101s saturu atbild ies\u016bt\u012bt\u0101js. <a data-popup=\"rules\">Public\u0113\u0161anas noteikumi<\/a><\/p>\n","protected":false},"excerpt":{"rendered":"Nosl\u0113gusies pieteik\u0161an\u0101s atkl\u0101tam konkursam uz Slim\u012bbu profilakses un kontroles centra (SPKC) direktora amatu \u2013 pieteikumi sa\u0146emti no 11&hellip;\n","protected":false},"author":2,"featured_media":95583,"comment_status":"","ping_status":"","sticky":false,"template":"","format":"standard","meta":{"footnotes":""},"categories":[12],"tags":[23,28,29,32,33,22,30,31,35,39,38,36,37,34,40,20,26,27,24,25,21],"class_list":{"0":"post-104945","1":"post","2":"type-post","3":"status-publish","4":"format-standard","5":"has-post-thumbnail","7":"category-latvija","8":"tag-aktualitates","9":"tag-breaking-news","10":"tag-breakingnews","11":"tag-featured-news","12":"tag-featurednews","13":"tag-headlines","14":"tag-latest-news","15":"tag-latestnews","16":"tag-latvia","17":"tag-latvian","18":"tag-latviesu","19":"tag-latviesu-valoda","20":"tag-latviesuvaloda","21":"tag-latvija","22":"tag-lv","23":"tag-news","24":"tag-popularakas-zinas","25":"tag-popularakaszinas","26":"tag-top-stories","27":"tag-topstories","28":"tag-zinas"},"share_on_mastodon":{"url":"https:\/\/pubeurope.com\/@lv\/115896621659569686","error":""},"_links":{"self":[{"href":"https:\/\/www.europesays.com\/lv\/wp-json\/wp\/v2\/posts\/104945","targetHints":{"allow":["GET"]}}],"collection":[{"href":"https:\/\/www.europesays.com\/lv\/wp-json\/wp\/v2\/posts"}],"about":[{"href":"https:\/\/www.europesays.com\/lv\/wp-json\/wp\/v2\/types\/post"}],"author":[{"embeddable":true,"href":"https:\/\/www.europesays.com\/lv\/wp-json\/wp\/v2\/users\/2"}],"replies":[{"embeddable":true,"href":"https:\/\/www.europesays.com\/lv\/wp-json\/wp\/v2\/comments?post=104945"}],"version-history":[{"count":0,"href":"https:\/\/www.europesays.com\/lv\/wp-json\/wp\/v2\/posts\/104945\/revisions"}],"wp:featuredmedia":[{"embeddable":true,"href":"https:\/\/www.europesays.com\/lv\/wp-json\/wp\/v2\/media\/95583"}],"wp:attachment":[{"href":"https:\/\/www.europesays.com\/lv\/wp-json\/wp\/v2\/media?parent=104945"}],"wp:term":[{"taxonomy":"category","embeddable":true,"href":"https:\/\/www.europesays.com\/lv\/wp-json\/wp\/v2\/categories?post=104945"},{"taxonomy":"post_tag","embeddable":true,"href":"https:\/\/www.europesays.com\/lv\/wp-json\/wp\/v2\/tags?post=104945"}],"curies":[{"name":"wp","href":"https:\/\/api.w.org\/{rel}","templated":true}]}}