{"id":104946,"date":"2026-01-15T01:59:16","date_gmt":"2026-01-15T01:59:16","guid":{"rendered":"https:\/\/www.europesays.com\/lv\/104946\/"},"modified":"2026-01-15T01:59:16","modified_gmt":"2026-01-15T01:59:16","slug":"varda-brivibas-ierobezosana-mediji-cel-trauksmi-par-ieceretajiem-grozijumiem-likuma","status":"publish","type":"post","link":"https:\/\/www.europesays.com\/lv\/104946\/","title":{"rendered":"V\u0101rda br\u012bv\u012bbas ierobe\u017eo\u0161ana? Mediji ce\u013c trauksmi par iecer\u0113tajiem groz\u012bjumiem likum\u0101"},"content":{"rendered":"<p class=\"lead\">\n                                Latvijas mediju vid\u0113 izrais\u012bjies pla\u0161s satraukuma vilnis par vald\u012bb\u0101 dr\u012bzum\u0101 skat\u0101majiem groz\u012bjumiem likum\u0101 par presi un citiem masu inform\u0101cijas l\u012bdzek\u013ciem. \u017durn\u0101listu organiz\u0101cijas br\u012bdina, ka iecer\u0113t\u0101s izmai\u0146as var\u0113tu b\u016btiski ierobe\u017eot v\u0101rda br\u012bv\u012bbu un sabiedr\u012bbas ties\u012bbas sa\u0146emt inform\u0101ciju par valsts varas darb\u012bbu, tostarp gad\u012bjumos, kad inform\u0101cija non\u0101k \u017eurn\u0101listu r\u012bc\u012bb\u0101 no trauksmes c\u0113l\u0113jiem, v\u0113sta 360TV Zi\u0146as.\n                            <\/p>\n<p>Latvijas \u017durn\u0101listu asoci\u0101cija nor\u0101da, ka groz\u012bjumi p\u0113c b\u016bt\u012bbas paredz aizliegt public\u0113t noteikta veida inform\u0101ciju, kas ieg\u016bta no iest\u0101\u017eu iek\u0161\u0113jiem dokumentiem, pat ja t\u0101 ir sabiedr\u012bbas interes\u0113s. Asoci\u0101cijas ieskat\u0101 priek\u0161likumi esot formul\u0113ti k\u0101 tehniski vai redakcion\u0101li labojumi, ta\u010du paties\u012bb\u0101 tie var\u0113tu dot iesp\u0113ju iest\u0101d\u0113m pla\u0161i pasludin\u0101t da\u017e\u0101du inform\u0101ciju par slepenu, liedzot \u017eurn\u0101listiem iesp\u0113ju atkl\u0101t, piem\u0113ram, publisko l\u012bdzek\u013cu izlietojumu vai iepirkumu deta\u013cas. \u017durn\u0101listu p\u0101rst\u0101vji uzsver, ka tas rad\u012btu situ\u0101ciju, kur\u0101 sabiedr\u012bba var\u0113tu neuzzin\u0101t b\u016btisku inform\u0101ciju par valsts p\u0101rvaldes l\u0113mumiem.<\/p>\n<p>Asoci\u0101cija par nepie\u0146emamu uzskata ar\u012b to, ka \u0161\u0101di v\u0101rda br\u012bv\u012bbu skaro\u0161i groz\u012bjumi sagatavoti bez pien\u0101c\u012bgas apsprie\u0161anas ar mediju nozari. T\u0101s skat\u012bjum\u0101 tas liecina par nepietiekamu izpratni par \u017eurn\u0101listikas lomu demokr\u0101tisk\u0101 valst\u012b un risku, ka likuma izmai\u0146as var tikt izmantotas, lai ierobe\u017eotu kritisku un p\u0113tniecisku \u017eurn\u0101listiku.<\/p>\n<p>Tikm\u0113r Kult\u016bras ministrija, kas ir atbild\u012bga par mediju politiku, atzinusi, ka konkr\u0113tais priek\u0161likums sagatavo\u0161anas proces\u0101 nav pietiekami izv\u0113rt\u0113ts. Ministrija saredz taj\u0101 iesp\u0113jamu v\u0101rda br\u012bv\u012bbas apdraud\u0113jumu un nor\u0101da, ka groz\u012bjumu b\u016bt\u012bba, iesp\u0113jams, nav piln\u012bb\u0101 izprasta ar\u012b Tieslietu ministrij\u0101, kuras p\u0101rzi\u0146\u0101 ir likumprojekta izstr\u0101de. Vienlaikus Kult\u016bras ministrija pau\u017e cer\u012bbu, ka tas nav bijis apzin\u0101ts m\u0113\u0123in\u0101jums ierobe\u017eot mediju br\u012bv\u012bbu, un sola turpm\u0101kaj\u0101s diskusij\u0101s akt\u012bvi iesaist\u012bt ar\u012b pa\u0161us medijus.<\/p>\n<p>VIDEO:<\/p>\n<p class=\"paragraph-muted\">Izv\u0113lies savu soct\u012bklu platformu, lai sekotu LASI.LV: <a href=\"https:\/\/www.facebook.com\/portals.lasi.lv\" target=\"_blank\" rel=\"noopener noreferrer nofollow\">Facebook<\/a>, <a href=\"https:\/\/twitter.com\/lasilvportals\" target=\"_blank\" rel=\"noopener noreferrer nofollow\">X<\/a>, <a href=\"https:\/\/bsky.app\/profile\/lasilv.bsky.social\" target=\"_blank\" rel=\"noopener noreferrer nofollow\">Bluesky<\/a>, <a href=\"https:\/\/www.draugiem.lv\/lasilv\/?pg=4\" target=\"_blank\" rel=\"noopener noreferrer nofollow\">Draugiem<\/a>, <a href=\"https:\/\/www.threads.com\/@lasilv_zinas\" rel=\"nofollow noopener\" target=\"_blank\">Threads<\/a> vai ar\u012b <a href=\"https:\/\/www.instagram.com\/lasilv_zinas\/\" target=\"_blank\" rel=\"noopener noreferrer nofollow\">Instagram<\/a>. Pievienojies m\u016bsu las\u012bt\u0101ju pulkam, lai sa\u0146emtu \u012bpa\u0161i tev atlas\u012btu noder\u012bgu, praktisku un aktu\u0101lu saturu.\u00a0<\/p>\n<p style=\"margin-left:auto;\">Pieraksties LASI.LV redaktora v\u0113stkopai <a href=\"https:\/\/lasi.lv\/vestkopa\/lasi-lv-galvena-redaktora-vestkopa\" rel=\"nofollow noopener\" target=\"_blank\">\u0161eit<\/a>.<\/p>\n<p>Pieraksties v\u0113stkopai un divas reizes ned\u0113\u013c\u0101 sa\u0146em padzi\u013cin\u0101tu LASI.LV galven\u0101 redaktora aktu\u0101lo zi\u0146u, kompetentu viedok\u013cu un interesant\u0101ko interviju apkopojumu.<\/p>\n<p>Ko tu sa\u0146emsi:<\/p>\n<ul>\n<li>Daudzveid\u012bgus koment\u0101rus un kompetentus Latvijas Mediju \u017eurn\u0101listu un autoru viedok\u013cus par aktu\u0101lo<\/li>\n<li>Ekspertu koment\u0101rus par da\u017e\u0101diem praktiskiem, noder\u012bgiem tematiem<\/li>\n<li>Aizraujo\u0161us materi\u0101lus par v\u0113sturi, psiholo\u0123iju, kult\u016bru<\/li>\n<li>Gata \u0160\u013c\u016bkas karikat\u016bru<\/li>\n<li>Tav\u0101 e-pasta kast\u012bt\u0113 katru ceturtdienu<\/li>\n<\/ul>\n<p style=\"margin-left:auto;\">\u00a0<\/p>\n<p><script async src=\"https:\/\/platform.twitter.com\/widgets.js\" charset=\"utf-8\"><\/script><script async src=\"\/\/www.instagram.com\/embed.js\"><\/script><\/p>\n","protected":false},"excerpt":{"rendered":"Latvijas mediju vid\u0113 izrais\u012bjies pla\u0161s satraukuma vilnis par vald\u012bb\u0101 dr\u012bzum\u0101 skat\u0101majiem groz\u012bjumiem likum\u0101 par presi un citiem masu&hellip;\n","protected":false},"author":2,"featured_media":104947,"comment_status":"","ping_status":"","sticky":false,"template":"","format":"standard","meta":{"footnotes":""},"categories":[12],"tags":[23,28,29,32,33,22,30,31,35,39,38,36,37,34,40,20,26,27,24,25,21],"class_list":{"0":"post-104946","1":"post","2":"type-post","3":"status-publish","4":"format-standard","5":"has-post-thumbnail","7":"category-latvija","8":"tag-aktualitates","9":"tag-breaking-news","10":"tag-breakingnews","11":"tag-featured-news","12":"tag-featurednews","13":"tag-headlines","14":"tag-latest-news","15":"tag-latestnews","16":"tag-latvia","17":"tag-latvian","18":"tag-latviesu","19":"tag-latviesu-valoda","20":"tag-latviesuvaloda","21":"tag-latvija","22":"tag-lv","23":"tag-news","24":"tag-popularakas-zinas","25":"tag-popularakaszinas","26":"tag-top-stories","27":"tag-topstories","28":"tag-zinas"},"share_on_mastodon":{"url":"https:\/\/pubeurope.com\/@lv\/115896645241064263","error":""},"_links":{"self":[{"href":"https:\/\/www.europesays.com\/lv\/wp-json\/wp\/v2\/posts\/104946","targetHints":{"allow":["GET"]}}],"collection":[{"href":"https:\/\/www.europesays.com\/lv\/wp-json\/wp\/v2\/posts"}],"about":[{"href":"https:\/\/www.europesays.com\/lv\/wp-json\/wp\/v2\/types\/post"}],"author":[{"embeddable":true,"href":"https:\/\/www.europesays.com\/lv\/wp-json\/wp\/v2\/users\/2"}],"replies":[{"embeddable":true,"href":"https:\/\/www.europesays.com\/lv\/wp-json\/wp\/v2\/comments?post=104946"}],"version-history":[{"count":0,"href":"https:\/\/www.europesays.com\/lv\/wp-json\/wp\/v2\/posts\/104946\/revisions"}],"wp:featuredmedia":[{"embeddable":true,"href":"https:\/\/www.europesays.com\/lv\/wp-json\/wp\/v2\/media\/104947"}],"wp:attachment":[{"href":"https:\/\/www.europesays.com\/lv\/wp-json\/wp\/v2\/media?parent=104946"}],"wp:term":[{"taxonomy":"category","embeddable":true,"href":"https:\/\/www.europesays.com\/lv\/wp-json\/wp\/v2\/categories?post=104946"},{"taxonomy":"post_tag","embeddable":true,"href":"https:\/\/www.europesays.com\/lv\/wp-json\/wp\/v2\/tags?post=104946"}],"curies":[{"name":"wp","href":"https:\/\/api.w.org\/{rel}","templated":true}]}}