{"id":104950,"date":"2026-01-15T02:47:08","date_gmt":"2026-01-15T02:47:08","guid":{"rendered":"https:\/\/www.europesays.com\/lv\/104950\/"},"modified":"2026-01-15T02:47:08","modified_gmt":"2026-01-15T02:47:08","slug":"ikvienam-jaunietim-butu-jazina-par-papilomas-virusu","status":"publish","type":"post","link":"https:\/\/www.europesays.com\/lv\/104950\/","title":{"rendered":"Ikvienam jaunietim b\u016btu j\u0101zina par papilomas v\u012brusu"},"content":{"rendered":"<p>T\u0101tad jaunie\u0161i varb\u016bt pat nezina, ka cilv\u0113ka papilomas v\u012brusam ir saist\u012bba ar v\u0113zi?<\/p>\n<p>\u2013 Manupr\u0101t, zin\u0101\u0161anas par CPV visp\u0101r nav pietiekamas, nemaz nerun\u0101jot par CPV sasaisti ar v\u0113\u017ea veido\u0161anos. Jaunie\u0161iem ir tieksme pretoties \u201cuzspiest\u0101m zin\u0101\u0161an\u0101m\u201d, jo ir v\u0113lme k\u013c\u016bt par person\u012bbu, veidot savas priorit\u0101tes, kas nav saist\u012btas ar vec\u0101ku nor\u0101d\u012bjumiem vai skol\u0101 pasniegto inform\u0101ciju. 21. gadsimt\u0101 probl\u0113ma nav inform\u0101cijas pieejam\u012bba, bet gan v\u0113lme klaus\u012bties, las\u012bt, iedzi\u013cin\u0101ties. Visiem ir j\u0101atceras, ka zin\u0101\u0161anas ir katra individu\u0101l\u0101 atbild\u012bba. Daudzi j\u016btas jauni, veseli un dom\u0101, ka vesel\u012bbas probl\u0113mas skar citus vai ar\u012b vi\u0146us skars daudz v\u0113l\u0101k. Diem\u017e\u0113l cilv\u0113ki m\u0113dz uztraukties tikai tad, kad slim\u012bba skar vi\u0146us pa\u0161us vai tuviniekus.<\/p>\n<p>Vai at\u0161\u0137iras pui\u0161u un meite\u0146u attieksme pret CPV vakc\u012bnu? K\u0101 lab\u0101k uzrun\u0101t pui\u0161us?<\/p>\n<p>\u2013 Vakcin\u0101cija ilgu laiku bija valsts atmaks\u0101ta tikai meiten\u0113m, un, neskatoties uz to, ka v\u012bruss ietekm\u0113 abus dzimumus. Galven\u0101 m\u0113r\u0137auditorija bija meitenes, t\u0101p\u0113c ar\u012b meitenes vair\u0101k par to zina. Lai piesaist\u012btu pui\u0161u auditoriju, ir j\u0101inform\u0113 vec\u0101ki par vakcin\u0101ciju pusaud\u017eu gados. Svar\u012bgi nevis vienk\u0101r\u0161i inform\u0113t, bet skaidri un interesanti st\u0101st\u012bt par p\u0113t\u012bjumiem, nosaukt iesp\u0113jam\u0101s patolo\u0123ijas, ja nevakcin\u0113sies, k\u0101 ar\u012b min\u0113t konkr\u0113tus skait\u013cus, piem\u0113ram, cik daudzi nevakcin\u0113ti v\u012brie\u0161i ir saslimu\u0161i, cik viegli ir infic\u0113ties.<\/p>\n<p>Kur jaunie\u0161i ieg\u016bst inform\u0101ciju par vesel\u012bbu un vakc\u012bn\u0101m?<\/p>\n<p>\u2013 Dom\u0101ju, ka inform\u0101ciju par nepiecie\u0161amaj\u0101m vakc\u012bn\u0101m jaunie\u0161i pa\u0161i nemekl\u0113, bet to sa\u0146em no medic\u012bnas speci\u0101listiem, piem\u0113ram, pediatriem, ginekologiem, bet galvenais inform\u0101cijas sniedz\u0113js ir \u0123imenes \u0101rsts. Tikai p\u0113c tam, kad jaunieti inform\u0113 par vakc\u012bnas nepiecie\u0161am\u012bbu, vi\u0146\u0161 s\u0101k jaut\u0101t \u0123imenes locek\u013ciem un mekl\u0113t soci\u0101lajos t\u012bklos. Svar\u012bgi vienm\u0113r skat\u012bties vair\u0101kus avotus un \u0161aubu gad\u012bjum\u0101 konsult\u0113ties ar \u0101rstu.<\/p>\n","protected":false},"excerpt":{"rendered":"T\u0101tad jaunie\u0161i varb\u016bt pat nezina, ka cilv\u0113ka papilomas v\u012brusam ir saist\u012bba ar v\u0113zi? \u2013 Manupr\u0101t, zin\u0101\u0161anas par CPV&hellip;\n","protected":false},"author":2,"featured_media":104951,"comment_status":"","ping_status":"","sticky":false,"template":"","format":"standard","meta":{"footnotes":""},"categories":[12],"tags":[23,28,29,32,33,25202,22,30,31,35,39,38,36,37,34,40,20,26,27,7872,24,25,6364,21],"class_list":{"0":"post-104950","1":"post","2":"type-post","3":"status-publish","4":"format-standard","5":"has-post-thumbnail","7":"category-latvija","8":"tag-aktualitates","9":"tag-breaking-news","10":"tag-breakingnews","11":"tag-featured-news","12":"tag-featurednews","13":"tag-fiziska-veseliba","14":"tag-headlines","15":"tag-latest-news","16":"tag-latestnews","17":"tag-latvia","18":"tag-latvian","19":"tag-latviesu","20":"tag-latviesu-valoda","21":"tag-latviesuvaloda","22":"tag-latvija","23":"tag-lv","24":"tag-news","25":"tag-popularakas-zinas","26":"tag-popularakaszinas","27":"tag-sievietes-veseliba","28":"tag-top-stories","29":"tag-topstories","30":"tag-viriesu-veseliba","31":"tag-zinas"},"share_on_mastodon":{"url":"https:\/\/pubeurope.com\/@lv\/115896833955839318","error":""},"_links":{"self":[{"href":"https:\/\/www.europesays.com\/lv\/wp-json\/wp\/v2\/posts\/104950","targetHints":{"allow":["GET"]}}],"collection":[{"href":"https:\/\/www.europesays.com\/lv\/wp-json\/wp\/v2\/posts"}],"about":[{"href":"https:\/\/www.europesays.com\/lv\/wp-json\/wp\/v2\/types\/post"}],"author":[{"embeddable":true,"href":"https:\/\/www.europesays.com\/lv\/wp-json\/wp\/v2\/users\/2"}],"replies":[{"embeddable":true,"href":"https:\/\/www.europesays.com\/lv\/wp-json\/wp\/v2\/comments?post=104950"}],"version-history":[{"count":0,"href":"https:\/\/www.europesays.com\/lv\/wp-json\/wp\/v2\/posts\/104950\/revisions"}],"wp:featuredmedia":[{"embeddable":true,"href":"https:\/\/www.europesays.com\/lv\/wp-json\/wp\/v2\/media\/104951"}],"wp:attachment":[{"href":"https:\/\/www.europesays.com\/lv\/wp-json\/wp\/v2\/media?parent=104950"}],"wp:term":[{"taxonomy":"category","embeddable":true,"href":"https:\/\/www.europesays.com\/lv\/wp-json\/wp\/v2\/categories?post=104950"},{"taxonomy":"post_tag","embeddable":true,"href":"https:\/\/www.europesays.com\/lv\/wp-json\/wp\/v2\/tags?post=104950"}],"curies":[{"name":"wp","href":"https:\/\/api.w.org\/{rel}","templated":true}]}}