{"id":104955,"date":"2026-01-15T03:03:11","date_gmt":"2026-01-15T03:03:11","guid":{"rendered":"https:\/\/www.europesays.com\/lv\/104955\/"},"modified":"2026-01-15T03:03:11","modified_gmt":"2026-01-15T03:03:11","slug":"bezdarbam-sveice-decembri-55-menesos-augstakais-limenis","status":"publish","type":"post","link":"https:\/\/www.europesays.com\/lv\/104955\/","title":{"rendered":"Bezdarbam \u0160veic\u0113 decembr\u012b 55 m\u0113ne\u0161os augst\u0101kais l\u012bmenis"},"content":{"rendered":"<p>Sezon\u0101li neizl\u012bdzin\u0101tais bezdarbs \u0160veic\u0113 decembr\u012b palielin\u0101jies l\u012bdz 3,1%, sal\u012bdzinot ar 2,9% novembr\u012b, t\u0101d\u0113j\u0101di re\u0123istr\u0113ts augst\u0101kais l\u012bmenis kop\u0161 2021. gada maija, liecina publiskotie statistikas dati.<\/p>\n<p>Attiec\u012bgaj\u0101 m\u0113nes\u012b pirms gada bezdarbs valst\u012b veidoja 2,8%.<\/p>\n<p>Re\u0123istr\u0113to bezdarbnieku skaits decembr\u012b pieaudzis l\u012bdz 147 275, sal\u012bdzinot ar 138 860 pirms m\u0113ne\u0161a.<\/p>\n<p>Tikm\u0113r vecuma grup\u0101 no 15 l\u012bdz 24 gadiem bezdarbs decembr\u012b saglab\u0101jies 3,1% l\u012bmen\u012b.<\/p>\n<p>Toties sezon\u0101li izl\u012bdzin\u0101tais bezdarbs \u0160veic\u0113 \u0161aj\u0101 period\u0101 saglab\u0101jies 3% l\u012bmen\u012b.<\/p>\n<p>\n                            Valodas k\u013c\u016bda rakst\u0101?<br \/>Iez\u012bm\u0113jiet tekstu un spiediet Zi\u0146ot par k\u013c\u016bdu pogas   , lai nos\u016bt\u012btu labojamo teksta fragmentu redaktoram!<\/p>\n<p>                                Zi\u0146ot par k\u013c\u016bdu<\/p>\n","protected":false},"excerpt":{"rendered":"Sezon\u0101li neizl\u012bdzin\u0101tais bezdarbs \u0160veic\u0113 decembr\u012b palielin\u0101jies l\u012bdz 3,1%, sal\u012bdzinot ar 2,9% novembr\u012b, t\u0101d\u0113j\u0101di re\u0123istr\u0113ts augst\u0101kais l\u012bmenis kop\u0161 2021.&hellip;\n","protected":false},"author":2,"featured_media":104956,"comment_status":"","ping_status":"","sticky":false,"template":"","format":"standard","meta":{"footnotes":""},"categories":[16],"tags":[77,76,35,39,38,36,37,34,40],"class_list":{"0":"post-104955","1":"post","2":"type-post","3":"status-publish","4":"format-standard","5":"has-post-thumbnail","7":"category-bizness","8":"tag-bizness","9":"tag-business","10":"tag-latvia","11":"tag-latvian","12":"tag-latviesu","13":"tag-latviesu-valoda","14":"tag-latviesuvaloda","15":"tag-latvija","16":"tag-lv"},"share_on_mastodon":{"url":"https:\/\/pubeurope.com\/@lv\/115896896910523124","error":""},"_links":{"self":[{"href":"https:\/\/www.europesays.com\/lv\/wp-json\/wp\/v2\/posts\/104955","targetHints":{"allow":["GET"]}}],"collection":[{"href":"https:\/\/www.europesays.com\/lv\/wp-json\/wp\/v2\/posts"}],"about":[{"href":"https:\/\/www.europesays.com\/lv\/wp-json\/wp\/v2\/types\/post"}],"author":[{"embeddable":true,"href":"https:\/\/www.europesays.com\/lv\/wp-json\/wp\/v2\/users\/2"}],"replies":[{"embeddable":true,"href":"https:\/\/www.europesays.com\/lv\/wp-json\/wp\/v2\/comments?post=104955"}],"version-history":[{"count":0,"href":"https:\/\/www.europesays.com\/lv\/wp-json\/wp\/v2\/posts\/104955\/revisions"}],"wp:featuredmedia":[{"embeddable":true,"href":"https:\/\/www.europesays.com\/lv\/wp-json\/wp\/v2\/media\/104956"}],"wp:attachment":[{"href":"https:\/\/www.europesays.com\/lv\/wp-json\/wp\/v2\/media?parent=104955"}],"wp:term":[{"taxonomy":"category","embeddable":true,"href":"https:\/\/www.europesays.com\/lv\/wp-json\/wp\/v2\/categories?post=104955"},{"taxonomy":"post_tag","embeddable":true,"href":"https:\/\/www.europesays.com\/lv\/wp-json\/wp\/v2\/tags?post=104955"}],"curies":[{"name":"wp","href":"https:\/\/api.w.org\/{rel}","templated":true}]}}