{"id":104958,"date":"2026-01-15T03:11:08","date_gmt":"2026-01-15T03:11:08","guid":{"rendered":"https:\/\/www.europesays.com\/lv\/104958\/"},"modified":"2026-01-15T03:11:08","modified_gmt":"2026-01-15T03:11:08","slug":"latvija-piedzivots-straujs-populara-produkta-cenas-kritums-musu-kaimini-ir-loti-parsteigti","status":"publish","type":"post","link":"https:\/\/www.europesays.com\/lv\/104958\/","title":{"rendered":"Latvij\u0101 piedz\u012bvots strauj\u0161 popul\u0101ra produkta cenas kritums; m\u016bsu kaimi\u0146i ir \u013coti p\u0101rsteigti"},"content":{"rendered":"<p>P\u0113c piena produktu ra\u017eot\u0101ju p\u0101rst\u0101vju teikt\u0101, cenas, visticam\u0101k, turpin\u0101s kristies.<br \/>&#13;<br \/>\n&#8220;Kopum\u0101 j\u0101, \u0161\u012b tendence turpin\u0101sies, jo \u0161obr\u012bd lielie uz\u0146\u0113mumi savu produkciju p\u0101rdod par sal\u012bdzino\u0161i zem\u0101m cen\u0101m \u2013 citas izejas vienk\u0101r\u0161i nav. Kr\u0101jumi ar katru dienu noveco, der\u012bguma termi\u0146\u0161 tuvojas beig\u0101m, t\u0101p\u0113c produkcija ir j\u0101lai\u017e tirg\u016b, ko uz\u0146\u0113mumi ar\u012b dara,&#8221; skaidroja \u0160olks.<\/p>\n","protected":false},"excerpt":{"rendered":"P\u0113c piena produktu ra\u017eot\u0101ju p\u0101rst\u0101vju teikt\u0101, cenas, visticam\u0101k, turpin\u0101s kristies.&#13; &#8220;Kopum\u0101 j\u0101, \u0161\u012b tendence turpin\u0101sies, jo \u0161obr\u012bd lielie&hellip;\n","protected":false},"author":2,"featured_media":104959,"comment_status":"","ping_status":"","sticky":false,"template":"","format":"standard","meta":{"footnotes":""},"categories":[12],"tags":[23,28,29,32,33,22,30,31,35,39,38,36,37,34,40,20,26,27,24,25,21],"class_list":{"0":"post-104958","1":"post","2":"type-post","3":"status-publish","4":"format-standard","5":"has-post-thumbnail","7":"category-latvija","8":"tag-aktualitates","9":"tag-breaking-news","10":"tag-breakingnews","11":"tag-featured-news","12":"tag-featurednews","13":"tag-headlines","14":"tag-latest-news","15":"tag-latestnews","16":"tag-latvia","17":"tag-latvian","18":"tag-latviesu","19":"tag-latviesu-valoda","20":"tag-latviesuvaloda","21":"tag-latvija","22":"tag-lv","23":"tag-news","24":"tag-popularakas-zinas","25":"tag-popularakaszinas","26":"tag-top-stories","27":"tag-topstories","28":"tag-zinas"},"share_on_mastodon":{"url":"https:\/\/pubeurope.com\/@lv\/115896928796657577","error":""},"_links":{"self":[{"href":"https:\/\/www.europesays.com\/lv\/wp-json\/wp\/v2\/posts\/104958","targetHints":{"allow":["GET"]}}],"collection":[{"href":"https:\/\/www.europesays.com\/lv\/wp-json\/wp\/v2\/posts"}],"about":[{"href":"https:\/\/www.europesays.com\/lv\/wp-json\/wp\/v2\/types\/post"}],"author":[{"embeddable":true,"href":"https:\/\/www.europesays.com\/lv\/wp-json\/wp\/v2\/users\/2"}],"replies":[{"embeddable":true,"href":"https:\/\/www.europesays.com\/lv\/wp-json\/wp\/v2\/comments?post=104958"}],"version-history":[{"count":0,"href":"https:\/\/www.europesays.com\/lv\/wp-json\/wp\/v2\/posts\/104958\/revisions"}],"wp:featuredmedia":[{"embeddable":true,"href":"https:\/\/www.europesays.com\/lv\/wp-json\/wp\/v2\/media\/104959"}],"wp:attachment":[{"href":"https:\/\/www.europesays.com\/lv\/wp-json\/wp\/v2\/media?parent=104958"}],"wp:term":[{"taxonomy":"category","embeddable":true,"href":"https:\/\/www.europesays.com\/lv\/wp-json\/wp\/v2\/categories?post=104958"},{"taxonomy":"post_tag","embeddable":true,"href":"https:\/\/www.europesays.com\/lv\/wp-json\/wp\/v2\/tags?post=104958"}],"curies":[{"name":"wp","href":"https:\/\/api.w.org\/{rel}","templated":true}]}}