{"id":104960,"date":"2026-01-15T03:12:09","date_gmt":"2026-01-15T03:12:09","guid":{"rendered":"https:\/\/www.europesays.com\/lv\/104960\/"},"modified":"2026-01-15T03:12:09","modified_gmt":"2026-01-15T03:12:09","slug":"danijai-un-asv-joprojam-atskirigi-uzskati-par-grenlandes-nakotni-raksts","status":"publish","type":"post","link":"https:\/\/www.europesays.com\/lv\/104960\/","title":{"rendered":"D\u0101nijai un ASV joproj\u0101m at\u0161\u0137ir\u012bgi uzskati par Grenlandes n\u0101kotni \/ Raksts"},"content":{"rendered":"<p>D\u0101nijai un ASV joproj\u0101m at\u0161\u0137ir\u012bgi uzskati par Grenlandes n\u0101kotni,\u00a0tre\u0161dien\u00a0p\u0113c Va\u0161ington\u0101 aizvad\u012bt\u0101s tik\u0161an\u0101s ar ASV viceprezidentu D\u017eeimsu Deividu Vensu un valsts sekret\u0101ru Marko Rubio pazi\u0146oja D\u0101nijas \u0101rlietu ministrs Larss Loke Rasmusens, kuram pievienoj\u0101s ar\u012b Grenlandes \u0101rlietu ministre Viviana Mocfelta.<\/p>\n<p>Rasmusens st\u0101st\u012bja, ka\u00a0D\u0101nijas, Grenlandes un ASV p\u0101rst\u0101vjiem bija &#8220;atkl\u0101ta un konstrukt\u012bva diskusija&#8221; par to, k\u0101 sekm\u0113t Grenlandes un Arktikas dro\u0161\u012bbu. Vi\u0146\u0161 gan\u00a0nesl\u0113pa, ka abu pu\u0161u skat\u012bjums uz Grenlandes n\u0101kotni joproj\u0101m ir \u013coti at\u0161\u0137ir\u012bgs.<\/p>\n<p>&#8220;D\u0101nijas Karaliste joproj\u0101m uzskata, ka Grenlandes ilgtermi\u0146a dro\u0161\u012bbu var garant\u0113t eso\u0161\u0101s sist\u0113mas ietvaros, proti, 1951.\u00a0gada nol\u012bgum\u0101 par Grenlandes aizsardz\u012bbu, k\u0101 ar\u012b NATO l\u012bguma ietvaros.<\/p>\n<blockquote>\n<p>Mums ir piln\u012bgi nepie\u0146emamas idejas, kas neiev\u0113ro D\u0101nijas Karalistes teritori\u0101lo integrit\u0101ti un Grenlandes iedz\u012bvot\u0101ju ties\u012bbas uz pa\u0161noteik\u0161anos. T\u0101p\u0113c mums joproj\u0101m ir b\u016btiskas domstarp\u012bbas, ta\u010du m\u0113s turpin\u0101sim sarunas.<\/p>\n<\/blockquote>\n<p>M\u0113s esam nol\u0113mu\u0161i izveidot augsta l\u012bme\u0146a darba grupu, lai izp\u0113t\u012btu, vai varam atrast kop\u012bgu risin\u0101jumu. M\u016bsupr\u0101t, \u0161ai grupai b\u016btu j\u0101koncentr\u0113jas uz to, k\u0101 risin\u0101t Amerikas ba\u017eas par dro\u0161\u012bbu, vienlaikus respekt\u0113jot D\u0101nijas Karalistes sarkan\u0101s l\u012bnijas. M\u0113s paredzam, ka \u0161\u0101da grupa pirmo reizi san\u0101ks p\u0113c da\u017e\u0101m ned\u0113\u013c\u0101m,&#8221; sac\u012bja Rasmusens.<\/p>\n<p>Ministrs st\u0101st\u012bja:\u00a0&#8220;Mums neizdev\u0101s main\u012bt amerik\u0101\u0146u poz\u012bciju. Ir skaidrs, ka prezidentam [Donaldam Trampam] ir v\u0113lme iekarot Grenlandi. Un m\u0113s \u013coti, \u013coti skaidri pateic\u0101m, ka tas nav karalistes interes\u0113s.&#8221;\u00a0<\/p>\n<p>Rasmusens nor\u0101d\u012bja, ka Grenlandes un D\u0101nijas iedz\u012bvot\u0101jiem \u0161is jaut\u0101jums ir &#8220;\u013coti emocion\u0101ls&#8221;.\u00a0<\/p>\n<p>D\u0101nijas aizsardz\u012bbas ministrs Troelss Lunds Poulsens nor\u0101d\u012bjis, ka\u00a0D\u0101nija stiprin\u0101s milit\u0101ro kl\u0101tb\u016btni Grenland\u0113.\u00a0&#8220;M\u0113s turpin\u0101sim stiprin\u0101t savu milit\u0101ro kl\u0101tb\u016btni Grenland\u0113, bet m\u0113s ar\u012b v\u0113l vair\u0101k koncentr\u0113simies NATO ietvaros uz to, lai r\u012bkotu vair\u0101k m\u0101c\u012bbu, un uz liel\u0101ku NATO kl\u0101tb\u016btni Arktik\u0101,&#8221; pazi\u0146ojum\u0101 apliecin\u0101ja ministrs, piebilstot, ka D\u0101nija &#8220;turpina dialogu ar saviem sabiedrotajiem par jaun\u0101m un pastiprin\u0101t\u0101m darb\u012bb\u0101m 2026. gad\u0101&#8221;.\u00a0<\/p>\n<blockquote>\n<p>No cit\u0101m Eiropas valst\u012bm misijai pievienojas V\u0101cijas, Francijas, Zviedrijas un Norv\u0113\u0123ijas milit\u0101rpersonas.\u00a0<\/p>\n<\/blockquote>\n<p>V\u0101cija apstiprin\u0101ja, ka ceturtdien nos\u016bt\u012bs 13 karav\u012brus uz Grenlandi, nor\u0101dot, ka \u0161\u012bs komandas m\u0113r\u0137is b\u016bs izp\u0113t\u012bt pamatnosac\u012bjumus iesp\u0113jamam milit\u0101rajam atbalstam D\u0101nijai dro\u0161\u012bbas garant\u0113\u0161an\u0101 re\u0123ion\u0101, pazi\u0146oja V\u0101cijas Aizsardz\u012bbas ministrija.\u00a0<\/p>\n<p>D\u0101nija skaidroja, ka \u0161is solis ir saist\u012bts ar milit\u0101raj\u0101m m\u0101c\u012bb\u0101m Grenland\u0113, kur\u0101s iesaist\u012btas lidma\u0161\u012bnas, ku\u0123i un karav\u012bri un kuras notiks cie\u0161\u0101 sadarb\u012bb\u0101 ar NATO sabiedrotajiem. Manevru m\u0113r\u0137is ir tren\u0113ties karav\u012bru izvieto\u0161an\u0101 Arktikas \u012bpa\u0161ajos apst\u0101k\u013cos un stiprin\u0101t NATO kl\u0101tb\u016btni.\u00a0<\/p>\n<p>M\u0101c\u012bbu aktivit\u0101tes var\u0113tu ietvert ar\u012b atbalstu Grenlandes iest\u0101d\u0113m, piem\u0113ram, policijai, kritisk\u0101s infrastrukt\u016bras uzraudz\u012bbu, izn\u012bcin\u0101t\u0101ju izvieto\u0161anu Grenland\u0113 un t\u0101s apk\u0101rtn\u0113, j\u016bras sp\u0113ku uzdevumu izpildi, k\u0101 ar\u012b sabiedroto karav\u012bru uz\u0146em\u0161anu, pazi\u0146oja D\u0101nijas un Grenlandes \u0100rlietu ministrijas, nor\u0101dot, ka &#8220;dro\u0161\u012bbas sasp\u012bl\u0113jums ir izplat\u012bjies l\u012bdz pat Arktikas re\u0123ionam&#8221;.\u00a0<\/p>\n<p>Ar\u012b Zviedrija apstiprin\u0101ja, ka p\u0113c D\u0101nijas l\u016bguma nos\u016bt\u012bjusi milit\u0101rpersonas uz Grenlandi. &#8220;\u0160odien Grenland\u0113 ierodas vair\u0101ki Zviedrijas bru\u0146oto sp\u0113ku virsnieki. Vi\u0146i ir da\u013ca no grupas no vair\u0101k\u0101m sabiedrotaj\u0101m valst\u012bm,&#8221; platform\u0101 &#8220;X&#8221; pazi\u0146oja Zviedrijas premjerministrs Ulfs Kristersons.<\/p>\n<p>KONTEKSTS:<\/p>\n<p>Grenlande p\u0113c plat\u012bbas ir liel\u0101k\u0101 sala pasaul\u0113, bet uz t\u0101s ir tikai aptuveni\u00a056 000 iedz\u012bvot\u0101ju. T\u0101 pieder D\u0101nijai, bet salai ir pla\u0161as autonomijas ties\u012bbas.<\/p>\n<p>Grenlandes galvaspils\u0113ta N\u016bka \u0123eogr\u0101fiski ir tuv\u0101k \u0145ujorkai nek\u0101 Kopenh\u0101genai, un ASV vald\u012bba jau vair\u0101kk\u0101rt izr\u0101d\u012bjusi interesi par Grenlandes ieg\u0101d\u0101\u0161anos. Grenland\u0113 ir izvietota ASV milit\u0101r\u0101 b\u0101ze.<\/p>\n<p>ASV dr\u012bz p\u0113c Otr\u0101 pasaules kara pied\u0101v\u0101ja nopirkt Grenlandi par 100 miljoniem dol\u0101ru, bet D\u0101nija noraid\u012bja \u0161o pied\u0101v\u0101jumu.<\/p>\n<p>ASV prezidents Donalds Tramps jau sava pirm\u0101 prezident\u016bras termi\u0146a laik\u0101\u00a0<a data-id=\"328990\" data-type=\"article\" href=\"https:\/\/www.lsm.lv\/raksts\/zinas\/arzemes\/mediji-tramps-interesejies-par-grenlandes-iegadi-danija-to-uztver-ka-joku.a328990\/\" class=\"lsm-link\" rel=\"nofollow noopener\" target=\"_blank\">atdz\u012bvin\u0101ja ideju<\/a>\u00a0par Grenlandes pirk\u0161anu, bet tagad p\u0113c atgrie\u0161an\u0101s Balt\u0101 nama saimnieka amat\u0101 vi\u0146\u0161 ar jaunu sparu\u00a0<a data-id=\"582653\" data-type=\"article\" href=\"https:\/\/www.lsm.lv\/raksts\/zinas\/arzemes\/07.01.2025-tramps-pirms-stasanas-amata-signalize-par-ekspansionisma-tieksmem.a582653\/\" class=\"lsm-link\" rel=\"nofollow noopener\" target=\"_blank\">\u0137\u0113ries<\/a>\u00a0pie \u0161\u012bs idejas populariz\u0113\u0161anas.<\/p>\n<p>Starptautisk\u0101s politikas eksperti\u00a0<a data-id=\"582674\" data-type=\"article\" href=\"https:\/\/www.lsm.lv\/raksts\/zinas\/arzemes\/08.01.2025-lsm-skaidro-kapec-tramps-tik-loti-velas-iegadaties-grenlandi.a582674\/\" class=\"lsm-link\" rel=\"nofollow noopener\" target=\"_blank\">sprie\u017e<\/a>, ka ASV interes\u0113 Grenlandes strat\u0113\u0123iski svar\u012bgais izvietojums un pieeja Arktikai, k\u0101 ar\u012b der\u012bgo izrakte\u0146u kr\u0101jumi.<\/p>\n<p>D\u0101nijas un Grenlandes amatpersonas gan\u00a0<a data-id=\"582821\" data-type=\"article\" href=\"https:\/\/www.lsm.lv\/raksts\/zinas\/arzemes\/08.01.2025-grenlandes-deputate-par-trampa-velmi-nopirkt-salu-ne-jau-asv-izlems-musu-nakotni.a582821\/\" class=\"lsm-link\" rel=\"nofollow noopener\" target=\"_blank\">uzsv\u0113ru\u0161as<\/a>, ka Grenlande netiek p\u0101rdota.<\/p>\n<p>2026. gada janv\u0101r\u012b Baltais nams\u00a0<a data-id=\"628859\" data-type=\"article\" href=\"https:\/\/www.lsm.lv\/raksts\/zinas\/arzemes\/06.01.2026-tramps-apsver-vairakus-variantus-grenlandes-iegusanai-neizsledz-militaru-ricibu.a628859\/\" class=\"lsm-link\" rel=\"nofollow noopener\" target=\"_blank\">pav\u0113st\u012bja<\/a>, ka Tramps izskata da\u017e\u0101das iesp\u0113jas, k\u0101 p\u0101r\u0146emt Grenlandi sav\u0101 kontrol\u0113, tai skait\u0101 netiek izsl\u0113gts ar\u012b milit\u0101rs risin\u0101jums. \u0160\u0101ds scen\u0101rijs izrais\u012btu smagu kr\u012bzi NATO, jo gan D\u0101nija, gan ASV ir NATO dal\u012bbvalstis.<\/p>\n<p>                    Valodas k\u013c\u016bda rakst\u0101?<\/p>\n<p class=\"d-none d-md-block\">Iez\u012bm\u0113jiet tekstu un spiediet Ctrl+Enter, lai nos\u016bt\u012btu labojamo teksta fragmentu redaktoram! Par faktu k\u013c\u016bd\u0101m l\u016bdzam zi\u0146ot e-past\u0101 <a href=\"https:\/\/www.lsm.lv\/cdn-cgi\/l\/email-protection\" class=\"__cf_email__\" data-cfemail=\"7f0d1a1b1e141c16151e3f130c12511309\" rel=\"nofollow noopener\" target=\"_blank\">[email\u00a0protected]<\/a>.<\/p>\n<p class=\"d-md-none\">Iez\u012bm\u0113jiet tekstu un spiediet uz Zi\u0146ot par k\u013c\u016bdu pogas, lai nos\u016bt\u012btu labojamo teksta fragmentu redaktoram!<\/p>\n<p>\n                    Zi\u0146ot par k\u013c\u016bdu\n                <\/p>\n","protected":false},"excerpt":{"rendered":"D\u0101nijai un ASV joproj\u0101m at\u0161\u0137ir\u012bgi uzskati par Grenlandes n\u0101kotni,\u00a0tre\u0161dien\u00a0p\u0113c Va\u0161ington\u0101 aizvad\u012bt\u0101s tik\u0161an\u0101s ar ASV viceprezidentu D\u017eeimsu Deividu Vensu&hellip;\n","protected":false},"author":2,"featured_media":104961,"comment_status":"","ping_status":"","sticky":false,"template":"","format":"standard","meta":{"footnotes":""},"categories":[5],"tags":[23,28,29,32,33,22,30,31,35,39,38,36,37,34,40,20,26,27,24,25,21],"class_list":{"0":"post-104960","1":"post","2":"type-post","3":"status-publish","4":"format-standard","5":"has-post-thumbnail","7":"category-aktualitates","8":"tag-aktualitates","9":"tag-breaking-news","10":"tag-breakingnews","11":"tag-featured-news","12":"tag-featurednews","13":"tag-headlines","14":"tag-latest-news","15":"tag-latestnews","16":"tag-latvia","17":"tag-latvian","18":"tag-latviesu","19":"tag-latviesu-valoda","20":"tag-latviesuvaloda","21":"tag-latvija","22":"tag-lv","23":"tag-news","24":"tag-popularakas-zinas","25":"tag-popularakaszinas","26":"tag-top-stories","27":"tag-topstories","28":"tag-zinas"},"share_on_mastodon":{"url":"https:\/\/pubeurope.com\/@lv\/115896932246463100","error":""},"_links":{"self":[{"href":"https:\/\/www.europesays.com\/lv\/wp-json\/wp\/v2\/posts\/104960","targetHints":{"allow":["GET"]}}],"collection":[{"href":"https:\/\/www.europesays.com\/lv\/wp-json\/wp\/v2\/posts"}],"about":[{"href":"https:\/\/www.europesays.com\/lv\/wp-json\/wp\/v2\/types\/post"}],"author":[{"embeddable":true,"href":"https:\/\/www.europesays.com\/lv\/wp-json\/wp\/v2\/users\/2"}],"replies":[{"embeddable":true,"href":"https:\/\/www.europesays.com\/lv\/wp-json\/wp\/v2\/comments?post=104960"}],"version-history":[{"count":0,"href":"https:\/\/www.europesays.com\/lv\/wp-json\/wp\/v2\/posts\/104960\/revisions"}],"wp:featuredmedia":[{"embeddable":true,"href":"https:\/\/www.europesays.com\/lv\/wp-json\/wp\/v2\/media\/104961"}],"wp:attachment":[{"href":"https:\/\/www.europesays.com\/lv\/wp-json\/wp\/v2\/media?parent=104960"}],"wp:term":[{"taxonomy":"category","embeddable":true,"href":"https:\/\/www.europesays.com\/lv\/wp-json\/wp\/v2\/categories?post=104960"},{"taxonomy":"post_tag","embeddable":true,"href":"https:\/\/www.europesays.com\/lv\/wp-json\/wp\/v2\/tags?post=104960"}],"curies":[{"name":"wp","href":"https:\/\/api.w.org\/{rel}","templated":true}]}}