{"id":104966,"date":"2026-01-15T03:29:09","date_gmt":"2026-01-15T03:29:09","guid":{"rendered":"https:\/\/www.europesays.com\/lv\/104966\/"},"modified":"2026-01-15T03:29:09","modified_gmt":"2026-01-15T03:29:09","slug":"foto-%e2%9f%a9-pie-robezparkapejiem-atrod-pieradijumus-baltkrievijas-iesaistei-nelegalas-migracijas-planosana-un-organizesana","status":"publish","type":"post","link":"https:\/\/www.europesays.com\/lv\/104966\/","title":{"rendered":"FOTO \u27e9 Pie robe\u017ep\u0101rk\u0101p\u0113jiem atrod pier\u0101d\u012bjumus Baltkrievijas iesaistei neleg\u0101l\u0101s migr\u0101cijas pl\u0101no\u0161an\u0101 un organiz\u0113\u0161an\u0101"},"content":{"rendered":"<p>Nacion\u0101lie bru\u0146otie sp\u0113ki un Valsts robe\u017esardze regul\u0101ri fiks\u0113 elektronisk\u0101s karadarb\u012bbas izpausmes no Baltkrievijas teritorijas puses, kas ietekm\u0113 sakaru un navig\u0101cijas sist\u0113mu darb\u012bbu pierobe\u017e\u0101, uzsver NBS.<\/p>\n<p>Valsts robe\u017esardze sadarb\u012bb\u0101 ar NBS un Valsts policiju kop\u0161 2021. gada nodro\u0161ina pastiprin\u0101tu atbalstu neleg\u0101l\u0101s migr\u0101cijas ierobe\u017eo\u0161anai uz Latvijas-Baltkrievijas valsts robe\u017eas. \u0160o \u010detru gadu laik\u0101 starp NBS, Valsts robe\u017esardzi un Valsts policiju ir izveidojusies teicama sadarb\u012bba, kop\u012bgi stiprinot Latvijas dro\u0161\u012bbu, v\u0113rt\u0113 NBS.<\/p>\n<p>Neleg\u0101l\u0101s migr\u0101cijas organiz\u0113\u0161ana un migrantu p\u0101rvad\u0101\u0161ana, vi\u0146u uztur\u0113\u0161an\u0101s nodro\u0161in\u0101\u0161ana nav uzskat\u0101ma tikai par neleg\u0101lu pe\u013c\u0146as g\u016b\u0161anas veidu. NBS v\u0113r\u0161 uzman\u012bbu uz to, ka katrs, kas tie\u0161\u0101 vai netie\u0161\u0101 veid\u0101 atbalsta neleg\u0101lo robe\u017eas \u0161\u0137\u0113rsot\u0101ju iefiltr\u0113\u0161anu, transport\u0113\u0161anu, izmitin\u0101\u0161anu ne tikai p\u0101rk\u0101pj Latvijas likumdo\u0161anu, bet var to pat neapzinoties pal\u012bdz\u0113t mums naid\u012bgu valstu specdienestu organiz\u0113t\u0101m oper\u0101cij\u0101m, kuru m\u0113r\u0137is ir veikt izl\u016bko\u0161anu, diversijas vai citas naid\u012bgas darb\u012bbas Latvij\u0101 un citur Eirop\u0101.<\/p>\n<p>NBS aicina iedz\u012bvot\u0101jus zi\u0146ot operat\u012bvajiem dienestiem pa t\u0101lru\u0146a numuru 112 vai Valsts robe\u017esardzei pa t\u0101lru\u0146a numuru 67913300, ja Latvijas austrumu pierobe\u017eas re\u0123ionos tiek paman\u012btas aizdom\u012bgas darb\u012bbas, personas vai transportl\u012bdzek\u013ci.<\/p>\n","protected":false},"excerpt":{"rendered":"Nacion\u0101lie bru\u0146otie sp\u0113ki un Valsts robe\u017esardze regul\u0101ri fiks\u0113 elektronisk\u0101s karadarb\u012bbas izpausmes no Baltkrievijas teritorijas puses, kas ietekm\u0113 sakaru&hellip;\n","protected":false},"author":2,"featured_media":104967,"comment_status":"","ping_status":"","sticky":false,"template":"","format":"standard","meta":{"footnotes":""},"categories":[12],"tags":[23,2416,28,29,32,33,22,30,31,35,39,38,36,37,34,1589,40,20,26,27,24,25,21],"class_list":{"0":"post-104966","1":"post","2":"type-post","3":"status-publish","4":"format-standard","5":"has-post-thumbnail","7":"category-latvija","8":"tag-aktualitates","9":"tag-baltkrievija","10":"tag-breaking-news","11":"tag-breakingnews","12":"tag-featured-news","13":"tag-featurednews","14":"tag-headlines","15":"tag-latest-news","16":"tag-latestnews","17":"tag-latvia","18":"tag-latvian","19":"tag-latviesu","20":"tag-latviesu-valoda","21":"tag-latviesuvaloda","22":"tag-latvija","23":"tag-latvijas-un-baltkrievijas-robeza","24":"tag-lv","25":"tag-news","26":"tag-popularakas-zinas","27":"tag-popularakaszinas","28":"tag-top-stories","29":"tag-topstories","30":"tag-zinas"},"share_on_mastodon":{"url":"https:\/\/pubeurope.com\/@lv\/115896999285945620","error":""},"_links":{"self":[{"href":"https:\/\/www.europesays.com\/lv\/wp-json\/wp\/v2\/posts\/104966","targetHints":{"allow":["GET"]}}],"collection":[{"href":"https:\/\/www.europesays.com\/lv\/wp-json\/wp\/v2\/posts"}],"about":[{"href":"https:\/\/www.europesays.com\/lv\/wp-json\/wp\/v2\/types\/post"}],"author":[{"embeddable":true,"href":"https:\/\/www.europesays.com\/lv\/wp-json\/wp\/v2\/users\/2"}],"replies":[{"embeddable":true,"href":"https:\/\/www.europesays.com\/lv\/wp-json\/wp\/v2\/comments?post=104966"}],"version-history":[{"count":0,"href":"https:\/\/www.europesays.com\/lv\/wp-json\/wp\/v2\/posts\/104966\/revisions"}],"wp:featuredmedia":[{"embeddable":true,"href":"https:\/\/www.europesays.com\/lv\/wp-json\/wp\/v2\/media\/104967"}],"wp:attachment":[{"href":"https:\/\/www.europesays.com\/lv\/wp-json\/wp\/v2\/media?parent=104966"}],"wp:term":[{"taxonomy":"category","embeddable":true,"href":"https:\/\/www.europesays.com\/lv\/wp-json\/wp\/v2\/categories?post=104966"},{"taxonomy":"post_tag","embeddable":true,"href":"https:\/\/www.europesays.com\/lv\/wp-json\/wp\/v2\/tags?post=104966"}],"curies":[{"name":"wp","href":"https:\/\/api.w.org\/{rel}","templated":true}]}}