{"id":104968,"date":"2026-01-15T03:30:14","date_gmt":"2026-01-15T03:30:14","guid":{"rendered":"https:\/\/www.europesays.com\/lv\/104968\/"},"modified":"2026-01-15T03:30:14","modified_gmt":"2026-01-15T03:30:14","slug":"gatere-plano-stradat-gan-ka-deputate-gan-ka-parlamentara-sekretare","status":"publish","type":"post","link":"https:\/\/www.europesays.com\/lv\/104968\/","title":{"rendered":"G\u0101tere pl\u0101no str\u0101d\u0101t gan k\u0101 deput\u0101te, gan k\u0101 parlament\u0101r\u0101 sekret\u0101re"},"content":{"rendered":"<p>G\u0101terei Saeimas deput\u0101tes mand\u0101ts pien\u0101kas, jo p\u0113c ilgsto\u0161\u0101m vesel\u012bbas probl\u0113m\u0101m miris Saeimas deput\u0101ts Edgars Zelderis, kur\u0161 parlament\u0101 bija iev\u0113l\u0113ts no &#8220;Progres\u012bvo&#8221; saraksta Kurzem\u0113. G\u0101tere 14. Saeimas v\u0113l\u0113\u0161an\u0101s Kurzem\u0113 ie\u0146\u0113ma otro vietu.<\/p>\n<p>Komisija l\u016bgs Saeimas Prezidiju groz\u012bt ceturtdienas Saeimas s\u0113des darba k\u0101rt\u012bbu, lai l\u0113muma projektu izskat\u012btu r\u012bt.<\/p>\n<p>K\u0101 a\u0123ent\u016brai LETA iepriek\u0161 past\u0101st\u012bja G\u0101tere, vi\u0146a pl\u0101no str\u0101d\u0101t k\u0101 deput\u0101te un turpin\u0101t ie\u0146emt ar\u012b parlament\u0101r\u0101s sekret\u0101res amatu. Vi\u0146a v\u0113las str\u0101d\u0101t ar\u012b Saeimas Aizsardz\u012bbas, iek\u0161lietu un korupcijas nov\u0113r\u0161anas komisij\u0101.<\/p>\n<p>Vi\u0146a nor\u0101d\u012bja, ka deput\u0101tes darb\u0101 atbalst\u012bs &#8220;Progres\u012bvo&#8221; Saeimas frakciju, k\u0101 ar\u012b koal\u012bciju kopum\u0101.<\/p>\n<p>L\u012bdz ar person\u0101liju izmai\u0146\u0101m valdo\u0161\u0101s koal\u012bcijas balsu skaits pieaugs no 52 bud\u017eeta pie\u0146em\u0161anas br\u012bd\u012b l\u012bdz 54 p\u0113c gadumijas. Za\u013co un zemnieku savien\u012bba (ZZS) nesen pazi\u0146oja, ka t\u0101s Saeimas frakcijai decembr\u012b pievienojies savulaik no &#8220;Jaun\u0101s vienot\u012bbas&#8221; (JV) saraksta iev\u0113l\u0113tais Andrejs Ce\u013cap\u012bters, kur\u0161 iepriek\u0161 kop\u0101 ar koal\u012bciju nebalsoja. Ar koal\u012bciju kop\u0101 parasti balso cits ZZS sadarb\u012bbas partneris, pie frakcij\u0101m nepiedero\u0161ais deput\u0101ts O\u013cegs Burovs (GKR).<\/p>\n<p>L\u012bdz ar G\u0101teres non\u0101k\u0161anu Saeim\u0101 par vienu balsi vair\u0101k atkal b\u016btu ar\u012b &#8220;Progres\u012bvajiem&#8221;, jo Zelderis balsojumos valdo\u0161o koal\u012bciju parasti neatbalst\u012bja. Balsis Evikas Sili\u0146as (JV) vald\u012bbai parasti nodro\u0161ina ar\u012b pie frakcij\u0101m nepiedero\u0161ie deput\u0101ti Igors Rajevs (iev\u0113l\u0113ts no &#8220;Apvienot\u0101 saraksta&#8221;) un Skaidr\u012bte \u0100brama (iev\u0113l\u0113ta no &#8220;Progres\u012bvo&#8221; saraksta).<\/p>\n","protected":false},"excerpt":{"rendered":"G\u0101terei Saeimas deput\u0101tes mand\u0101ts pien\u0101kas, jo p\u0113c ilgsto\u0161\u0101m vesel\u012bbas probl\u0113m\u0101m miris Saeimas deput\u0101ts Edgars Zelderis, kur\u0161 parlament\u0101 bija&hellip;\n","protected":false},"author":2,"featured_media":76728,"comment_status":"","ping_status":"","sticky":false,"template":"","format":"standard","meta":{"footnotes":""},"categories":[5],"tags":[23,28,29,32,33,22,30,31,35,39,38,36,37,34,25203,40,20,26,27,141,24,25,21],"class_list":{"0":"post-104968","1":"post","2":"type-post","3":"status-publish","4":"format-standard","5":"has-post-thumbnail","7":"category-aktualitates","8":"tag-aktualitates","9":"tag-breaking-news","10":"tag-breakingnews","11":"tag-featured-news","12":"tag-featurednews","13":"tag-headlines","14":"tag-latest-news","15":"tag-latestnews","16":"tag-latvia","17":"tag-latvian","18":"tag-latviesu","19":"tag-latviesu-valoda","20":"tag-latviesuvaloda","21":"tag-latvija","22":"tag-liene-gatere","23":"tag-lv","24":"tag-news","25":"tag-popularakas-zinas","26":"tag-popularakaszinas","27":"tag-saeima","28":"tag-top-stories","29":"tag-topstories","30":"tag-zinas"},"share_on_mastodon":{"url":"https:\/\/pubeurope.com\/@lv\/115897003016356031","error":""},"_links":{"self":[{"href":"https:\/\/www.europesays.com\/lv\/wp-json\/wp\/v2\/posts\/104968","targetHints":{"allow":["GET"]}}],"collection":[{"href":"https:\/\/www.europesays.com\/lv\/wp-json\/wp\/v2\/posts"}],"about":[{"href":"https:\/\/www.europesays.com\/lv\/wp-json\/wp\/v2\/types\/post"}],"author":[{"embeddable":true,"href":"https:\/\/www.europesays.com\/lv\/wp-json\/wp\/v2\/users\/2"}],"replies":[{"embeddable":true,"href":"https:\/\/www.europesays.com\/lv\/wp-json\/wp\/v2\/comments?post=104968"}],"version-history":[{"count":0,"href":"https:\/\/www.europesays.com\/lv\/wp-json\/wp\/v2\/posts\/104968\/revisions"}],"wp:featuredmedia":[{"embeddable":true,"href":"https:\/\/www.europesays.com\/lv\/wp-json\/wp\/v2\/media\/76728"}],"wp:attachment":[{"href":"https:\/\/www.europesays.com\/lv\/wp-json\/wp\/v2\/media?parent=104968"}],"wp:term":[{"taxonomy":"category","embeddable":true,"href":"https:\/\/www.europesays.com\/lv\/wp-json\/wp\/v2\/categories?post=104968"},{"taxonomy":"post_tag","embeddable":true,"href":"https:\/\/www.europesays.com\/lv\/wp-json\/wp\/v2\/tags?post=104968"}],"curies":[{"name":"wp","href":"https:\/\/api.w.org\/{rel}","templated":true}]}}