{"id":104971,"date":"2026-01-15T03:36:08","date_gmt":"2026-01-15T03:36:08","guid":{"rendered":"https:\/\/www.europesays.com\/lv\/104971\/"},"modified":"2026-01-15T03:36:08","modified_gmt":"2026-01-15T03:36:08","slug":"venecuela-maduro-sagrabsanas-laika-nespeja-izmantot-krievijas-piegadato-pretgaisa-aizsardzibas-sistemu-kapec","status":"publish","type":"post","link":"https:\/\/www.europesays.com\/lv\/104971\/","title":{"rendered":"Venecu\u0113la Maduro sagr\u0101b\u0161anas laik\u0101 nesp\u0113ja izmantot Krievijas pieg\u0101d\u0101to pretgaisa aizsardz\u012bbas sist\u0113mu. K\u0101p\u0113c?"},"content":{"rendered":"<p>ASV bru\u0146oto sp\u0113ku oper\u0101cija, kuras gait\u0101 3. janv\u0101r\u012b tika sag\u016bst\u012bts Venecu\u0113las diktators Nikolass Maduro, uzskat\u0101mi par\u0101d\u012bja, ka Venecu\u0113las pretgaisa aizsardz\u012bbas sist\u0113mas nesp\u0113ja b\u016btiski aizkav\u0113t ASV oper\u0101ciju un Maduro sagr\u0101b\u0161anu. Tam, k\u0101p\u0113c Karakasa nesp\u0113ja pien\u0101c\u012bgi likt liet\u0101 uz Krievijas tehnolo\u0123ij\u0101m balst\u012bto pretgaisa aizsardz\u012bbas sist\u0113mu, ir vair\u0101ki iemesli.<\/p>\n","protected":false},"excerpt":{"rendered":"ASV bru\u0146oto sp\u0113ku oper\u0101cija, kuras gait\u0101 3. janv\u0101r\u012b tika sag\u016bst\u012bts Venecu\u0113las diktators Nikolass Maduro, uzskat\u0101mi par\u0101d\u012bja, ka Venecu\u0113las&hellip;\n","protected":false},"author":2,"featured_media":104972,"comment_status":"","ping_status":"","sticky":false,"template":"","format":"standard","meta":{"footnotes":""},"categories":[5],"tags":[23,292,28,29,32,33,22,234,30,31,35,39,38,36,37,34,40,20,5168,26,27,24,25,358,21],"class_list":{"0":"post-104971","1":"post","2":"type-post","3":"status-publish","4":"format-standard","5":"has-post-thumbnail","7":"category-aktualitates","8":"tag-aktualitates","9":"tag-asv","10":"tag-breaking-news","11":"tag-breakingnews","12":"tag-featured-news","13":"tag-featurednews","14":"tag-headlines","15":"tag-krievija","16":"tag-latest-news","17":"tag-latestnews","18":"tag-latvia","19":"tag-latvian","20":"tag-latviesu","21":"tag-latviesu-valoda","22":"tag-latviesuvaloda","23":"tag-latvija","24":"tag-lv","25":"tag-news","26":"tag-nikolass-maduro","27":"tag-popularakas-zinas","28":"tag-popularakaszinas","29":"tag-top-stories","30":"tag-topstories","31":"tag-venecuela","32":"tag-zinas"},"share_on_mastodon":{"url":"https:\/\/pubeurope.com\/@lv\/115897026622613350","error":""},"_links":{"self":[{"href":"https:\/\/www.europesays.com\/lv\/wp-json\/wp\/v2\/posts\/104971","targetHints":{"allow":["GET"]}}],"collection":[{"href":"https:\/\/www.europesays.com\/lv\/wp-json\/wp\/v2\/posts"}],"about":[{"href":"https:\/\/www.europesays.com\/lv\/wp-json\/wp\/v2\/types\/post"}],"author":[{"embeddable":true,"href":"https:\/\/www.europesays.com\/lv\/wp-json\/wp\/v2\/users\/2"}],"replies":[{"embeddable":true,"href":"https:\/\/www.europesays.com\/lv\/wp-json\/wp\/v2\/comments?post=104971"}],"version-history":[{"count":0,"href":"https:\/\/www.europesays.com\/lv\/wp-json\/wp\/v2\/posts\/104971\/revisions"}],"wp:featuredmedia":[{"embeddable":true,"href":"https:\/\/www.europesays.com\/lv\/wp-json\/wp\/v2\/media\/104972"}],"wp:attachment":[{"href":"https:\/\/www.europesays.com\/lv\/wp-json\/wp\/v2\/media?parent=104971"}],"wp:term":[{"taxonomy":"category","embeddable":true,"href":"https:\/\/www.europesays.com\/lv\/wp-json\/wp\/v2\/categories?post=104971"},{"taxonomy":"post_tag","embeddable":true,"href":"https:\/\/www.europesays.com\/lv\/wp-json\/wp\/v2\/tags?post=104971"}],"curies":[{"name":"wp","href":"https:\/\/api.w.org\/{rel}","templated":true}]}}