{"id":104988,"date":"2026-01-15T04:42:11","date_gmt":"2026-01-15T04:42:11","guid":{"rendered":"https:\/\/www.europesays.com\/lv\/104988\/"},"modified":"2026-01-15T04:42:11","modified_gmt":"2026-01-15T04:42:11","slug":"mandatu-komisija-deputata-mandatu-planots-apstiprinat-lienei-gaterei","status":"publish","type":"post","link":"https:\/\/www.europesays.com\/lv\/104988\/","title":{"rendered":"Mand\u0101tu komisija: deput\u0101ta mand\u0101tu pl\u0101nots apstiprin\u0101t Lienei G\u0101terei"},"content":{"rendered":"<p>Saeimas Mand\u0101tu, \u0113tikas un iesniegumu komisija tre\u0161dien, 14. janv\u0101r\u012b, nol\u0113ma virz\u012bt izskat\u012b\u0161anai Saeim\u0101 l\u0113muma projektu par 14. Saeimas deput\u0101tes pilnvaru apstiprin\u0101\u0161anu Lienei G\u0101terei.<\/p>\n<p>Izmai\u0146as Saeimas sast\u0101v\u0101 nepiecie\u0161amas, jo m\u016b\u017e\u012bb\u0101 devies deput\u0101ts Edgars Zelderis.<\/p>\n<p>14.Saeim\u0101 J.G\u0101tere iev\u0113l\u0113ta no partijas \u201cProgres\u012bvie\u201d saraksta Kurzemes v\u0113l\u0113\u0161anu apgabal\u0101. L.G\u0101tere kop\u0161 2025.gada marta ir Aizsardz\u012bbas ministrijas parlament\u0101r\u0101 sekret\u0101re, iepriek\u0161 pild\u012bjusi aizsardz\u012bbas ministra biroja vad\u012bt\u0101jas pien\u0101kumus. Vair\u0101k nek\u0101 desmit gadus L.G\u0101tere ir darbojusies nevalstiskaj\u0101 sektor\u0101, bijusi biedr\u012bbas \u201cSabiedr\u012bba par atkl\u0101t\u012bbu \u2013 Delna\u201d direktore, KNAB Sabiedriski konsultat\u012bv\u0101s padomes vad\u012bt\u0101ja, k\u0101 ar\u012b konsultante starptautisk\u0101s organiz\u0101cij\u0101s.<\/p>\n<p>Komisija l\u0113muma projektu l\u016bgs iek\u013caut r\u012btdienas, 15.janv\u0101ra, Saeimas s\u0113des darba k\u0101rt\u012bb\u0101, inform\u0113 Mand\u0101tu komisijas priek\u0161s\u0113d\u0113t\u0101js J\u0101nis Vuc\u0101ns.<\/p>\n<p>          <img decoding=\"async\" src=\"https:\/\/www.europesays.com\/lv\/wp-content\/uploads\/2026\/01\/1767645852_487_logo-lv.png\" alt=\"\"\/><\/p>\n<p>                  \u0160\u012b inform\u0101cija ir publisks pazi\u0146ojums un neatspogu\u013co LV port\u0101la viedokli. Par t\u0101s saturu atbild ies\u016bt\u012bt\u0101js. <a data-popup=\"rules\">Public\u0113\u0161anas noteikumi<\/a><\/p>\n","protected":false},"excerpt":{"rendered":"Saeimas Mand\u0101tu, \u0113tikas un iesniegumu komisija tre\u0161dien, 14. janv\u0101r\u012b, nol\u0113ma virz\u012bt izskat\u012b\u0161anai Saeim\u0101 l\u0113muma projektu par 14. Saeimas&hellip;\n","protected":false},"author":2,"featured_media":95583,"comment_status":"","ping_status":"","sticky":false,"template":"","format":"standard","meta":{"footnotes":""},"categories":[5],"tags":[23,28,29,32,33,22,30,31,35,39,38,36,37,34,40,20,26,27,24,25,21],"class_list":{"0":"post-104988","1":"post","2":"type-post","3":"status-publish","4":"format-standard","5":"has-post-thumbnail","7":"category-aktualitates","8":"tag-aktualitates","9":"tag-breaking-news","10":"tag-breakingnews","11":"tag-featured-news","12":"tag-featurednews","13":"tag-headlines","14":"tag-latest-news","15":"tag-latestnews","16":"tag-latvia","17":"tag-latvian","18":"tag-latviesu","19":"tag-latviesu-valoda","20":"tag-latviesuvaloda","21":"tag-latvija","22":"tag-lv","23":"tag-news","24":"tag-popularakas-zinas","25":"tag-popularakaszinas","26":"tag-top-stories","27":"tag-topstories","28":"tag-zinas"},"share_on_mastodon":{"url":"https:\/\/pubeurope.com\/@lv\/115897286172871092","error":""},"_links":{"self":[{"href":"https:\/\/www.europesays.com\/lv\/wp-json\/wp\/v2\/posts\/104988","targetHints":{"allow":["GET"]}}],"collection":[{"href":"https:\/\/www.europesays.com\/lv\/wp-json\/wp\/v2\/posts"}],"about":[{"href":"https:\/\/www.europesays.com\/lv\/wp-json\/wp\/v2\/types\/post"}],"author":[{"embeddable":true,"href":"https:\/\/www.europesays.com\/lv\/wp-json\/wp\/v2\/users\/2"}],"replies":[{"embeddable":true,"href":"https:\/\/www.europesays.com\/lv\/wp-json\/wp\/v2\/comments?post=104988"}],"version-history":[{"count":0,"href":"https:\/\/www.europesays.com\/lv\/wp-json\/wp\/v2\/posts\/104988\/revisions"}],"wp:featuredmedia":[{"embeddable":true,"href":"https:\/\/www.europesays.com\/lv\/wp-json\/wp\/v2\/media\/95583"}],"wp:attachment":[{"href":"https:\/\/www.europesays.com\/lv\/wp-json\/wp\/v2\/media?parent=104988"}],"wp:term":[{"taxonomy":"category","embeddable":true,"href":"https:\/\/www.europesays.com\/lv\/wp-json\/wp\/v2\/categories?post=104988"},{"taxonomy":"post_tag","embeddable":true,"href":"https:\/\/www.europesays.com\/lv\/wp-json\/wp\/v2\/tags?post=104988"}],"curies":[{"name":"wp","href":"https:\/\/api.w.org\/{rel}","templated":true}]}}