{"id":104991,"date":"2026-01-15T04:49:11","date_gmt":"2026-01-15T04:49:11","guid":{"rendered":"https:\/\/www.europesays.com\/lv\/104991\/"},"modified":"2026-01-15T04:49:11","modified_gmt":"2026-01-15T04:49:11","slug":"esmu-milzigs-kauna-traips-daudzsolosa-operdziedataja-brigita-reisone-dalas-skarbas-atzinas-par-karjeru-1188-lv","status":"publish","type":"post","link":"https:\/\/www.europesays.com\/lv\/104991\/","title":{"rendered":"&quot;Esmu milz\u012bgs kauna traips.&quot; Daudzsolo\u0161\u0101 operdzied\u0101t\u0101ja Brigita Reisone dal\u0101s skarb\u0101s atzi\u0146\u0101s par karjeru &#8211; 1188.lv"},"content":{"rendered":"<ol>\n<li><a href=\"https:\/\/news.google.com\/rss\/articles\/CBMizwFBVV95cUxNRGpITTlZNkQzX0RHTG1JZmc1QzNuNVctZDd0UnJFbVdnZElmb1NSUTB1RWpNTFpHSkt4TnZ3TjB4V3FqNWhJVXRSSHZxNnU0eVVwTVFYX253ZmlKT055X0JZZHp5aWx6QkJfU2lMWlBWelFYMzBSOV9WV1pncGdyNkZDSnhQQ1lrRHpsN05od3pUQ0EwbkRGQkx6U0RuN3g0TVV3MEpJbExDaTYzbjBwdVVYM3RlX2xXbjl1cFk4dml6dmtmT1I3UXZjLXl0QzA?oc=5\" target=\"_blank\" rel=\"nofollow noopener\">&#8220;Esmu milz\u012bgs kauna traips.&#8221; Daudzsolo\u0161\u0101 operdzied\u0101t\u0101ja Brigita Reisone dal\u0101s skarb\u0101s atzi\u0146\u0101s par karjeru<\/a>&nbsp;&nbsp;1188.lv<\/li>\n<li><a href=\"https:\/\/news.google.com\/rss\/articles\/CBMivAFBVV95cUxNQ3V1b19lc3BpWjA2N0tOZmIxR0Y4WmE3TTJTQTZzaVYxa3EwYWRieUFTODYya0gxS3JTNWtscVBrR2pwT055d1NmbGRMR01jcnN3alVybFJNcGlDQnRtd0V5WUd4Zlh6bTdTVU9WVkpPSlJ5WjhzdHBMQUNNeGlFQzhKLWwxRGoteTE4YTJJTFhWUWlGaDVud0UtMktqOEVTNnctamVKV0l4YnFaYWRJNlVVNkJaaDh0UFBCWA?oc=5\" target=\"_blank\" rel=\"nofollow noopener\">Brigita Reinsone atkl\u0101ti par operas aizkulis\u0113m: t\u0101 ir elit\u0101ra sabiedr\u012bba&#8230;atkal neesmu pa\u0146emta<\/a>&nbsp;&nbsp;NRA<\/li>\n<li><a href=\"https:\/\/news.google.com\/rss\/articles\/CBMizwFBVV95cUxOS1BxelkwWGluRkdMaWl3QjRqV0ZmM3FpeXdPMXFCUGVTV29ySkNjT3ZLZkdyUV91VEZka1lpblFpNEFwRVVTUUlVWW4wUG9Gb21zRUdmYXFyQTVYWjAydVVveUkxME9JNkxPSU5aMklsclNCbDhzdWhmVTZIMFF6MXVTVVR1ZEpoWUdtM25wbFF4QXFSNGludkNtMVJ6Qkx6NTRmcUVLSW40VTF0Uzd4blJNR0NhaUxmMHU0NEt5aEw4OXpqdEc5MUk3VTBtaVU?oc=5\" target=\"_blank\" rel=\"nofollow noopener\">P\u0101rdziedi mani! zvaigzne Reisone: Beidzot iem\u0101c\u012bjos citiem pateikt, ka man tagad ir gr\u016bti<\/a>&nbsp;&nbsp;Santa.lv<\/li>\n<li><a href=\"https:\/\/news.google.com\/rss\/articles\/CBMimAFBVV95cUxOYnRlOERIYl80X0xKZENjdFl1WElZN3Z2U1AxMFFleXlyRW1OUXBNeFltUDFlX0dWaGV0eE10NkZSY2hMeEdKLWFKZ0RHQUdxbGVNVHd6WGJHYWYtLVFHVGM5OVRIRklFZERjdWFVSjVjQy1vQjlMV0tCNmZaTHdPRWxFVURYRzJ4ZVIwMmlweWRlLU81STlxRQ?oc=5\" target=\"_blank\" rel=\"nofollow noopener\">Operdzied\u0101t\u0101ja Brigita Reisone atkl\u0101jusi, kas ir vi\u0146as m\u012b\u013cotais<\/a>&nbsp;&nbsp;Sejas.lv<\/li>\n<li><a href=\"https:\/\/news.google.com\/rss\/articles\/CBMivAFBVV95cUxNeGlicWtPeURhcnk3anlfQkQ2YVg5alg4RlJqNm1nOXZjajdKMngzc3NQOXdGQlRGcEc0SDQ2TmdsMkc4azdLUzl5YW1Xa1ZVTUM4cnFwbms0R1JUZGFqcUJmY05zU2t4LTFQOXlYNVF0aHkzdWI2QXVBenp3Nkt5eUFoUm11M3lyVEREQzUxaUkxbmRGcFpXNXpmY0VOeldPWU1ieXFrX0NrVi1DQmNWQkJiaDlXUnBsN0twaw?oc=5\" target=\"_blank\" rel=\"nofollow noopener\">Brigita Reisone p\u0113c pan\u0101kumiem TV \u0161ov\u0101 atkl\u0101j skarbo paties\u012bbu par &#8220;27-gadnieku kluba&#8221; l\u0101stu<\/a>&nbsp;&nbsp;Apollo.lv<\/li>\n<\/ol>\n","protected":false},"excerpt":{"rendered":"&#8220;Esmu milz\u012bgs kauna traips.&#8221; Daudzsolo\u0161\u0101 operdzied\u0101t\u0101ja Brigita Reisone dal\u0101s skarb\u0101s atzi\u0146\u0101s par karjeru&nbsp;&nbsp;1188.lv Brigita Reinsone atkl\u0101ti par operas&hellip;\n","protected":false},"author":2,"featured_media":104992,"comment_status":"","ping_status":"","sticky":false,"template":"","format":"standard","meta":{"footnotes":""},"categories":[19],"tags":[129,25206,25209,89,90,35,39,38,36,37,34,40,25207,25210,25208,25211],"class_list":{"0":"post-104991","1":"post","2":"type-post","3":"status-publish","4":"format-standard","5":"has-post-thumbnail","7":"category-izklaide","8":"tag-__typenameadvicekeyword","9":"tag-id2003","10":"tag-id2004","11":"tag-entertainment","12":"tag-izklaide","13":"tag-latvia","14":"tag-latvian","15":"tag-latviesu","16":"tag-latviesu-valoda","17":"tag-latviesuvaloda","18":"tag-latvija","19":"tag-lv","20":"tag-slugbrigita-reisone","21":"tag-sluglatvijas-nacionala-opera-un-balets","22":"tag-titlebrigita-reisone","23":"tag-titlelatvijas-nacionala-opera-un-balets"},"share_on_mastodon":{"url":"https:\/\/pubeurope.com\/@lv\/115897313756334601","error":""},"_links":{"self":[{"href":"https:\/\/www.europesays.com\/lv\/wp-json\/wp\/v2\/posts\/104991","targetHints":{"allow":["GET"]}}],"collection":[{"href":"https:\/\/www.europesays.com\/lv\/wp-json\/wp\/v2\/posts"}],"about":[{"href":"https:\/\/www.europesays.com\/lv\/wp-json\/wp\/v2\/types\/post"}],"author":[{"embeddable":true,"href":"https:\/\/www.europesays.com\/lv\/wp-json\/wp\/v2\/users\/2"}],"replies":[{"embeddable":true,"href":"https:\/\/www.europesays.com\/lv\/wp-json\/wp\/v2\/comments?post=104991"}],"version-history":[{"count":0,"href":"https:\/\/www.europesays.com\/lv\/wp-json\/wp\/v2\/posts\/104991\/revisions"}],"wp:featuredmedia":[{"embeddable":true,"href":"https:\/\/www.europesays.com\/lv\/wp-json\/wp\/v2\/media\/104992"}],"wp:attachment":[{"href":"https:\/\/www.europesays.com\/lv\/wp-json\/wp\/v2\/media?parent=104991"}],"wp:term":[{"taxonomy":"category","embeddable":true,"href":"https:\/\/www.europesays.com\/lv\/wp-json\/wp\/v2\/categories?post=104991"},{"taxonomy":"post_tag","embeddable":true,"href":"https:\/\/www.europesays.com\/lv\/wp-json\/wp\/v2\/tags?post=104991"}],"curies":[{"name":"wp","href":"https:\/\/api.w.org\/{rel}","templated":true}]}}