{"id":104993,"date":"2026-01-15T04:53:11","date_gmt":"2026-01-15T04:53:11","guid":{"rendered":"https:\/\/www.europesays.com\/lv\/104993\/"},"modified":"2026-01-15T04:53:11","modified_gmt":"2026-01-15T04:53:11","slug":"grutniecem-un-maminam-kompenses-medikamentus-100-apmera-lemusi-valdiba-uzzini-kados-gadijumos-tas-notiks-jauns-lv","status":"publish","type":"post","link":"https:\/\/www.europesays.com\/lv\/104993\/","title":{"rendered":"Gr\u016btniec\u0113m un m\u0101mi\u0146\u0101m kompens\u0113s medikamentus 100% apm\u0113r\u0101, l\u0113musi vald\u012bba. Uzzini, k\u0101dos gad\u012bjumos tas notiks &#8211; Jauns.lv"},"content":{"rendered":"<ol>\n<li><a href=\"https:\/\/news.google.com\/rss\/articles\/CBMi3gFBVV95cUxNanRITXR1QkpKU0I1d2Jaam9UTC1QN214SVdERHF4Rm92QVhseWRSb096RWw1NE5WNm9IOGJHYWt3WVU2RmhfMV80bjFTUjJheTF6bl9Da1ZHQ29yaFBwQl9HSV9iUk5UYzJMeG9RT2ZocmlPTF9PcDA4ajNEOVFqbjlkQ0JqMVNZMFowVlFWaDFIMXBZNnRmVmNPSzhQTWpaZjBmU2w1Q0NKWWJTYkhWeHNQVWYtOEs1N0JFU3JpQUI4VXpkbFp2MGJFU1BIQTlkd1hrZHJ6VmY0VldmT0E?oc=5\" target=\"_blank\" rel=\"nofollow noopener\">Gr\u016btniec\u0113m un m\u0101mi\u0146\u0101m kompens\u0113s medikamentus 100% apm\u0113r\u0101, l\u0113musi vald\u012bba. Uzzini, k\u0101dos gad\u012bjumos tas notiks<\/a>&nbsp;&nbsp;Jauns.lv<\/li>\n<li><a href=\"https:\/\/news.google.com\/rss\/articles\/CBMi6wFBVV95cUxPRy1ibHpNVWpzeHFBdnRndjFLR0tvQlV6b256OEJ1dExGdjQ5c0lMV25XWkVza0M1U0FHTm03b2VneDU0eUVYNkZiUExsU1phMWd0RDFjLWVwOTZranFZWUNIU1ZGNkFkaDlKQVdhQTItTjViREdrd2ZNZFNUYzFUaW1GMVdudjdKRU1VUkRnSlJmZzdxcWQxS2M2SVROc0c3Z3RmVFVmUlA5aWtETEN0eGI2TnJXVlgwdDBTMnh1UWcxTkFQZGFSZ1JqUTVIa0tOYUFFUmRPeWtkNXVUeGdXZDhrRmJzTV9WYXFR?oc=5\" target=\"_blank\" rel=\"nofollow noopener\">Gr\u016btniec\u0113m un m\u0101mi\u0146\u0101m piln\u012bb\u0101 kompens\u0113s medikamentus noteiktu slim\u012bbu un komplik\u0101ciju gad\u012bjumos<\/a>&nbsp;&nbsp;LSM<\/li>\n<li><a href=\"https:\/\/news.google.com\/rss\/articles\/CBMi6AFBVV95cUxQdEpDYmJydUhHWHd4b1RfSzBRTjVjRUtZNGRsOWhGTl9hZGpNOHRPU0QxTzVZblROWklhUlpBOWxwRTVJOWhNOUp5ZTZscVc1bnF5bE8yX0dNN3dtOGItMnZwVnc1VFRDcEwzZU13UmRVRTlXN2pzVjY0Nm9LMEhuaE1VQzBjYzB0azVVSkcwUFVfbWIwUG4zajJoZlBvREY0MHRmcDB3VWhsN1V0U1VOUVNXUUluN2F3dlV6NlBOSkx5ZHhYaU1DRkxzMGJubksxRWNid2lPYjdPYnlsanBUWHdnUGlMc2J0?oc=5\" target=\"_blank\" rel=\"nofollow noopener\">Vald\u012bba vienojusies: Gr\u016btniec\u0113m un jaunaj\u0101m m\u0101t\u0113m medikamenti tiks kompens\u0113ti 100% apm\u0113r\u0101 noteiktos gad\u012bjumos<\/a>&nbsp;&nbsp;Lente.lv<\/li>\n<li><a href=\"https:\/\/news.google.com\/rss\/articles\/CBMi0gFBVV95cUxOekFha3ZRR2tIVzJocGJwWnVLRVpFUXFKTk5kcXhJbms0TlkyTjI0amFvcks1ZVE1SDVxSmZLQjlES1M3YjFieVVqZzJYYjJ5NkYxQ2RuRC1tN2hpTjN5OFRKTlBCMVVCc0ZrdndZSkdfR0xrOHpDS1VFanBESkdJQzNMY3FsR21oZkVQWFMxdVpZSVVCb2I4Z2tBd3c3eENCSnc5SHZIVlhJODFLbVZwVU9kb1FBX0IzbzJzOFlldnpDUVZqdE11UEtOemxwOGQ0NFE?oc=5\" target=\"_blank\" rel=\"nofollow noopener\">Stiprinot m\u0101tes un b\u0113rna vesel\u012bbu, gr\u016btniec\u0113m un m\u0101mi\u0146\u0101m kompens\u0113s medikamentus 100% apm\u0113r\u0101<\/a>&nbsp;&nbsp;LV port\u0101ls<\/li>\n<\/ol>\n","protected":false},"excerpt":{"rendered":"Gr\u016btniec\u0113m un m\u0101mi\u0146\u0101m kompens\u0113s medikamentus 100% apm\u0113r\u0101, l\u0113musi vald\u012bba. Uzzini, k\u0101dos gad\u012bjumos tas notiks&nbsp;&nbsp;Jauns.lv Gr\u016btniec\u0113m un m\u0101mi\u0146\u0101m piln\u012bb\u0101&hellip;\n","protected":false},"author":2,"featured_media":104994,"comment_status":"","ping_status":"","sticky":false,"template":"","format":"standard","meta":{"footnotes":""},"categories":[12],"tags":[23,28,29,32,33,22,30,31,35,39,38,36,37,34,40,20,26,27,24,25,21],"class_list":{"0":"post-104993","1":"post","2":"type-post","3":"status-publish","4":"format-standard","5":"has-post-thumbnail","7":"category-latvija","8":"tag-aktualitates","9":"tag-breaking-news","10":"tag-breakingnews","11":"tag-featured-news","12":"tag-featurednews","13":"tag-headlines","14":"tag-latest-news","15":"tag-latestnews","16":"tag-latvia","17":"tag-latvian","18":"tag-latviesu","19":"tag-latviesu-valoda","20":"tag-latviesuvaloda","21":"tag-latvija","22":"tag-lv","23":"tag-news","24":"tag-popularakas-zinas","25":"tag-popularakaszinas","26":"tag-top-stories","27":"tag-topstories","28":"tag-zinas"},"share_on_mastodon":{"url":"https:\/\/pubeurope.com\/@lv\/115897329462734054","error":""},"_links":{"self":[{"href":"https:\/\/www.europesays.com\/lv\/wp-json\/wp\/v2\/posts\/104993","targetHints":{"allow":["GET"]}}],"collection":[{"href":"https:\/\/www.europesays.com\/lv\/wp-json\/wp\/v2\/posts"}],"about":[{"href":"https:\/\/www.europesays.com\/lv\/wp-json\/wp\/v2\/types\/post"}],"author":[{"embeddable":true,"href":"https:\/\/www.europesays.com\/lv\/wp-json\/wp\/v2\/users\/2"}],"replies":[{"embeddable":true,"href":"https:\/\/www.europesays.com\/lv\/wp-json\/wp\/v2\/comments?post=104993"}],"version-history":[{"count":0,"href":"https:\/\/www.europesays.com\/lv\/wp-json\/wp\/v2\/posts\/104993\/revisions"}],"wp:featuredmedia":[{"embeddable":true,"href":"https:\/\/www.europesays.com\/lv\/wp-json\/wp\/v2\/media\/104994"}],"wp:attachment":[{"href":"https:\/\/www.europesays.com\/lv\/wp-json\/wp\/v2\/media?parent=104993"}],"wp:term":[{"taxonomy":"category","embeddable":true,"href":"https:\/\/www.europesays.com\/lv\/wp-json\/wp\/v2\/categories?post=104993"},{"taxonomy":"post_tag","embeddable":true,"href":"https:\/\/www.europesays.com\/lv\/wp-json\/wp\/v2\/tags?post=104993"}],"curies":[{"name":"wp","href":"https:\/\/api.w.org\/{rel}","templated":true}]}}