{"id":104997,"date":"2026-01-15T04:59:19","date_gmt":"2026-01-15T04:59:19","guid":{"rendered":"https:\/\/www.europesays.com\/lv\/104997\/"},"modified":"2026-01-15T04:59:19","modified_gmt":"2026-01-15T04:59:19","slug":"kamer-varu-tikmer-daru-82-gadus-veca-rokdarbu-meistare-ina-valtere-sparigi-turpina-darboties-raksts","status":"publish","type":"post","link":"https:\/\/www.europesays.com\/lv\/104997\/","title":{"rendered":"\u00abKam\u0113r varu, tikm\u0113r daru.\u00bb 82 gadus vec\u0101 rokdarbu meistare Ina Valtere spar\u012bgi turpina darboties \/ Raksts"},"content":{"rendered":"<p>Talsu novada Sabil\u0113 dz\u012bvo Ina Valtere. Vi\u0146a jau 28 gadus ir Amatniec\u012bbas kameras meistare, vada lieti\u0161\u0137\u0101s m\u0101kslas pulci\u0146us Sabil\u0113 un Stend\u0113. 2024.\u00a0gad\u0101 vi\u0146a sa\u0146\u0113ma Tradicion\u0101l\u0101s kult\u016bras izcil\u012bbas balvu, ko pie\u0161\u0137ir reizi cilv\u0113ka m\u016b\u017e\u0101. Vi\u0146aspr\u0101t, pats galvenais ir netur\u0113t sveci zem p\u016bra, bet ar sav\u0101m zin\u0101\u0161an\u0101m dal\u012bties, t\u0101p\u0113c vi\u0146a izaudzin\u0101jusi asto\u0146us meistarus, v\u0113st\u012bja Latvijas Radio raid\u012bjums &#8220;Stiprie st\u0101sti&#8221;.\u00a0<\/p>\n<p>Pirm\u0101 Inas rokdarbu skolot\u0101ja bija vi\u0146as vecmamma, kura likusi ad\u012bt ze\u0137es, lai ar\u012b mazmeita spuroj\u0101s pret\u012b, \u2013 kam vi\u0146ai t\u0101s, var ta\u010du nopirkt veikal\u0101.\u00a0<\/p>\n<p>&#8220;Vec\u0101mamma bija \u013coti pras\u012bga. Ja sp\u012bt\u0113jos, bija ar\u012b \u017eagars rok\u0101, kad vi\u0146a teica \u2013 tu man s\u0113di un adi, tas tev b\u016bs vajadz\u012bgs,&#8221; st\u0101st\u012bja Ina.\u00a0<\/p>\n<p>Inas vecmamma str\u0101d\u0101ja pie Kandavas barona, m\u0101c\u0113ja iz\u0161\u016bt un brudier\u0113t. Ar\u012b Inas mamma \u0161uva, ad\u012bja un dar\u012bja citus rokdarbus. L\u012bdz ar to Inai nekas cits neatlika, k\u0101 sekot vi\u0146u piem\u0113ram.<\/p>\n<p><img decoding=\"async\" src=\"https:\/\/www.europesays.com\/lv\/wp-content\/uploads\/2026\/01\/sg0d.jpg\" alt=\"Ina Valtere.\"\/>Ina Valtere.<\/p>\n<p>Foto: Daina Zalamane\/ Latvijas Radio<\/p>\n<\/p>\n<p>Ina pati dzimusi Murj\u0101\u0146os, bet uzaugusi pie vecm\u0101mi\u0146as Sabil\u0113. Tur ar\u012b vi\u0146a aizvad\u012bjusi visu savu dz\u012bvi.\u00a0<\/p>\n<p>&#8220;1944. gad\u0101, kad bija liel\u0101s kaujas, no Pleskavas n\u0101ca uz R\u012bgu visi tanki un viss p\u0101r\u0113jais, tur bija diezgan b\u012bstami, t\u0101p\u0113c mamma mani atveda uz \u0161ejieni, pie vec\u0101smammas, jo te jau faktiski\u00a0nebija kara. T\u0101 no 1944. gada augusta es esmu sabilniece. Visus 82 gadus dz\u012bvojusi vien\u0101 m\u0101j\u0101, vien\u0101 viet\u0101 \u2013 Sabil\u0113,&#8221; st\u0101st\u012bja Ina.\u00a0<\/p>\n<p><img decoding=\"async\" src=\"https:\/\/www.europesays.com\/lv\/wp-content\/uploads\/2026\/01\/sg0e.jpg\" alt=\"Ciemos pie Inas Valteres.\"\/>Ciemos pie Inas Valteres.<\/p>\n<p>Foto: Daina Zalamane\/ Latvijas Radio<\/p>\n<p><img decoding=\"async\" src=\"https:\/\/www.europesays.com\/lv\/wp-content\/uploads\/2026\/01\/sg0f.jpg\" alt=\"Ciemos pie Inas Valteres.\"\/>Ciemos pie Inas Valteres.<\/p>\n<p>Foto: Daina Zalamane\/ Latvijas Radio<\/p>\n<\/p>\n<p>Da\u017e\u0101dus rokdarbus Ina darin\u0101ja ar\u012b v\u0113l\u0101k skolas gados, m\u0101coties Saulaines tehnikum\u0101, kur apguva agronoma un zootehni\u0137a profesiju.\u00a0<\/p>\n<p>&#8220;Saulaine ir bijus\u012b Kaucminde. Mums v\u0113l bija vec\u0101 Kaucmindes\u00a0darbm\u0101c\u012bbas skolot\u0101ja. Vi\u0146a ar\u012b bija \u013coti stingra un pras\u012bga, bet kaut k\u0101 m\u0101c\u0113ja mums ielikt to, ka tas dz\u012bv\u0113 tie\u0161\u0101m ir vajadz\u012bgs,&#8221; atzina Ina.\u00a0<\/p>\n<p><img decoding=\"async\" src=\"https:\/\/www.europesays.com\/lv\/wp-content\/uploads\/2026\/01\/sg0h.jpg\" alt=\"Ciemos pie Inas Valteres.\"\/>Ciemos pie Inas Valteres.<\/p>\n<p>Foto: Daina Zalamane\/ Latvijas Radio<\/p>\n<\/p>\n<p>M\u0101c\u012bbas tehnikum\u0101 tolaik nebija vieglas. Topo\u0161ajiem zootehni\u0137iem ne tikai vajadz\u0113ja no r\u012bta celties un doties uz k\u016bti, bet piedal\u012bties ar\u012b jaun\u0101 skolas korpusa celtniec\u012bb\u0101.\u00a0<\/p>\n<p>&#8220;K\u0101 m\u0113s str\u0101d\u0101j\u0101m\u2026 Es nezinu, ja tagad b\u0113rniem liktu t\u0101 str\u0101d\u0101t, tad visi ties\u012bbsargu org\u0101ni b\u016btu gais\u0101. Zootehni\u0137iem, saprotiet, \u010detros no r\u012bta bija k\u016bt\u012b j\u0101b\u016bt, asto\u0146os atpaka\u013c uz lekcij\u0101m, t\u0101s ilga l\u012bdz diviem, p\u0113c diviem bija sports un pa\u0161darb\u012bba, kur bija oblig\u0101ti j\u0101piedal\u0101s, un ap pieciem atkal uz k\u016bti \u2013 uz vakara slauk\u0161an\u0101m, baro\u0161an\u0101m. Tikai ap pulksten 22\u201323 tik\u0101m m\u0101j\u0101s, bet tad v\u0113l bija ar\u012b j\u0101m\u0101c\u0101s, t\u0101 k\u0101 nopietni tas bija,&#8221; atmi\u0146\u0101s dal\u012bj\u0101s Ina.\u00a0<\/p>\n<p><img decoding=\"async\" src=\"https:\/\/www.europesays.com\/lv\/wp-content\/uploads\/2026\/01\/sg0b.jpg\" alt=\"Ciemos pie Inas Valteres.\"\/>Ciemos pie Inas Valteres.<\/p>\n<p>Foto: Daina Zalamane\/ Latvijas Radio<\/p>\n<p><img decoding=\"async\" src=\"https:\/\/www.europesays.com\/lv\/wp-content\/uploads\/2026\/01\/sg0c.jpg\" alt=\"Ciemos pie Inas Valteres.\"\/><\/p>\n<p>Ciemos pie Inas Valteres.<\/p>\n<\/p>\n<p>M\u0101c\u012bties par zootehni\u0137i Ina izl\u0113ma, jo vi\u0146ai patika dz\u012bvnieki, ta\u010du p\u0113c skolas pabeig\u0161anas sav\u0101 profesij\u0101 vi\u0146a t\u0101 ar\u012b ne vienu dienu nenostr\u0101d\u0101ja.<\/p>\n<p>&#8220;Tad, kad pabeidzu, tad vec\u0101m\u0101te bija jau gados, un bija j\u0101uztur m\u0101ja. T\u0101 nu es apprec\u0113jos un atn\u0101cu uz \u0161ejieni,&#8221; atkl\u0101ja Ina.\u00a0<\/p>\n<p><img decoding=\"async\" src=\"https:\/\/www.europesays.com\/lv\/wp-content\/uploads\/2026\/01\/sg08.jpg\" alt=\"Ciemos pie Inas Valteres.\"\/>Ciemos pie Inas Valteres.<\/p>\n<p>Foto: Daina Zalamane\/ Latvijas Radio<\/p>\n<\/p>\n<p>Inas v\u012brs bija j\u016brnieks, bet vi\u0146a pati dz\u012bves laik\u0101 dar\u012bjusi da\u017e\u0101dus darbus \u2013 &#8220;Dai\u013crad\u0113&#8221; ad\u012bjusi cimdus, str\u0101d\u0101jusi bibliot\u0113k\u0101, bijusi sekret\u0101re konservu r\u016bpn\u012bc\u0101, v\u0113l\u0101k \u2013 sekret\u0101re izpildkomitej\u0101. P\u0113d\u0113jais algotais darbs vi\u0146ai bija Kabiles mui\u017e\u0101, kad t\u0101 v\u0113l pieder\u0113ja pa\u0161vald\u012bbai.\u00a0<\/p>\n<p>&#8220;Biju vad\u012bt\u0101ja, pils saimniece. T\u0101 bija nolaista visp\u0101r un neapsaimniekota, t\u0101p\u0113c es tais\u012bju da\u017e\u0101dus projektus. (..) Es uztais\u012bju ar\u012b rokdarbu muzeju tur, uz\u0146\u0113mu t\u016bristus,&#8221; st\u0101st\u012bja Ina.\u00a0<\/p>\n<p><img decoding=\"async\" src=\"https:\/\/www.europesays.com\/lv\/wp-content\/uploads\/2026\/01\/sg07.jpg\" alt=\"Ciemos pie Inas Valteres.\"\/>Ciemos pie Inas Valteres.<\/p>\n<p>Foto: Daina Zalamane\/ Latvijas Radio<\/p>\n<\/p>\n<p>Jau 28 gadus Ina ir Latvijas Amatniec\u012bbas kameras meistare, un Sabil\u0113 ir izveidota vi\u0146as meistardarbn\u012bca &#8220;Cimdi\u0146i&#8221;.\u00a0<\/p>\n<p>&#8220;Amatniec\u012bbas kamer\u0101, sa\u0146emot diplomu, tas ir \u013coti nopietni, ir j\u0101dod svin\u012bgais zv\u0113rests, un zv\u0113resta p\u0113d\u0113j\u0101 da\u013ca ir, ka es apsolos augstu tur\u0113t sava amata godu un nodot savas zin\u0101\u0161anas t\u0101l\u0101k.\u00a0<\/p>\n<blockquote>\n<p>Tas ir pats galvenais \u2013 netur\u0113t sveci zem p\u016bra, bet ar\u012b nodot zin\u0101\u0161anas t\u0101l\u0101k,&#8221; pauda Ina.\u00a0<\/p>\n<\/blockquote>\n<p>Ina ir viena no pirmaj\u0101m Amatniec\u012bbas kameras meistar\u0113m p\u0113c tam, kad t\u0101 tika atjaunota. Vi\u0146a pielika roku ar\u012b pie t\u0101s atjauno\u0161anas.\u00a0<\/p>\n<p>&#8220;M\u0113s bij\u0101m pirmie dibin\u0101t\u0101ji un bij\u0101m ar\u012b pirmie meistari. Tad jau nebija nek\u0101 v\u0113l, tad m\u0113s vienk\u0101r\u0161i pa\u0161i tais\u012bj\u0101m programmas, pa\u0161i t\u0101s gudroj\u0101m. Es jau nek\u0101das rokdarbu skolas neesmu g\u0101jusi \u2013 ko es zinu, to es ieguvusi pa\u0161m\u0101c\u012bbas ce\u013c\u0101 pamaz\u0101m, vienk\u0101r\u0161i t\u0101p\u0113c, ka tas interes\u0113,&#8221; skaidroja Ina.<\/p>\n<p>2024. gad\u0101 vi\u0146a sa\u0146\u0113ma Tradicion\u0101l\u0101s kult\u016bras izcil\u012bbas balvu, ko pie\u0161\u0137ir reizi cilv\u0113ka m\u016b\u017e\u0101 un kas ir \u012bpa\u0161s pagodin\u0101jums.\u00a0<\/p>\n<p><img decoding=\"async\" src=\"https:\/\/www.europesays.com\/lv\/wp-content\/uploads\/2026\/01\/sg06.jpg\" alt=\"Sa\u0146emot  Tradicion\u0101l\u0101s kult\u016bras izcil\u012bbas balvu.\"\/>Sa\u0146emot  Tradicion\u0101l\u0101s kult\u016bras izcil\u012bbas balvu.<\/p>\n<p>Foto: Kaspars Teil\u0101ns\/ LNKC<\/p>\n<\/p>\n<p>82 gadu vecum\u0101 vi\u0146a joproj\u0101m vada lieti\u0161\u0137\u0101s m\u0101kslas pulci\u0146us Sabil\u0113 un Stend\u0113 un ir izaudzin\u0101jusi asto\u0146u meistarus. Inai \u013coti pat\u012bk ar\u012b ce\u013cot un doties uz cit\u0101m valst\u012bm, lai apg\u016btu citu tautu pieredzi amatniec\u012bb\u0101 un rokdarbos. Nesen vi\u0146a apl\u0113susi, ka bijusi 32 lidost\u0101s.\u00a0<\/p>\n<p>V\u0113l pirms p\u0101ris gadiem\u00a0Ina dev\u0101s uz Gruziju, kur apmekl\u0113ja\u00a0\u0161\u016b\u0161anas, tautast\u0113rpu, keramikas un citas meistaru darbn\u012bcas, skat\u012bj\u0101s, k\u0101 top dzija no z\u012bdt\u0101rpi\u0146iem,\u00a0un ar\u012b izstaig\u0101ja kalnus.\u00a0<\/p>\n<blockquote>\n<p>&#8220;Nekad nedr\u012bkst apst\u0101ties, ir j\u0101iet tikai uz priek\u0161u.\u00a0<\/p>\n<\/blockquote>\n<p>\u013boti daudzi saka, un tagad ar\u012b daktere br\u012bn\u012bj\u0101s, ka man ir 82 gadi, un vi\u0146a man pras\u012bja, kas man kait. Es teicu \u2013 nekas! Vi\u0146a jaut\u0101ja, ar ko es slimoju, es teicu, ka neslimoju. Jaut\u0101ja, k\u0101das z\u0101les dzeru, bet, n\u0113, es nek\u0101das z\u0101les nedzeru. Tas esot apbr\u012bnojami \u2013 82 gados neko nelietot un neslimot\u2026 Laikam jau tas ir tas, kas uztur cilv\u0113ku, ka esi spiests kust\u0113ties un pel\u0113k\u0101s \u0161\u016bnas kustin\u0101t. Es nedr\u012bkstu apst\u0101ties, man ir j\u0101iet\u2026 Kad meiten\u0113m saku \u2013 viss, esmu piekususi, es gribu iet pensij\u0101, tad visi smejas \u2013 t\u0101 nu tu nos\u0113d\u0113si \u010detr\u0101s sien\u0101s\u2026 T\u0101p\u0113c, kam\u0113r varu, tikm\u0113r daru,&#8221; pauda Ina Valtere.<\/p>\n<p><a href=\"https:\/\/www.lsm.lv\/temas\/stiprie-stasti\/\" class=\"lsm-link\" data-type=\"theme\" data-id=\"25922\" rel=\"nofollow noopener\" target=\"_blank\">Citi\u00a0&#8220;Stiprie st\u0101sti&#8221;\u00a0<\/a><\/p>\n<p style=\"text-align:right\"><a href=\"https:\/\/www.lsm.lv\/temas\/stiprie-stasti\/\" class=\"lsm-link\" data-type=\"theme\" data-id=\"25922\" rel=\"nofollow noopener\" target=\"_blank\">Vair\u0101k<\/a><\/p>\n","protected":false},"excerpt":{"rendered":"Talsu novada Sabil\u0113 dz\u012bvo Ina Valtere. Vi\u0146a jau 28 gadus ir Amatniec\u012bbas kameras meistare, vada lieti\u0161\u0137\u0101s m\u0101kslas pulci\u0146us&hellip;\n","protected":false},"author":2,"featured_media":104998,"comment_status":"","ping_status":"","sticky":false,"template":"","format":"standard","meta":{"footnotes":""},"categories":[12],"tags":[23,28,29,32,33,22,30,31,35,39,38,36,37,34,40,20,26,27,24,25,21],"class_list":{"0":"post-104997","1":"post","2":"type-post","3":"status-publish","4":"format-standard","5":"has-post-thumbnail","7":"category-latvija","8":"tag-aktualitates","9":"tag-breaking-news","10":"tag-breakingnews","11":"tag-featured-news","12":"tag-featurednews","13":"tag-headlines","14":"tag-latest-news","15":"tag-latestnews","16":"tag-latvia","17":"tag-latvian","18":"tag-latviesu","19":"tag-latviesu-valoda","20":"tag-latviesuvaloda","21":"tag-latvija","22":"tag-lv","23":"tag-news","24":"tag-popularakas-zinas","25":"tag-popularakaszinas","26":"tag-top-stories","27":"tag-topstories","28":"tag-zinas"},"share_on_mastodon":{"url":"https:\/\/pubeurope.com\/@lv\/115897353091028241","error":""},"_links":{"self":[{"href":"https:\/\/www.europesays.com\/lv\/wp-json\/wp\/v2\/posts\/104997","targetHints":{"allow":["GET"]}}],"collection":[{"href":"https:\/\/www.europesays.com\/lv\/wp-json\/wp\/v2\/posts"}],"about":[{"href":"https:\/\/www.europesays.com\/lv\/wp-json\/wp\/v2\/types\/post"}],"author":[{"embeddable":true,"href":"https:\/\/www.europesays.com\/lv\/wp-json\/wp\/v2\/users\/2"}],"replies":[{"embeddable":true,"href":"https:\/\/www.europesays.com\/lv\/wp-json\/wp\/v2\/comments?post=104997"}],"version-history":[{"count":0,"href":"https:\/\/www.europesays.com\/lv\/wp-json\/wp\/v2\/posts\/104997\/revisions"}],"wp:featuredmedia":[{"embeddable":true,"href":"https:\/\/www.europesays.com\/lv\/wp-json\/wp\/v2\/media\/104998"}],"wp:attachment":[{"href":"https:\/\/www.europesays.com\/lv\/wp-json\/wp\/v2\/media?parent=104997"}],"wp:term":[{"taxonomy":"category","embeddable":true,"href":"https:\/\/www.europesays.com\/lv\/wp-json\/wp\/v2\/categories?post=104997"},{"taxonomy":"post_tag","embeddable":true,"href":"https:\/\/www.europesays.com\/lv\/wp-json\/wp\/v2\/tags?post=104997"}],"curies":[{"name":"wp","href":"https:\/\/api.w.org\/{rel}","templated":true}]}}