{"id":104999,"date":"2026-01-15T05:01:12","date_gmt":"2026-01-15T05:01:12","guid":{"rendered":"https:\/\/www.europesays.com\/lv\/104999\/"},"modified":"2026-01-15T05:01:12","modified_gmt":"2026-01-15T05:01:12","slug":"ugis-kugis-ar-gimeni-izstajas-no-sova-gimene-burka-lente-lv","status":"publish","type":"post","link":"https:\/\/www.europesays.com\/lv\/104999\/","title":{"rendered":"U\u0123is Ku\u0123is ar \u0123imeni izst\u0101jas no \u0161ova &#8220;\u0122imene burk\u0101&#8221;\u00a0\u2014\u00a0Lente.lv"},"content":{"rendered":"<p>Ku\u0123u \u0123imene pamet realit\u0101tes \u0161ovu<\/p>\n<p>Kri\u0161na\u012bts, v\u0113diskais filozofs un attiec\u012bbu konsultants U\u0123is Ku\u0123is kop\u0101 ar savu \u0123imeni nol\u0113mis izst\u0101ties no realit\u0101tes seri\u0101la &#8220;\u0122imene burk\u0101&#8221;. \u0160\u0101ds l\u0113mums pie\u0146emts pirms jaun\u0101s sezonas s\u0101kuma, kad pl\u0101nots atgriezties pie skat\u012bt\u0101jiem kan\u0101l\u0101 &#8220;360&#8221;. Ku\u0123u \u0123imene bija viens no ilggad\u0113jiem \u0161ova dal\u012bbniekiem, ta\u010du tagad vi\u0146u vietu ie\u0146ems jaunpien\u0101c\u0113ji. K\u0101 inform\u0113 port\u0101ls NRA, U\u0123is Ku\u0123is ir izteicis v\u0113lmi velt\u012bt vair\u0101k laika savai \u0123imenei un person\u012bgajiem projektiem.<\/p>\n<p>Jaun\u0101 sezona bez Ku\u0123iem<\/p>\n<p>Realit\u0101tes seri\u0101ls &#8220;\u0122imene burk\u0101&#8221; uzs\u0101ks savu jauno sezonu 19. janv\u0101r\u012b. T\u0101pat k\u0101 iepriek\u0161, raid\u012bjums piev\u0113rs\u012bsies aktu\u0101l\u0101m \u0123imenes probl\u0113m\u0101m, attiec\u012bbu izaicin\u0101jumiem un kopdz\u012bves risin\u0101jumiem. Katru ned\u0113\u013cu skat\u012bt\u0101ji var\u0113s sekot l\u012bdzi gan jau iepaz\u012bto \u0123ime\u0146u, gan ar\u012b jaunpien\u0101c\u0113ju gait\u0101m. \u0160aj\u0101 sezon\u0101 \u0161ovam pievienosies m\u016bzi\u0137is Lauris Valters ar savu \u0123imeni, k\u0101 ar\u012b Kohu un Kamp\u0101nu-Dark\u0113vi\u010du \u0123imenes. L\u012bdztekus jaunajiem dal\u012bbniekiem, ekr\u0101n\u0101 redzami ar\u012b atpaz\u012bstamie Bindre, Karalkini un Folkma\u0146i. Raid\u012bjuma b\u016bt\u012bba paliek nemain\u012bga \u2013 atspogu\u013cot re\u0101lu dz\u012bvi, izgaismojot sadz\u012bves gr\u016bt\u012bbas un konfliktus, lai mudin\u0101tu skat\u012bt\u0101jus str\u0101d\u0101t pie savstarp\u0113j\u0101s saska\u0146as uzlabo\u0161anas.<\/p>\n<p>Attiec\u012bbu trenera loma<\/p>\n<p>Ar\u012b \u0161aj\u0101 sezon\u0101 skat\u012bt\u0101jiem b\u016bs iesp\u0113ja smelties padomus no attiec\u012bbu trenera Kristapa Ozoli\u0146a. Vi\u0146\u0161 pal\u012bdz\u0113s aktualiz\u0113t t\u0101dus jaut\u0101jumus k\u0101 b\u0113rnu un pusaud\u017eu audzin\u0101\u0161ana, naudas ietekme uz \u0123imenes dinamiku un stereotipi par sievie\u0161u un v\u012brie\u0161u lom\u0101m. Galvenais r\u012bks probl\u0113mu risin\u0101\u0161an\u0101 un diskusiju veicin\u0101\u0161an\u0101 ir &#8220;v\u0113lmju burka&#8221;, kas mudina dal\u012bbniekus formul\u0113t savas vajadz\u012bbas un tiekties p\u0113c cie\u0146pilnas l\u012bdz\u0101spast\u0101v\u0113\u0161anas.<\/p>\n<p>U\u0123a Ku\u0123a ce\u013c\u0161<\/p>\n<p>U\u0123is Ku\u0123is, Latvij\u0101 zin\u0101m\u0101kais kri\u0161na\u012bts un v\u0113diskais filozofs, \u0161ova &#8220;\u0122imene burk\u0101&#8221; skat\u012bt\u0101jiem bija paz\u012bstams jau vair\u0101kus gadus. Vi\u0146a dal\u012bba \u0161ov\u0101 vienm\u0113r izrais\u012bja interesi un diskusijas par vi\u0146a unik\u0101lajiem uzskatiem un dz\u012bvesveidu. Ku\u0123is ir vair\u0101kk\u0101rt izteicies par savu p\u0101rliec\u012bbu un v\u0113diskajiem principiem, tostarp par uzturu un attiec\u012bbu dinamiku. Lai gan vi\u0146\u0161 un vi\u0146a \u0123imene vairs nepiedal\u012bsies \u0161ov\u0101, vi\u0146a iepriek\u0161\u0113j\u0101s dal\u012bbas laik\u0101 ieg\u016btie atspogu\u013cojumi paliks skat\u012bt\u0101ju atmi\u0146\u0101s.<\/p>\n","protected":false},"excerpt":{"rendered":"Ku\u0123u \u0123imene pamet realit\u0101tes \u0161ovu Kri\u0161na\u012bts, v\u0113diskais filozofs un attiec\u012bbu konsultants U\u0123is Ku\u0123is kop\u0101 ar savu \u0123imeni nol\u0113mis&hellip;\n","protected":false},"author":2,"featured_media":105000,"comment_status":"","ping_status":"","sticky":false,"template":"","format":"standard","meta":{"footnotes":""},"categories":[19],"tags":[8602,89,4306,90,35,39,38,36,37,34,40,18077,25212],"class_list":{"0":"post-104999","1":"post","2":"type-post","3":"status-publish","4":"format-standard","5":"has-post-thumbnail","7":"category-izklaide","8":"tag-atvadas","9":"tag-entertainment","10":"tag-gimene-burka","11":"tag-izklaide","12":"tag-latvia","13":"tag-latvian","14":"tag-latviesu","15":"tag-latviesu-valoda","16":"tag-latviesuvaloda","17":"tag-latvija","18":"tag-lv","19":"tag-realitates-sovs","20":"tag-ugis-kugis"},"share_on_mastodon":{"url":"https:\/\/pubeurope.com\/@lv\/115897360910530172","error":""},"_links":{"self":[{"href":"https:\/\/www.europesays.com\/lv\/wp-json\/wp\/v2\/posts\/104999","targetHints":{"allow":["GET"]}}],"collection":[{"href":"https:\/\/www.europesays.com\/lv\/wp-json\/wp\/v2\/posts"}],"about":[{"href":"https:\/\/www.europesays.com\/lv\/wp-json\/wp\/v2\/types\/post"}],"author":[{"embeddable":true,"href":"https:\/\/www.europesays.com\/lv\/wp-json\/wp\/v2\/users\/2"}],"replies":[{"embeddable":true,"href":"https:\/\/www.europesays.com\/lv\/wp-json\/wp\/v2\/comments?post=104999"}],"version-history":[{"count":0,"href":"https:\/\/www.europesays.com\/lv\/wp-json\/wp\/v2\/posts\/104999\/revisions"}],"wp:featuredmedia":[{"embeddable":true,"href":"https:\/\/www.europesays.com\/lv\/wp-json\/wp\/v2\/media\/105000"}],"wp:attachment":[{"href":"https:\/\/www.europesays.com\/lv\/wp-json\/wp\/v2\/media?parent=104999"}],"wp:term":[{"taxonomy":"category","embeddable":true,"href":"https:\/\/www.europesays.com\/lv\/wp-json\/wp\/v2\/categories?post=104999"},{"taxonomy":"post_tag","embeddable":true,"href":"https:\/\/www.europesays.com\/lv\/wp-json\/wp\/v2\/tags?post=104999"}],"curies":[{"name":"wp","href":"https:\/\/api.w.org\/{rel}","templated":true}]}}