{"id":105002,"date":"2026-01-15T05:05:08","date_gmt":"2026-01-15T05:05:08","guid":{"rendered":"https:\/\/www.europesays.com\/lv\/105002\/"},"modified":"2026-01-15T05:05:08","modified_gmt":"2026-01-15T05:05:08","slug":"kazaks-izvirzas-ka-viens-no-diviem-velamajiem-kandidatiem-uz-ecb-viceprezidenta-amatu-raksts","status":"publish","type":"post","link":"https:\/\/www.europesays.com\/lv\/105002\/","title":{"rendered":"Kaz\u0101ks izvirz\u0101s k\u0101 viens no diviem v\u0113lamajiem kandid\u0101tiem uz ECB viceprezidenta amatu \/ Raksts"},"content":{"rendered":"<p>Latvijas Bankas prezidents M\u0101rti\u0146\u0161 Kaz\u0101ks tiek izskat\u012bts k\u0101 viens no diviem kandid\u0101tiem uz Eiropas Centr\u0101l\u0101s bankas (ECB) viceprezidenta amatu, liecina Ekonomikas un monet\u0101r\u0101s komitejas priek\u0161s\u0113d\u0113t\u0101jas Aurores Lalukas pazi\u0146ojums par tre\u0161dienas neform\u0101lo viedok\u013cu apmai\u0146u ar ECB viceprezidenta amata kandid\u0101tiem.\u00a0<\/p>\n<p>Tre\u0161dien, 14.\u00a0janv\u0101r\u012b, Ekonomikas un monet\u0101r\u0101s komitejas locek\u013ci r\u012bkoja neform\u0101lu viedok\u013cu apmai\u0146u ar se\u0161iem kandid\u0101tiem uz n\u0101kamo ECB viceprezidenta amatu.\u00a0<\/p>\n<blockquote>\n<p>Komitejas koordinatori, kas p\u0101rst\u0101v\u0113ja komitejas sast\u0101va liel\u0101ko da\u013cu, atbalst\u012bja Kaz\u0101ku un Mario Centeno k\u0101 v\u0113lamos kandid\u0101tus \u0161im amatam.\u00a0<\/p>\n<\/blockquote>\n<p>Vald\u012bba decembr\u012b apstiprin\u0101ja <a href=\"https:\/\/www.lsm.lv\/raksts\/zinas\/ekonomika\/27.11.2025-fm-ieteiks-kazaka-kandidaturu-eiropas-centralas-bankas-valdes-priekssedetaja-vietnieka-amatam.a624084\/\" class=\"lsm-link\" data-type=\"article\" data-id=\"624084\" rel=\"nofollow noopener\" target=\"_blank\">Kaz\u0101ka <\/a>kandidat\u016bru ECB valdes priek\u0161s\u0113d\u0113t\u0101ja vietnieka amatam.\u00a0Finan\u0161u ministrija (FM)\u00a0nor\u0101d\u012bjusi, ka Kaz\u0101ks ir starptautiski atz\u012bts makroekonomists ar pla\u0161u profesion\u0101lo pieredzi monet\u0101raj\u0101 politik\u0101, finan\u0161u stabilit\u0101t\u0113 un banku sektor\u0101, un vi\u0146a izvirz\u012b\u0161ana b\u016btiski stiprin\u0101tu Latvijas p\u0101rst\u0101vniec\u012bbu ES instit\u016bcij\u0101s.<\/p>\n<p>FM skaidro, ka ECB viceprezidents ir viens no centr\u0101lajiem amatiem Eiropas ekonomiskaj\u0101 un finan\u0161u sist\u0113m\u0101. Vietnieks \u012bsteno eirozonas monet\u0101ro politiku, piedal\u0101s l\u0113mumu pie\u0146em\u0161an\u0101 par banku uzraudz\u012bbu, p\u0101rst\u0101v ECB starptautiskajos form\u0101tos, k\u0101 ar\u012b ir atbild\u012bgs par makroprudenci\u0101lo politiku un finan\u0161u stabilit\u0101ti.\u00a0<\/p>\n<p>Saska\u0146\u0101 ar L\u012bgumu par ES darb\u012bbu ECB vald\u0113 ir priek\u0161s\u0113d\u0113t\u0101js, priek\u0161s\u0113d\u0113t\u0101ja vietnieks un \u010detri valdes locek\u013ci. Vi\u0146us p\u0113c ES Padomes ieteikuma, ko t\u0101 sniedz p\u0113c apspriedes ar Eiropas Parlamentu un ECB Padomi, iece\u013c Eiropadome ar kvalific\u0113tu balsu vair\u0101kumu no izvirz\u012btajiem kandid\u0101tiem \u2013 person\u0101m ar nevainojamu reput\u0101ciju un profesion\u0101lo pieredzi monet\u0101ros vai banku jaut\u0101jumos.\u00a0<\/p>\n<p>ECB valdes locek\u013cu amata pilnvaru laiks ir asto\u0146i gadi, un to nepagarina. Tikai ES dal\u012bbvalstu pilso\u0146i var b\u016bt par ECB valdes locek\u013ciem. ECB vald\u0113 l\u012bdz 2027. gada beig\u0101m, \u0146emot v\u0113r\u0101 eso\u0161o valdes locek\u013cu pilnvaru laikus, b\u016bs j\u0101p\u0101rv\u0113l\u0113 \u010detri valdes locek\u013ci, taj\u0101 skait\u0101 valdes priek\u0161s\u0113d\u0113t\u0101js un valdes priek\u0161s\u0113d\u0113t\u0101ja vietnieks.\u00a0<\/p>\n<p>Eso\u0161\u0101 ECB viceprezidenta Luisa de Gindosa pilnvaru termi\u0146\u0161 beigsies 2026.\u00a0gada 31.\u00a0maij\u0101, t\u0101p\u0113c Latvijai ir iesp\u0113ja izvirz\u012bt savu kandid\u0101tu \u0161im amatam.\u00a0<\/p>\n<p><a href=\"https:\/\/www.lsm.lv\/raksts\/zinas\/ekonomika\/06.02.2025-latvijas-bankas-prezidenta-amata-ar-opozicijas-atbalstu-parvelets-martins-kazaks.a586581\/\" class=\"lsm-link\" data-type=\"article\" data-id=\"586581\" rel=\"nofollow noopener\" target=\"_blank\">Kaz\u0101ks<\/a> Latvijas Bankas prezidenta amat\u0101 uz otro termi\u0146u p\u0113rn febru\u0101r\u012b tika iev\u0113l\u0113ts tikai ar otro pieg\u0101jienu. Pirmaj\u0101 k\u0101rt\u0101 Kaz\u0101ku politisko intrigu rezult\u0101t\u0101 nep\u0101rv\u0113l\u0113ja.\u00a0<\/p>\n<p>Kaz\u0101ks Latvijas Universit\u0101t\u0113 ieguvis bakalaura gr\u0101du ekonomik\u0101, Kembrid\u017eas Universit\u0101t\u0113 \u2013 diplomu ekonomik\u0101, bet Londonas Universit\u0101t\u0113 \u2013 ma\u0123istra gr\u0101du ekonomik\u0101 un doktora gr\u0101du ekonomik\u0101.\u00a0<\/p>\n<p>Kaz\u0101ks str\u0101d\u0101jis k\u0101 vado\u0161ais ekonomists FM Makrofisk\u0101l\u0101s anal\u012bzes un prognozes departament\u0101, bijis p\u0113tniec\u012bbas asistents &#8220;International Research and Exchanges Board&#8221; (IREX) R\u012bgas biroj\u0101.<\/p>\n<p>T\u0101pat Kaz\u0101ks bijis p\u0113tnieka asistents Londonas Universit\u0101tes koled\u017eas Sl\u0101vu un Austrumeiropas studiju skolas Soci\u0101lo zin\u0101t\u0146u departament\u0101 (&#8220;Social Sciences Department, School of Slavonic and East European Studies, University College London&#8221;).<\/p>\n<p>No 2005.\u00a0gada Kaz\u0101ks bija &#8220;Swedbank&#8221; galvenais ekonomists Latvij\u0101 un galvenais makroekonomikas anal\u012bti\u0137is Baltij\u0101, bet no 2010.\u00a0gada l\u012bdz 2018.\u00a0gada augustam \u2013 &#8220;Swedbank&#8221; grupas galven\u0101 ekonomista vietnieks, &#8220;Swedbank Latvija&#8221; galvenais ekonomists un &#8220;Swedbank&#8221; grupas Baltijas valstu Makroekonomikas p\u0113t\u012bjumu da\u013cas vad\u012bt\u0101js.<\/p>\n<p>Kaz\u0101ks kop\u0161 2018.\u00a0gada augusta bija Latvijas Bankas padomes loceklis, bet 2019.\u00a0gada decembr\u012b ar 76 deput\u0101tu bals\u012bm Saeima vi\u0146u pirmoreiz iev\u0113l\u0113ja par Latvijas Bankas prezidentu.<\/p>\n<p>                    Valodas k\u013c\u016bda rakst\u0101?<\/p>\n<p class=\"d-none d-md-block\">Iez\u012bm\u0113jiet tekstu un spiediet Ctrl+Enter, lai nos\u016bt\u012btu labojamo teksta fragmentu redaktoram! Par faktu k\u013c\u016bd\u0101m l\u016bdzam zi\u0146ot e-past\u0101 <a href=\"https:\/\/www.lsm.lv\/cdn-cgi\/l\/email-protection\" class=\"__cf_email__\" data-cfemail=\"76041312171d151f1c17361a051b581a00\" rel=\"nofollow noopener\" target=\"_blank\">[email\u00a0protected]<\/a>.<\/p>\n<p class=\"d-md-none\">Iez\u012bm\u0113jiet tekstu un spiediet uz Zi\u0146ot par k\u013c\u016bdu pogas, lai nos\u016bt\u012btu labojamo teksta fragmentu redaktoram!<\/p>\n<p>\n                    Zi\u0146ot par k\u013c\u016bdu\n                <\/p>\n","protected":false},"excerpt":{"rendered":"Latvijas Bankas prezidents M\u0101rti\u0146\u0161 Kaz\u0101ks tiek izskat\u012bts k\u0101 viens no diviem kandid\u0101tiem uz Eiropas Centr\u0101l\u0101s bankas (ECB) viceprezidenta&hellip;\n","protected":false},"author":2,"featured_media":105003,"comment_status":"","ping_status":"","sticky":false,"template":"","format":"standard","meta":{"footnotes":""},"categories":[12],"tags":[23,28,29,32,33,22,30,31,35,39,38,36,37,34,40,20,26,27,24,25,21],"class_list":{"0":"post-105002","1":"post","2":"type-post","3":"status-publish","4":"format-standard","5":"has-post-thumbnail","7":"category-latvija","8":"tag-aktualitates","9":"tag-breaking-news","10":"tag-breakingnews","11":"tag-featured-news","12":"tag-featurednews","13":"tag-headlines","14":"tag-latest-news","15":"tag-latestnews","16":"tag-latvia","17":"tag-latvian","18":"tag-latviesu","19":"tag-latviesu-valoda","20":"tag-latviesuvaloda","21":"tag-latvija","22":"tag-lv","23":"tag-news","24":"tag-popularakas-zinas","25":"tag-popularakaszinas","26":"tag-top-stories","27":"tag-topstories","28":"tag-zinas"},"share_on_mastodon":{"url":"https:\/\/pubeurope.com\/@lv\/115897376814784308","error":""},"_links":{"self":[{"href":"https:\/\/www.europesays.com\/lv\/wp-json\/wp\/v2\/posts\/105002","targetHints":{"allow":["GET"]}}],"collection":[{"href":"https:\/\/www.europesays.com\/lv\/wp-json\/wp\/v2\/posts"}],"about":[{"href":"https:\/\/www.europesays.com\/lv\/wp-json\/wp\/v2\/types\/post"}],"author":[{"embeddable":true,"href":"https:\/\/www.europesays.com\/lv\/wp-json\/wp\/v2\/users\/2"}],"replies":[{"embeddable":true,"href":"https:\/\/www.europesays.com\/lv\/wp-json\/wp\/v2\/comments?post=105002"}],"version-history":[{"count":0,"href":"https:\/\/www.europesays.com\/lv\/wp-json\/wp\/v2\/posts\/105002\/revisions"}],"wp:featuredmedia":[{"embeddable":true,"href":"https:\/\/www.europesays.com\/lv\/wp-json\/wp\/v2\/media\/105003"}],"wp:attachment":[{"href":"https:\/\/www.europesays.com\/lv\/wp-json\/wp\/v2\/media?parent=105002"}],"wp:term":[{"taxonomy":"category","embeddable":true,"href":"https:\/\/www.europesays.com\/lv\/wp-json\/wp\/v2\/categories?post=105002"},{"taxonomy":"post_tag","embeddable":true,"href":"https:\/\/www.europesays.com\/lv\/wp-json\/wp\/v2\/tags?post=105002"}],"curies":[{"name":"wp","href":"https:\/\/api.w.org\/{rel}","templated":true}]}}