{"id":105008,"date":"2026-01-15T05:11:07","date_gmt":"2026-01-15T05:11:07","guid":{"rendered":"https:\/\/www.europesays.com\/lv\/105008\/"},"modified":"2026-01-15T05:11:07","modified_gmt":"2026-01-15T05:11:07","slug":"ziemina-ieskrienas-ceturtdienas-rita-dazviet-21-gradu-sals-vai-pa-dienu-klus-mazliet-siltaks-la-lv","status":"publish","type":"post","link":"https:\/\/www.europesays.com\/lv\/105008\/","title":{"rendered":"Ziemi\u0146a ieskrienas, ceturtdienas r\u012bt\u0101 da\u017eviet -21 gr\u0101du sals. Vai pa dienu k\u013c\u016bs mazliet silt\u0101ks? &#8211; LA.LV"},"content":{"rendered":"<ol>\n<li><a href=\"https:\/\/news.google.com\/rss\/articles\/CBMirwFBVV95cUxPc3VXQXBQakpiQ2JpZ3M0cDRjQlFsdmpaUm80NnZId0dDbGpJTHFOVzhPUXV5UEV5LWNtREVkdElMZ2NldU1ocDQxdnlxSllnTy12SmdtaHMyWUVHZ2czdHVoRTR3aWlfMEd1UkhaWGNuanlyTDgwbTVUc3NNVW9FaXY3TWZNUE56N0pqdm5ZNlNrOFhfWVJtNDZhREdabWY0cUdHNnZLS3BjZzk4QWkw?oc=5\" target=\"_blank\" rel=\"nofollow noopener\">Ziemi\u0146a ieskrienas, ceturtdienas r\u012bt\u0101 da\u017eviet -21 gr\u0101du sals. Vai pa dienu k\u013c\u016bs mazliet silt\u0101ks?<\/a>&nbsp;&nbsp;LA.LV<\/li>\n<li><a href=\"https:\/\/news.google.com\/rss\/articles\/CBMilgFBVV95cUxPTEw2bTdMWVYwZ0hnQkRlQ2pjLUNFWUdwZ3d2LUZOZnJDZjhPb3c0aWFUcUNzMWpEZGRsOXFTRjdTMk1VQWpIV1RQNzlsbl9YNW9TVGY4anZYcjl4dlRoUWFZMUFlcjFnaWR2RE4yM3NMbG9FXzdkVEVsRC1kZ2Y0NXlUVG8xTFRNNU4wenhqX29fWUxaZmc?oc=5\" target=\"_blank\" rel=\"nofollow noopener\">Ceturtdien debesis aizkl\u0101s m\u0101ko\u0146i<\/a>&nbsp;&nbsp;Delfi<\/li>\n<li><a href=\"https:\/\/news.google.com\/rss\/articles\/CBMifEFVX3lxTE5NZVhnSl9maTY0dWJ2TWpwRnZ1RGY5MXE1ZFBzZFhVU1lDLTFPb0NaR2ZNeHB3bUhQRlZVTHF1bGtuTHg4RkQ5RUx5Y2d5aElqY0haVnBOVDY3WnhfUDV0dXNFQ3psQVVRMnQ2RkM3RXZZdDJmeEtsdl9Qb0g?oc=5\" target=\"_blank\" rel=\"nofollow noopener\">\u0160onakt Kurzem\u0113 snigs un nedaudz putin\u0101s<\/a>&nbsp;&nbsp;TVNET &#8211; Laika zi\u0146as<\/li>\n<li><a href=\"https:\/\/news.google.com\/rss\/articles\/CBMipgFBVV95cUxQT3hxSTRTM2FZYmdaWGRDdzhBZVNxcXBYYjlwbEtGODNlNDU4blYtZHdrVWwtVnFucjBjcm1vUDRmSmhoY2o5cXdueWtEQVpPNElkdm45bGE2WGNwUTl5eDJDVEEwaFQwVl9iX3U3UVB4Tl9OR0poVHA3cVN0NTFraUdSbFpMV3B1LURubWVkekpjdzdtdGstNFBxN0FWU2hFcENWNnhB?oc=5\" target=\"_blank\" rel=\"nofollow noopener\">Nakt\u012b Kurzem\u0113 un Zemgales rietumos gaid\u0101ms sniegs un putenis<\/a>&nbsp;&nbsp;Lente.lv<\/li>\n<li><a href=\"https:\/\/news.google.com\/rss\/articles\/CBMitgFBVV95cUxPRWtPdUpkblN1eFZUY0FXUlI0ZEQtUHhfcmQ4ZGxNcF9aVWdiQ2RwcHhiVEhIaWZkSk4xYmVISmNkTGlKdVZxUzNFalg0OWRHREZ2aDdnN1BqN1BzakY0LWRBbk1mOHVMV0laTHpFUERBeGhMNVpwMUdGWW5DZ1Q2X056cUZFaHhVSjg5VjZ6M1h4SjF3UjJqb1BVLWlkZ3JlSzI4bmN0cm9hbTExbWlXRTNRUDZVdw?oc=5\" target=\"_blank\" rel=\"nofollow noopener\">Nakts uz ceturtdienu b\u016bs auksta. Viet\u0101m termometra stabi\u0146\u0161 nosl\u012bd\u0113s l\u012bdz -15 gr\u0101diem<\/a>&nbsp;&nbsp;tv3.lv<\/li>\n<\/ol>\n","protected":false},"excerpt":{"rendered":"Ziemi\u0146a ieskrienas, ceturtdienas r\u012bt\u0101 da\u017eviet -21 gr\u0101du sals. Vai pa dienu k\u013c\u016bs mazliet silt\u0101ks?&nbsp;&nbsp;LA.LV Ceturtdien debesis aizkl\u0101s m\u0101ko\u0146i&nbsp;&nbsp;Delfi&hellip;\n","protected":false},"author":2,"featured_media":105009,"comment_status":"","ping_status":"","sticky":false,"template":"","format":"standard","meta":{"footnotes":""},"categories":[12],"tags":[23,28,29,32,33,22,30,31,35,39,38,36,37,34,40,20,26,27,24,25,21],"class_list":{"0":"post-105008","1":"post","2":"type-post","3":"status-publish","4":"format-standard","5":"has-post-thumbnail","7":"category-latvija","8":"tag-aktualitates","9":"tag-breaking-news","10":"tag-breakingnews","11":"tag-featured-news","12":"tag-featurednews","13":"tag-headlines","14":"tag-latest-news","15":"tag-latestnews","16":"tag-latvia","17":"tag-latvian","18":"tag-latviesu","19":"tag-latviesu-valoda","20":"tag-latviesuvaloda","21":"tag-latvija","22":"tag-lv","23":"tag-news","24":"tag-popularakas-zinas","25":"tag-popularakaszinas","26":"tag-top-stories","27":"tag-topstories","28":"tag-zinas"},"share_on_mastodon":{"url":"https:\/\/pubeurope.com\/@lv\/115897400222514420","error":""},"_links":{"self":[{"href":"https:\/\/www.europesays.com\/lv\/wp-json\/wp\/v2\/posts\/105008","targetHints":{"allow":["GET"]}}],"collection":[{"href":"https:\/\/www.europesays.com\/lv\/wp-json\/wp\/v2\/posts"}],"about":[{"href":"https:\/\/www.europesays.com\/lv\/wp-json\/wp\/v2\/types\/post"}],"author":[{"embeddable":true,"href":"https:\/\/www.europesays.com\/lv\/wp-json\/wp\/v2\/users\/2"}],"replies":[{"embeddable":true,"href":"https:\/\/www.europesays.com\/lv\/wp-json\/wp\/v2\/comments?post=105008"}],"version-history":[{"count":0,"href":"https:\/\/www.europesays.com\/lv\/wp-json\/wp\/v2\/posts\/105008\/revisions"}],"wp:featuredmedia":[{"embeddable":true,"href":"https:\/\/www.europesays.com\/lv\/wp-json\/wp\/v2\/media\/105009"}],"wp:attachment":[{"href":"https:\/\/www.europesays.com\/lv\/wp-json\/wp\/v2\/media?parent=105008"}],"wp:term":[{"taxonomy":"category","embeddable":true,"href":"https:\/\/www.europesays.com\/lv\/wp-json\/wp\/v2\/categories?post=105008"},{"taxonomy":"post_tag","embeddable":true,"href":"https:\/\/www.europesays.com\/lv\/wp-json\/wp\/v2\/tags?post=105008"}],"curies":[{"name":"wp","href":"https:\/\/api.w.org\/{rel}","templated":true}]}}