{"id":105010,"date":"2026-01-15T05:13:18","date_gmt":"2026-01-15T05:13:18","guid":{"rendered":"https:\/\/www.europesays.com\/lv\/105010\/"},"modified":"2026-01-15T05:13:18","modified_gmt":"2026-01-15T05:13:18","slug":"vai-alvis-hermanis-grasas-pamest-jrt-politikas-del-santa","status":"publish","type":"post","link":"https:\/\/www.europesays.com\/lv\/105010\/","title":{"rendered":"Vai Alvis Hermanis gras\u0101s pamest JRT politikas d\u0113\u013c? \u2014 Santa"},"content":{"rendered":"<p>Re\u017eisors <a data-id=\"122481\" href=\"https:\/\/www.santa.lv\/tema\/122481\/alvis-hermanis?utm_source=internal&amp;utm_medium=article&amp;utm_campaign=theme_link\" target=\"_blank\" rel=\"nofollow noopener\">Alvis Hermanis<\/a> gada izska\u0146\u0101 pievienoj\u0101s partijai Republika un rosin\u0101ja to p\u0101rsaukt par M\u0113s main\u0101m noteikumus. Te\u0101tra ilggad\u0113jie cien\u012bt\u0101ji ir neizpratn\u0113 \u2013 vai tad, ja Alvim izdosies non\u0101kt Saeim\u0101, vi\u0146\u0161 pamet\u012bs savu ilggad\u0113jo darba vietu?<\/p>\n<p>\u00abJRT es nepamet\u012b\u0161u nek\u0101d\u0101 gad\u012bjum\u0101, jo esmu par to atbild\u012bgs gan darbinieku, gan skat\u012bt\u0101ju priek\u0161\u0101,\u00bb skaidro Jaun\u0101 R\u012bgas te\u0101tra m\u0101kslinieciskais vad\u012bt\u0101js un re\u017eisors Alvis Hermanis.<\/p>\n<blockquote><p>&#13;<\/p>\n<p>\u00abJa tik\u0161u iev\u0113l\u0113ts, savienosim.<\/p>\n<p>&#13;\n<\/p><\/blockquote>\n<p>Viens no m\u016bsu likumu groz\u012bjumiem b\u016bs \u2013 atgriezties pie pirmskara prakses, kad Saeim\u0101 iev\u0113l\u0113tajiem nebija profesiju aizliegumu. Tur str\u0101d\u0101ja visi liel\u0101kie r\u016bpnieki, fabrikanti un ar\u012b Skalbe, Rainis, Akuraters,\u00bb uzsver vi\u0146\u0161.<\/p>\n","protected":false},"excerpt":{"rendered":"Re\u017eisors Alvis Hermanis gada izska\u0146\u0101 pievienoj\u0101s partijai Republika un rosin\u0101ja to p\u0101rsaukt par M\u0113s main\u0101m noteikumus. Te\u0101tra ilggad\u0113jie&hellip;\n","protected":false},"author":2,"featured_media":105011,"comment_status":"","ping_status":"","sticky":false,"template":"","format":"standard","meta":{"footnotes":""},"categories":[19],"tags":[89,90,35,39,38,36,37,34,40],"class_list":{"0":"post-105010","1":"post","2":"type-post","3":"status-publish","4":"format-standard","5":"has-post-thumbnail","7":"category-izklaide","8":"tag-entertainment","9":"tag-izklaide","10":"tag-latvia","11":"tag-latvian","12":"tag-latviesu","13":"tag-latviesu-valoda","14":"tag-latviesuvaloda","15":"tag-latvija","16":"tag-lv"},"share_on_mastodon":{"url":"https:\/\/pubeurope.com\/@lv\/115897408070231825","error":""},"_links":{"self":[{"href":"https:\/\/www.europesays.com\/lv\/wp-json\/wp\/v2\/posts\/105010","targetHints":{"allow":["GET"]}}],"collection":[{"href":"https:\/\/www.europesays.com\/lv\/wp-json\/wp\/v2\/posts"}],"about":[{"href":"https:\/\/www.europesays.com\/lv\/wp-json\/wp\/v2\/types\/post"}],"author":[{"embeddable":true,"href":"https:\/\/www.europesays.com\/lv\/wp-json\/wp\/v2\/users\/2"}],"replies":[{"embeddable":true,"href":"https:\/\/www.europesays.com\/lv\/wp-json\/wp\/v2\/comments?post=105010"}],"version-history":[{"count":0,"href":"https:\/\/www.europesays.com\/lv\/wp-json\/wp\/v2\/posts\/105010\/revisions"}],"wp:featuredmedia":[{"embeddable":true,"href":"https:\/\/www.europesays.com\/lv\/wp-json\/wp\/v2\/media\/105011"}],"wp:attachment":[{"href":"https:\/\/www.europesays.com\/lv\/wp-json\/wp\/v2\/media?parent=105010"}],"wp:term":[{"taxonomy":"category","embeddable":true,"href":"https:\/\/www.europesays.com\/lv\/wp-json\/wp\/v2\/categories?post=105010"},{"taxonomy":"post_tag","embeddable":true,"href":"https:\/\/www.europesays.com\/lv\/wp-json\/wp\/v2\/tags?post=105010"}],"curies":[{"name":"wp","href":"https:\/\/api.w.org\/{rel}","templated":true}]}}