{"id":105016,"date":"2026-01-15T05:17:10","date_gmt":"2026-01-15T05:17:10","guid":{"rendered":"https:\/\/www.europesays.com\/lv\/105016\/"},"modified":"2026-01-15T05:17:10","modified_gmt":"2026-01-15T05:17:10","slug":"karmiska-vilkme-uz-lindam-pilseta-baumo-ka-hosams-abu-meri-ir-ar-jau-treso-lindu","status":"publish","type":"post","link":"https:\/\/www.europesays.com\/lv\/105016\/","title":{"rendered":"\u201cKarmiska vilkme uz Lind\u0101m\u201d \u2013 pils\u0113t\u0101 baumo, ka Hosams Abu Meri ir ar jau tre\u0161o Lindu"},"content":{"rendered":"<p>    <img decoding=\"async\" src=\"https:\/\/www.europesays.com\/lv\/wp-content\/uploads\/2026\/01\/LET_24762978-1-800x531.jpg\" alt=\"&#10;Vesel\u012bbas ministrs Hosams Abu Meri.&#10;\"\/><\/p>\n<p>Vesel\u012bbas ministrs Hosams Abu Meri.<\/p>\n<p>Foto: Lita Millere\/LETA\n<\/p>\n<p>Pils\u0113t\u0101 baumo, ka vesel\u012bbas ministrs Hosams Abu Meri ir kop\u0101 jau ar tre\u0161o Lindu. Soct\u012bkl\u0101 \u201cX\u201d par \u0161o t\u0113mu pie @Gircha ieraksta pasmaida ne viens vien koment\u0113t\u0101js, ta\u010du, visticam\u0101k, paties\u012bb\u0101 runa ir vien par darba attiec\u012bb\u0101m.<\/p>\n<p>        Las\u012bt\u0101kie<br \/>\n        <a data-imagesrc=\"{&quot;300&quot;:&quot;https:\\\/\\\/lastatic.ams3.cdn.digitaloceanspaces.com\\\/2026\\\/01\\\/FotoJet-5-300x200.jpg&quot;,&quot;1024&quot;:&quot;https:\\\/\\\/lastatic.ams3.cdn.digitaloceanspaces.com\\\/2026\\\/01\\\/FotoJet-5-1024x683.jpg&quot;,&quot;1536&quot;:&quot;https:\\\/\\\/lastatic.ams3.cdn.digitaloceanspaces.com\\\/2026\\\/01\\\/FotoJet-5-1536x1024.jpg&quot;,&quot;500&quot;:&quot;https:\\\/\\\/lastatic.ams3.cdn.digitaloceanspaces.com\\\/2026\\\/01\\\/FotoJet-5-500x333.jpg&quot;,&quot;800&quot;:&quot;https:\\\/\\\/lastatic.ams3.cdn.digitaloceanspaces.com\\\/2026\\\/01\\\/FotoJet-5-800x533.jpg&quot;,&quot;1800&quot;:&quot;https:\\\/\\\/lastatic.ams3.cdn.digitaloceanspaces.com\\\/2026\\\/01\\\/FotoJet-5.jpg&quot;}\" data-focuspoint=\"&quot;&quot;\" data-p=\"2491277\" href=\"https:\/\/www.la.lv\/vecums-nav-spriedums-5-pazimes-kas-liecina-ka-jus-novecojat-loti-veiksmigi\" class=\"content-item lazy-load\" wp_automatic_readability=\"27\" rel=\"nofollow noopener\" target=\"_blank\"><\/p>\n<p>                                <img decoding=\"async\" src=\"\" alt=\"\" style=\"\" data-imageid=\"\"\/><\/p>\n<p>\n                                                Vecums nav spriedums: 5 paz\u012bmes, kas liecina, ka j\u016bs novecojat \u013coti veiksm\u012bgi\n                            <\/p>\n<p><\/a><a data-imagesrc=\"{&quot;300&quot;:&quot;https:\\\/\\\/lastatic.ams3.cdn.digitaloceanspaces.com\\\/2020\\\/04\\\/Tomsons_Aidis2_KM_1-300x200.jpg&quot;,&quot;768&quot;:&quot;https:\\\/\\\/lastatic.ams3.cdn.digitaloceanspaces.com\\\/2020\\\/04\\\/Tomsons_Aidis2_KM_1-768x512.jpg&quot;,&quot;200&quot;:&quot;https:\\\/\\\/lastatic.ams3.cdn.digitaloceanspaces.com\\\/2020\\\/04\\\/Tomsons_Aidis2_KM_1-200x133.jpg&quot;,&quot;400&quot;:&quot;https:\\\/\\\/lastatic.ams3.cdn.digitaloceanspaces.com\\\/2020\\\/04\\\/Tomsons_Aidis2_KM_1-400x267.jpg&quot;,&quot;500&quot;:&quot;https:\\\/\\\/lastatic.ams3.cdn.digitaloceanspaces.com\\\/2020\\\/04\\\/Tomsons_Aidis2_KM_1-500x334.jpg&quot;,&quot;800&quot;:&quot;https:\\\/\\\/lastatic.ams3.cdn.digitaloceanspaces.com\\\/2020\\\/04\\\/Tomsons_Aidis2_KM_1-800x534.jpg&quot;,&quot;1000&quot;:&quot;https:\\\/\\\/lastatic.ams3.cdn.digitaloceanspaces.com\\\/2020\\\/04\\\/Tomsons_Aidis2_KM_1.jpg&quot;}\" data-focuspoint=\"&quot;&quot;\" data-p=\"2494469\" href=\"https:\/\/www.la.lv\/aidis-tomsons-piedzivo-patiesi-sirsnigu-bridi-tiesraides-laika-piezvanijusi-vina-bijusi-skolotaja-lai-pavestitu-kadu-svarigu-zinu\" class=\"content-item lazy-load\" wp_automatic_readability=\"27\" rel=\"nofollow noopener\" target=\"_blank\"><\/p>\n<p>                                <img decoding=\"async\" src=\"\" alt=\"\" style=\"\" data-imageid=\"\"\/><\/p>\n<p>                                Kokteilis<\/p>\n<p>\n                                                Aidis Tomsons piedz\u012bvo patiesi sirsn\u012bgu br\u012bdi \u2013 tie\u0161raides laik\u0101 piezvan\u012bjusi vi\u0146a bijus\u012b skolot\u0101ja, lai pav\u0113st\u012btu k\u0101du svar\u012bgu zi\u0146u<\/p>\n<p><\/a><a data-imagesrc=\"{&quot;300&quot;:&quot;https:\\\/\\\/lastatic.ams3.cdn.digitaloceanspaces.com\\\/2024\\\/02\\\/LET_24624476-1-300x204.jpg&quot;,&quot;768&quot;:&quot;https:\\\/\\\/lastatic.ams3.cdn.digitaloceanspaces.com\\\/2024\\\/02\\\/LET_24624476-1-768x522.jpg&quot;,&quot;200&quot;:&quot;https:\\\/\\\/lastatic.ams3.cdn.digitaloceanspaces.com\\\/2024\\\/02\\\/LET_24624476-1-200x136.jpg&quot;,&quot;400&quot;:&quot;https:\\\/\\\/lastatic.ams3.cdn.digitaloceanspaces.com\\\/2024\\\/02\\\/LET_24624476-1-400x272.jpg&quot;,&quot;500&quot;:&quot;https:\\\/\\\/lastatic.ams3.cdn.digitaloceanspaces.com\\\/2024\\\/02\\\/LET_24624476-1-500x340.jpg&quot;,&quot;800&quot;:&quot;https:\\\/\\\/lastatic.ams3.cdn.digitaloceanspaces.com\\\/2024\\\/02\\\/LET_24624476-1-800x544.jpg&quot;,&quot;1000&quot;:&quot;https:\\\/\\\/lastatic.ams3.cdn.digitaloceanspaces.com\\\/2024\\\/02\\\/LET_24624476-1.jpg&quot;}\" data-focuspoint=\"{&quot;x&quot;:&quot;55.32711145000123&quot;,&quot;y&quot;:&quot;41.13385489817416&quot;}\" data-p=\"2494527\" href=\"https:\/\/www.la.lv\/pamostoties-dzirdeju-ka-vienam-sapot-kakls-jo-hunu-dakteri-kakla-iebazusi-vieglins-stradinu-slimnica-sastapies-ar-patieso-sabiedribas-spoguli\" class=\"content-item lazy-load\" wp_automatic_readability=\"28\" rel=\"nofollow noopener\" target=\"_blank\"><\/p>\n<p>                                <img decoding=\"async\" src=\"\" alt=\"\" style=\"object-position: 55.32711145000123% 41.13385489817416%\" data-imageid=\"\"\/><\/p>\n<p>\n                                                \u201cPamostoties dzird\u0113ju, ka vienam s\u0101pot kakls, jo \u201chu*\u0146u\u201d dakteri kakl\u0101 ieb\u0101zu\u0161i,\u201d Viegli\u0146\u0161 Stradi\u0146a slimn\u012bc\u0101 sastapies ar da\u013cu no paties\u0101 sabiedr\u012bbas spogu\u013ca\n                            <\/p>\n<p><\/a><br \/>\n        <a class=\"read-more\" href=\"https:\/\/www.la.lv\/top\" rel=\"nofollow noopener\" target=\"_blank\">Las\u012bt citas zi\u0146as<\/a><\/p>\n<p>Visupirms ieskat\u0101mies, ko par to dom\u0101 koment\u0113t\u0101ji.<\/p>\n<p><img decoding=\"async\" src=\"https:\/\/www.europesays.com\/lv\/wp-content\/uploads\/2026\/01\/Ekranuznemums-2026-01-14-231221.jpg\" alt=\"\"\/><\/p>\n<p>    CITI \u0160OBR\u012aD LASA<\/p>\n<p><img decoding=\"async\" src=\"https:\/\/www.europesays.com\/lv\/wp-content\/uploads\/2026\/01\/Ekranuznemums-2026-01-14-230801.jpg\" alt=\"\"\/><br \/>\n<img decoding=\"async\" src=\"https:\/\/www.europesays.com\/lv\/wp-content\/uploads\/2026\/01\/Ekranuznemums-2026-01-14-230813.jpg\" alt=\"\"\/><br \/>\n<img decoding=\"async\" src=\"https:\/\/www.europesays.com\/lv\/wp-content\/uploads\/2026\/01\/Ekranuznemums-2026-01-14-230730.jpg\" alt=\"\"\/><br \/>\n<img decoding=\"async\" src=\"https:\/\/www.europesays.com\/lv\/wp-content\/uploads\/2026\/01\/Ekranuznemums-2026-01-14-230748.jpg\" alt=\"\"\/><\/p>\n<p>Pats ministrs nekur \u0161o t\u0113mu publiskaj\u0101 vid\u0113 nav koment\u0113jis, nav nek\u0101du pier\u0101d\u012bjumu, ka ministru ar \u0161o Lindu saist\u012btu k\u0101das \u012bpa\u0161\u0101kas attiec\u012bbas, ta\u010du ir piln\u012bgi iesp\u0113jams, ka baumot\u0101ji \u0161oreiz darba attiec\u012bbas ir sajauku\u0161i ar priv\u0101t\u0101m, jo zi\u0146u a\u0123ent\u016bra \u201cLeta\u201d v\u0113sta, ka \u0161\u012b Linda Ozola paties\u012bb\u0101 ir k\u013cuvusi par da\u013cu no vesel\u012bbas ministra komandas.<\/p>\n<p>R\u012bgas domes deput\u0101te un frakcijas \u201cJaun\u0101 vienot\u012bba\u201d priek\u0161s\u0113d\u0113t\u0101ja Linda Ozola iecelta par vesel\u012bbas ministra Hosama Abu Meri (JV) padomnieci starpnozaru koordin\u0101cijas jaut\u0101jumos, liecina inform\u0101cija Vesel\u012bbas ministrijas (VM) t\u012bmek\u013cvietn\u0113.<\/p>\n<p>K\u0101 a\u0123ent\u016bru LETA inform\u0113ja ministrij\u0101, Ozola darbu ministra padomnieces amat\u0101 s\u0101ka 5. janv\u0101r\u012b.<\/p>\n<p>Ozola patlaban darbojas ar\u012b R\u012bgas domes Soci\u0101lo jaut\u0101jumu komitej\u0101.<\/p>\n<p>Vesel\u012bbas ministra padomniece komunik\u0101cijas jaut\u0101jumos Ilona O\u0161a a\u0123ent\u016brai LETA nor\u0101d\u012bja, ka ministra biroj\u0101 pag\u0101ju\u0161\u0101 gada nogal\u0113 tika veiktas organizatoriskas p\u0101rmai\u0146as, stiprinot komandas kapacit\u0101ti un profesion\u0101lo kompetenci.<\/p>\n<p>Parlament\u0101r\u0101s sekret\u0101res amat\u0101 st\u0101j\u0101s demogr\u0101fijas eksperte iepriek\u0161 juridisk\u0101 padomniece L\u012bga \u0100boli\u0146a, savuk\u0101rt juridisk\u0101s padomnieces pien\u0101kumus uz nepilnu slodzi s\u0101ka pild\u012bt Dace K\u013cavi\u0146a.<\/p>\n<p>Ar\u012b Ozola k\u0101 ministra padomniece starpnozaru jaut\u0101jumos \u0161\u012b gada janv\u0101r\u012b darbu s\u0101kusi uz nepilnu slodzi.<\/p>\n<p>\u0145emot v\u0113r\u0101 ilgtsp\u0113j\u012bgas vesel\u012bbas apr\u016bpes izaicin\u0101jumus gan re\u0123ion\u0101l\u0101 l\u012bmen\u012b, gan galvaspils\u0113t\u0101, pie\u0146emts l\u0113mums atbilsto\u0161i vajadz\u012bb\u0101m papildin\u0101t ministra biroja kompetenci ar padomnieci, kurai ir padzi\u013cin\u0101ta izpratne par valsts un pa\u0161vald\u012bbas darba koordin\u0101ciju soci\u0101l\u0101s politikas jom\u0101, skaidro ministrij\u0101.<\/p>\n<p>Padomnieces starpnozaru jaut\u0101jumos atalgojums noteikts 2052 eiro pirms nodok\u013cu nomaksas, inform\u0113ja O\u0161a.<\/p>\n<p>T\u0113mas<\/p>\n<p>    SAIST\u012aTIE RAKSTI<\/p>\n","protected":false},"excerpt":{"rendered":"Vesel\u012bbas ministrs Hosams Abu Meri. Foto: Lita Millere\/LETA Pils\u0113t\u0101 baumo, ka vesel\u012bbas ministrs Hosams Abu Meri ir kop\u0101&hellip;\n","protected":false},"author":2,"featured_media":105017,"comment_status":"","ping_status":"","sticky":false,"template":"","format":"standard","meta":{"footnotes":""},"categories":[12],"tags":[23,28,29,32,33,22,30,31,35,39,38,36,37,34,40,20,26,27,24,25,21],"class_list":{"0":"post-105016","1":"post","2":"type-post","3":"status-publish","4":"format-standard","5":"has-post-thumbnail","7":"category-latvija","8":"tag-aktualitates","9":"tag-breaking-news","10":"tag-breakingnews","11":"tag-featured-news","12":"tag-featurednews","13":"tag-headlines","14":"tag-latest-news","15":"tag-latestnews","16":"tag-latvia","17":"tag-latvian","18":"tag-latviesu","19":"tag-latviesu-valoda","20":"tag-latviesuvaloda","21":"tag-latvija","22":"tag-lv","23":"tag-news","24":"tag-popularakas-zinas","25":"tag-popularakaszinas","26":"tag-top-stories","27":"tag-topstories","28":"tag-zinas"},"share_on_mastodon":{"url":"https:\/\/pubeurope.com\/@lv\/115897423866983084","error":""},"_links":{"self":[{"href":"https:\/\/www.europesays.com\/lv\/wp-json\/wp\/v2\/posts\/105016","targetHints":{"allow":["GET"]}}],"collection":[{"href":"https:\/\/www.europesays.com\/lv\/wp-json\/wp\/v2\/posts"}],"about":[{"href":"https:\/\/www.europesays.com\/lv\/wp-json\/wp\/v2\/types\/post"}],"author":[{"embeddable":true,"href":"https:\/\/www.europesays.com\/lv\/wp-json\/wp\/v2\/users\/2"}],"replies":[{"embeddable":true,"href":"https:\/\/www.europesays.com\/lv\/wp-json\/wp\/v2\/comments?post=105016"}],"version-history":[{"count":0,"href":"https:\/\/www.europesays.com\/lv\/wp-json\/wp\/v2\/posts\/105016\/revisions"}],"wp:featuredmedia":[{"embeddable":true,"href":"https:\/\/www.europesays.com\/lv\/wp-json\/wp\/v2\/media\/105017"}],"wp:attachment":[{"href":"https:\/\/www.europesays.com\/lv\/wp-json\/wp\/v2\/media?parent=105016"}],"wp:term":[{"taxonomy":"category","embeddable":true,"href":"https:\/\/www.europesays.com\/lv\/wp-json\/wp\/v2\/categories?post=105016"},{"taxonomy":"post_tag","embeddable":true,"href":"https:\/\/www.europesays.com\/lv\/wp-json\/wp\/v2\/tags?post=105016"}],"curies":[{"name":"wp","href":"https:\/\/api.w.org\/{rel}","templated":true}]}}