{"id":105020,"date":"2026-01-15T05:22:09","date_gmt":"2026-01-15T05:22:09","guid":{"rendered":"https:\/\/www.europesays.com\/lv\/105020\/"},"modified":"2026-01-15T05:22:09","modified_gmt":"2026-01-15T05:22:09","slug":"vacija-nepamatoti-ieslodzitam-virietim-izmaksas-vairak-neka-miljonu-eiro-lielu-kompensaciju-raksts","status":"publish","type":"post","link":"https:\/\/www.europesays.com\/lv\/105020\/","title":{"rendered":"V\u0101cij\u0101 nepamatoti ieslodz\u012btam v\u012brietim izmaks\u0101s vair\u0101k nek\u0101 miljonu eiro lielu kompens\u0101ciju \/ Raksts"},"content":{"rendered":"<p>V\u0101cijas Bav\u0101rijas feder\u0101lajai zemei b\u016bs j\u0101samaks\u0101 1,3 miljonu eiro liela kompens\u0101cija v\u012brietim, kur\u0161 13 gadus pavad\u012bja cietum\u0101 par slepkav\u012bbu, ko vi\u0146\u0161 nebija izdar\u012bjis.\u00a0<\/p>\n<p>Biju\u0161ajam nama p\u0101rvaldniekam Manfr\u0113dam Gendickim 2010. gad\u0101 piesprieda m\u016b\u017ea ieslodz\u012bjumu par 87 gadus vecas sievietes nosl\u012bcin\u0101\u0161anu vann\u0101.\u00a0<\/p>\n<blockquote>\n<p>Neilgi p\u0113c Gendicka noties\u0101\u0161anas tiesu medic\u012bnas eksperti s\u0101ka ap\u0161aub\u012bt vi\u0146a vainu. 2022. gad\u0101 v\u012brieti atbr\u012bvoja no cietuma, bet 2023. gad\u0101 p\u0113c atk\u0101rtotas lietas izskat\u012b\u0161anas vi\u0146u attaisnoja. Tiesa sievietes n\u0101vi atzina par nelaimes gad\u012bjumu.\u00a0<\/p>\n<\/blockquote>\n<p>P\u0113c atbr\u012bvo\u0161anas Gendickis un vi\u0146a advok\u0101ts piepras\u012bja kompens\u0101ciju no Bav\u0101rijas feder\u0101l\u0101s zemes. Vi\u0146i ar\u012b noraid\u012bja prokurat\u016bras pras\u012bbu samaks\u0101t gandr\u012bz 100 t\u016bksto\u0161us eiro par uztur\u0113\u0161anos cietum\u0101, un piepras\u012bja 750 t\u016bksto\u0161u eiro kompens\u0101ciju, v\u0113sta &#8220;Deutsche Welle&#8221;.\u00a0<\/p>\n<p>Bav\u0101rijas Tieslietu ministrija pazi\u0146oja, ka v\u012brietis nevar\u0113s sa\u0146emt kompens\u0101ciju piln\u0101 apm\u0113r\u0101, jo no t\u0101s atvilks nodok\u013cus un atl\u012bdz\u012bbu advok\u0101tam.<\/p>\n<p>                    Valodas k\u013c\u016bda rakst\u0101?<\/p>\n<p class=\"d-none d-md-block\">Iez\u012bm\u0113jiet tekstu un spiediet Ctrl+Enter, lai nos\u016bt\u012btu labojamo teksta fragmentu redaktoram! Par faktu k\u013c\u016bd\u0101m l\u016bdzam zi\u0146ot e-past\u0101 <a href=\"https:\/\/www.lsm.lv\/cdn-cgi\/l\/email-protection\" class=\"__cf_email__\" data-cfemail=\"5e2c3b3a3f353d37343f1e322d33703228\" rel=\"nofollow noopener\" target=\"_blank\">[email\u00a0protected]<\/a>.<\/p>\n<p class=\"d-md-none\">Iez\u012bm\u0113jiet tekstu un spiediet uz Zi\u0146ot par k\u013c\u016bdu pogas, lai nos\u016bt\u012btu labojamo teksta fragmentu redaktoram!<\/p>\n<p>\n                    Zi\u0146ot par k\u013c\u016bdu\n                <\/p>\n","protected":false},"excerpt":{"rendered":"V\u0101cijas Bav\u0101rijas feder\u0101lajai zemei b\u016bs j\u0101samaks\u0101 1,3 miljonu eiro liela kompens\u0101cija v\u012brietim, kur\u0161 13 gadus pavad\u012bja cietum\u0101 par&hellip;\n","protected":false},"author":2,"featured_media":105021,"comment_status":"","ping_status":"","sticky":false,"template":"","format":"standard","meta":{"footnotes":""},"categories":[14],"tags":[23,57,28,29,32,33,22,30,31,35,39,38,36,37,34,40,20,26,27,24,25,54,55,56,21,58],"class_list":{"0":"post-105020","1":"post","2":"type-post","3":"status-publish","4":"format-standard","5":"has-post-thumbnail","7":"category-zinas-no-arvalstim","8":"tag-aktualitates","9":"tag-arvalstim","10":"tag-breaking-news","11":"tag-breakingnews","12":"tag-featured-news","13":"tag-featurednews","14":"tag-headlines","15":"tag-latest-news","16":"tag-latestnews","17":"tag-latvia","18":"tag-latvian","19":"tag-latviesu","20":"tag-latviesu-valoda","21":"tag-latviesuvaloda","22":"tag-latvija","23":"tag-lv","24":"tag-news","25":"tag-popularakas-zinas","26":"tag-popularakaszinas","27":"tag-top-stories","28":"tag-topstories","29":"tag-world","30":"tag-world-news","31":"tag-worldnews","32":"tag-zinas","33":"tag-zinas-no-arvalstim"},"share_on_mastodon":{"url":"https:\/\/pubeurope.com\/@lv\/115897443468574519","error":""},"_links":{"self":[{"href":"https:\/\/www.europesays.com\/lv\/wp-json\/wp\/v2\/posts\/105020","targetHints":{"allow":["GET"]}}],"collection":[{"href":"https:\/\/www.europesays.com\/lv\/wp-json\/wp\/v2\/posts"}],"about":[{"href":"https:\/\/www.europesays.com\/lv\/wp-json\/wp\/v2\/types\/post"}],"author":[{"embeddable":true,"href":"https:\/\/www.europesays.com\/lv\/wp-json\/wp\/v2\/users\/2"}],"replies":[{"embeddable":true,"href":"https:\/\/www.europesays.com\/lv\/wp-json\/wp\/v2\/comments?post=105020"}],"version-history":[{"count":0,"href":"https:\/\/www.europesays.com\/lv\/wp-json\/wp\/v2\/posts\/105020\/revisions"}],"wp:featuredmedia":[{"embeddable":true,"href":"https:\/\/www.europesays.com\/lv\/wp-json\/wp\/v2\/media\/105021"}],"wp:attachment":[{"href":"https:\/\/www.europesays.com\/lv\/wp-json\/wp\/v2\/media?parent=105020"}],"wp:term":[{"taxonomy":"category","embeddable":true,"href":"https:\/\/www.europesays.com\/lv\/wp-json\/wp\/v2\/categories?post=105020"},{"taxonomy":"post_tag","embeddable":true,"href":"https:\/\/www.europesays.com\/lv\/wp-json\/wp\/v2\/tags?post=105020"}],"curies":[{"name":"wp","href":"https:\/\/api.w.org\/{rel}","templated":true}]}}