{"id":105022,"date":"2026-01-15T05:24:09","date_gmt":"2026-01-15T05:24:09","guid":{"rendered":"https:\/\/www.europesays.com\/lv\/105022\/"},"modified":"2026-01-15T05:24:09","modified_gmt":"2026-01-15T05:24:09","slug":"medijos-satraucas-par-iespejamo-drizo-uzbrukumu-iranai-par-ko-liecinot-viena-pazime-jauns-lv","status":"publish","type":"post","link":"https:\/\/www.europesays.com\/lv\/105022\/","title":{"rendered":"Medijos satraucas par iesp\u0113jamo dr\u012bzo uzbrukumu Ir\u0101nai, par ko liecinot viena paz\u012bme &#8211; Jauns.lv"},"content":{"rendered":"<ol>\n<li><a href=\"https:\/\/news.google.com\/rss\/articles\/CBMivwFBVV95cUxOVjdWZjEyNUs1RFRKelBqTEFYNW40MjNoTFZQNC1PWWc5NTB0a05pVnQyWDRETnYweFVCU0JpS2l2c3hFbkVnTUFsUWxpdE1tLXVydi03T0VkS2RoeFBDVHVKNTFGYVo3bWxUQWdDTEhybk9KRC1jcW12b3ZDR0dBMVlnV0lZQmNtNzFYZkZXR0dJdlhfOU9vSDEyZHlaM2FVT3l6c0Y5QlFIVTZoVmw0UDdTNnBJaVhIYXdmSnl2Yw?oc=5\" target=\"_blank\" rel=\"nofollow noopener\">Medijos satraucas par iesp\u0113jamo dr\u012bzo uzbrukumu Ir\u0101nai, par ko liecinot viena paz\u012bme<\/a>&nbsp;&nbsp;Jauns.lv<\/li>\n<li><a href=\"https:\/\/news.google.com\/rss\/articles\/CBMi2gFBVV95cUxPWl9FX3RzckFNRUlUb1QwVUhnQ3lfOV9wOGszXy1iRzlqMFhzUFFzQVI1N3NsYy0tc3dHbjRZZGlsd2Z4OXJXV0xyVWIwRVVYVGFjVmg4S1VBSXJaNGo0NUhCSi16d3hENDVlSExiY0ZuLWdoODJGS2J6djcwSWRKeC1EMDBYWUVLZnFYT0R4bWR5UUlHQWpxN0NFQXFBbkl5TnZXbDZqckJCbG5JVEw5Tm01QWVIRE5tbnAtbDNTQkphRkdDY2FWY09EeGJXZXBuMXk2TEZZS3ZtQQ?oc=5\" target=\"_blank\" rel=\"nofollow noopener\">Ir\u0101na br\u012bdina, ka uzbruks ASV milit\u0101raj\u0101m b\u0101z\u0113m, ja Va\u0161ingtona iejauksies protestos, zi\u0146o &#8220;Reuters&#8221;<\/a>&nbsp;&nbsp;Delfi<\/li>\n<li><a href=\"https:\/\/news.google.com\/rss\/articles\/CBMiywFBVV95cUxQWkczZzhodVVBRmZGVVVqeWtaU0ZJZG9TWjk1YTRRWkdxUHE2UWpqa2F6ZUtSSzFRMmZIWGJrd1RFdlU0ZmRWaDNPNndBb3ZHSG5xNlVxT2VwMDhlclFJajI4S2tvOG52SE1TNjVoUW1pQTBZcDRyQVh1NWtLY19JTUtwZ2tDTG54aTI2al9wcml3aHJrQUxsV1g3VUJOWnJsdG1VWjBNeXBHajhCcEJkbTJXYjRYNm9rUkRlMWpsWGtrVnMwN1ZoTWdkWQ?oc=5\" target=\"_blank\" rel=\"nofollow noopener\">Eiropas Savien\u012bbas l\u012bderi vienoti atbalst\u0101 Ir\u0101nas protestu dal\u012bbniekiem \/ Raksts<\/a>&nbsp;&nbsp;LSM<\/li>\n<li><a href=\"https:\/\/news.google.com\/rss\/articles\/CBMirwFBVV95cUxOWXQ4b0VLbXJIbEFwc1k5Y0JScHdTVjRaNEhjMTBuNXBIcjdxbmZSN0VwdUpCT25JSGw2a0QxbHBlcWUyMWhXS0hNQXZIbXowM3BQMVoxSnBFdkZyZXJ0dDRROXVJV1ltekZJM1VMRjV2aUFyb0RSbk9pVjVSMW95UV93eEJnS1lOTHhUZGgyRFRNZDA2bG83UnA1bkFtaWdsb21SdXNkeGVkODY5SDNV?oc=5\" target=\"_blank\" rel=\"nofollow noopener\">Rea\u0123\u0113jot uz spriedzi Ir\u0101n\u0101, ASV evaku\u0113 savus milit\u0101ros sp\u0113kus no Kataras<\/a>&nbsp;&nbsp;Jauns.lv<\/li>\n<li><a href=\"https:\/\/news.google.com\/rss\/articles\/CBMihgFBVV95cUxNQWFHZXJ1YURFYl80dXg3cnY2RlFWWk9qbk1pbzRCeml6d0xvQWpFUDdUMXhhcEltaE1JMVRQaWthRWFCSEpBczh6SjBuallrWHdkeTVjR2ZXa2tJWUxzcnlwaDhVM2REazBjWXpUZlI3N1FMdGtsU1pQR3U4LWVGTlhPMEV3QQ?oc=5\" target=\"_blank\" rel=\"nofollow noopener\">&#8220;Pal\u012bdz\u012bba ir ce\u013c\u0101,&#8221; Tramps mudina Ir\u0101nas iedz\u012bvot\u0101jus g\u0101zt re\u017e\u012bmu<\/a>&nbsp;&nbsp;NRA<\/li>\n<\/ol>\n","protected":false},"excerpt":{"rendered":"Medijos satraucas par iesp\u0113jamo dr\u012bzo uzbrukumu Ir\u0101nai, par ko liecinot viena paz\u012bme&nbsp;&nbsp;Jauns.lv Ir\u0101na br\u012bdina, ka uzbruks ASV milit\u0101raj\u0101m&hellip;\n","protected":false},"author":2,"featured_media":105023,"comment_status":"","ping_status":"","sticky":false,"template":"","format":"standard","meta":{"footnotes":""},"categories":[5],"tags":[23,28,29,32,33,22,30,31,35,39,38,36,37,34,40,20,26,27,24,25,21],"class_list":{"0":"post-105022","1":"post","2":"type-post","3":"status-publish","4":"format-standard","5":"has-post-thumbnail","7":"category-aktualitates","8":"tag-aktualitates","9":"tag-breaking-news","10":"tag-breakingnews","11":"tag-featured-news","12":"tag-featurednews","13":"tag-headlines","14":"tag-latest-news","15":"tag-latestnews","16":"tag-latvia","17":"tag-latvian","18":"tag-latviesu","19":"tag-latviesu-valoda","20":"tag-latviesuvaloda","21":"tag-latvija","22":"tag-lv","23":"tag-news","24":"tag-popularakas-zinas","25":"tag-popularakaszinas","26":"tag-top-stories","27":"tag-topstories","28":"tag-zinas"},"share_on_mastodon":{"url":"https:\/\/pubeurope.com\/@lv\/115897451294706717","error":""},"_links":{"self":[{"href":"https:\/\/www.europesays.com\/lv\/wp-json\/wp\/v2\/posts\/105022","targetHints":{"allow":["GET"]}}],"collection":[{"href":"https:\/\/www.europesays.com\/lv\/wp-json\/wp\/v2\/posts"}],"about":[{"href":"https:\/\/www.europesays.com\/lv\/wp-json\/wp\/v2\/types\/post"}],"author":[{"embeddable":true,"href":"https:\/\/www.europesays.com\/lv\/wp-json\/wp\/v2\/users\/2"}],"replies":[{"embeddable":true,"href":"https:\/\/www.europesays.com\/lv\/wp-json\/wp\/v2\/comments?post=105022"}],"version-history":[{"count":0,"href":"https:\/\/www.europesays.com\/lv\/wp-json\/wp\/v2\/posts\/105022\/revisions"}],"wp:featuredmedia":[{"embeddable":true,"href":"https:\/\/www.europesays.com\/lv\/wp-json\/wp\/v2\/media\/105023"}],"wp:attachment":[{"href":"https:\/\/www.europesays.com\/lv\/wp-json\/wp\/v2\/media?parent=105022"}],"wp:term":[{"taxonomy":"category","embeddable":true,"href":"https:\/\/www.europesays.com\/lv\/wp-json\/wp\/v2\/categories?post=105022"},{"taxonomy":"post_tag","embeddable":true,"href":"https:\/\/www.europesays.com\/lv\/wp-json\/wp\/v2\/tags?post=105022"}],"curies":[{"name":"wp","href":"https:\/\/api.w.org\/{rel}","templated":true}]}}