{"id":105024,"date":"2026-01-15T05:28:28","date_gmt":"2026-01-15T05:28:28","guid":{"rendered":"https:\/\/www.europesays.com\/lv\/105024\/"},"modified":"2026-01-15T05:28:28","modified_gmt":"2026-01-15T05:28:28","slug":"bijusajam-gruzijas-premjeram-garibasvili-piespriests-piecu-gadu-cietumsods-2","status":"publish","type":"post","link":"https:\/\/www.europesays.com\/lv\/105024\/","title":{"rendered":"Biju\u0161ajam Gruzijas premjeram Gariba\u0161vili piespriests piecu gadu cietumsods"},"content":{"rendered":"<p>Biju\u0161ajam Gruzijas premjerministram Iraklijam Gariba\u0161vili pirmdien piespriests piecu gadu cietumsods, atz\u012bstot vi\u0146u par vain\u012bgu naudas atmazg\u0101\u0161an\u0101, pazi\u0146ojusi prokurat\u016bra.<\/p>\n<p>Gruzija atrodas politiskaj\u0101 kr\u012bz\u0113 kop\u0161 parlamenta v\u0113l\u0113\u0161an\u0101m 2023. gada oktobr\u012b. Opoz\u012bcija aps\u016bdz valdo\u0161o partiju &#8220;Gruzijas sapnis&#8221; v\u0113l\u0113\u0161anu rezult\u0101tu vilto\u0161an\u0101 un boikot\u0113 pa\u0161reiz\u0113jo parlamenta sasaukumu.<\/p>\n<p>Gariba\u0161vili, kas premjera amatu ie\u0146\u0113ma no 2013. l\u012bdz 2015. gadam un no 2021. l\u012bdz 2024. gadam, p\u0101rst\u0101vot &#8220;Gruzijas sapni&#8221;, savulaik sp\u0113l\u0113ja vienu no vado\u0161aj\u0101m lom\u0101m pilsonisk\u0101s sabiedr\u012bbas un valdo\u0161\u0101s partijas oponentu apspie\u0161an\u0101.<\/p>\n<p>43 gadus vecais Gariba\u0161vili tika uzskat\u012bts par tuvu oligarha un &#8220;Gruzijas sap\u0146a&#8221; dibin\u0101t\u0101ja Bidzinas Ivani\u0161vili l\u012bdzgaitnieku, un eksperti vi\u0146a ties\u0101\u0161anu saista ar saasin\u0101ju\u0161os konfliktu &#8220;Gruzijas sap\u0146a&#8221; iek\u0161ien\u0113.<\/p>\n<p>Pag\u0101ju\u0161\u0101 gada oktobr\u012b, veicot krat\u012b\u0161anu vi\u0146a dz\u012bvokl\u012b, prokurat\u016bra atrada 6,5 miljonus dol\u0101ru skaidr\u0101 naud\u0101. Krat\u012b\u0161anas tika veiktas ar\u012b vair\u0101ku citu biju\u0161o amatpersonu dz\u012bvesviet\u0101s.<\/p>\n<p>P\u0113c aiztur\u0113\u0161anas Gariba\u0161vili atzina, ka gadiem ilgi sa\u0146\u0113mis nelikum\u012bgus ien\u0101kumus, un nosl\u0113dza dar\u012bjumu ar prokurat\u016bru par sadarb\u012bbu, lai sa\u012bsin\u0101tu vi\u0146am draudo\u0161o cietumsodu.<\/p>\n<p>\n                            Valodas k\u013c\u016bda rakst\u0101?<br \/>Iez\u012bm\u0113jiet tekstu un spiediet Zi\u0146ot par k\u013c\u016bdu pogas   , lai nos\u016bt\u012btu labojamo teksta fragmentu redaktoram!<\/p>\n<p>                                Zi\u0146ot par k\u013c\u016bdu<\/p>\n","protected":false},"excerpt":{"rendered":"Biju\u0161ajam Gruzijas premjerministram Iraklijam Gariba\u0161vili pirmdien piespriests piecu gadu cietumsods, atz\u012bstot vi\u0146u par vain\u012bgu naudas atmazg\u0101\u0161an\u0101, pazi\u0146ojusi prokurat\u016bra.&hellip;\n","protected":false},"author":2,"featured_media":105025,"comment_status":"","ping_status":"","sticky":false,"template":"","format":"standard","meta":{"footnotes":""},"categories":[14],"tags":[23,57,28,29,32,33,22,30,31,35,39,38,36,37,34,40,20,26,27,24,25,54,55,56,21,58],"class_list":{"0":"post-105024","1":"post","2":"type-post","3":"status-publish","4":"format-standard","5":"has-post-thumbnail","7":"category-zinas-no-arvalstim","8":"tag-aktualitates","9":"tag-arvalstim","10":"tag-breaking-news","11":"tag-breakingnews","12":"tag-featured-news","13":"tag-featurednews","14":"tag-headlines","15":"tag-latest-news","16":"tag-latestnews","17":"tag-latvia","18":"tag-latvian","19":"tag-latviesu","20":"tag-latviesu-valoda","21":"tag-latviesuvaloda","22":"tag-latvija","23":"tag-lv","24":"tag-news","25":"tag-popularakas-zinas","26":"tag-popularakaszinas","27":"tag-top-stories","28":"tag-topstories","29":"tag-world","30":"tag-world-news","31":"tag-worldnews","32":"tag-zinas","33":"tag-zinas-no-arvalstim"},"share_on_mastodon":{"url":"https:\/\/pubeurope.com\/@lv\/115897467054998079","error":""},"_links":{"self":[{"href":"https:\/\/www.europesays.com\/lv\/wp-json\/wp\/v2\/posts\/105024","targetHints":{"allow":["GET"]}}],"collection":[{"href":"https:\/\/www.europesays.com\/lv\/wp-json\/wp\/v2\/posts"}],"about":[{"href":"https:\/\/www.europesays.com\/lv\/wp-json\/wp\/v2\/types\/post"}],"author":[{"embeddable":true,"href":"https:\/\/www.europesays.com\/lv\/wp-json\/wp\/v2\/users\/2"}],"replies":[{"embeddable":true,"href":"https:\/\/www.europesays.com\/lv\/wp-json\/wp\/v2\/comments?post=105024"}],"version-history":[{"count":0,"href":"https:\/\/www.europesays.com\/lv\/wp-json\/wp\/v2\/posts\/105024\/revisions"}],"wp:featuredmedia":[{"embeddable":true,"href":"https:\/\/www.europesays.com\/lv\/wp-json\/wp\/v2\/media\/105025"}],"wp:attachment":[{"href":"https:\/\/www.europesays.com\/lv\/wp-json\/wp\/v2\/media?parent=105024"}],"wp:term":[{"taxonomy":"category","embeddable":true,"href":"https:\/\/www.europesays.com\/lv\/wp-json\/wp\/v2\/categories?post=105024"},{"taxonomy":"post_tag","embeddable":true,"href":"https:\/\/www.europesays.com\/lv\/wp-json\/wp\/v2\/tags?post=105024"}],"curies":[{"name":"wp","href":"https:\/\/api.w.org\/{rel}","templated":true}]}}