{"id":105028,"date":"2026-01-15T05:31:13","date_gmt":"2026-01-15T05:31:13","guid":{"rendered":"https:\/\/www.europesays.com\/lv\/105028\/"},"modified":"2026-01-15T05:31:13","modified_gmt":"2026-01-15T05:31:13","slug":"inaru-andri-un-jani-santa","status":"publish","type":"post","link":"https:\/\/www.europesays.com\/lv\/105028\/","title":{"rendered":"In\u0101ru, Andri un J\u0101ni \u2014 Santa"},"content":{"rendered":"<p>\t\t\t\tNo citiem prasu to pa\u0161u, ko no sevis!<\/p>\n<p>\u00a0<\/p>\n<p>Lai gan pensij\u0101, r\u012bdziniece In\u0101ra Valtere turpina str\u0101d\u0101t\u00a0\u2013 audzina, pieskata, uzmana, izgl\u012bto piecus se\u0161us gadus vecus b\u0113rnus. Vaic\u0101ta, k\u0101das ir saj\u016btas par nu jau aizvad\u012bto \u0161ovu, In\u0101ra saka: \u00abEsmu gandar\u012bta, ka devu sev v\u0113l vienu iesp\u0113ju gan par\u0101d\u012bt sevi, gan iepaz\u012bt citus. Visp\u0101r esmu \u013coti apmierin\u0101ta, ka piedal\u012bjos. Protams, izveidot attiec\u012bbas man neizdev\u0101s, un nek\u0101da liel\u0101 draudz\u012bba ar\u012b neizveidoj\u0101s. Bet man \u013coti patika \u0161ovs un balle\u00a0\u2013 m\u0113s visi bij\u0101m tik skaisti un t\u0101 izdejoj\u0101mies! Ilgi \u0161o atcer\u0113\u0161os! Ar \u0161ova meiten\u0113m izveidoj\u0101m \u010dati\u0146u, kur apsprie\u017eam da\u017e\u0101dus jaut\u0101jumus. Man grib\u0113tos ar visiem tikties p\u0113c k\u0101da pusgada, izrun\u0101ties, k\u0101 g\u0101jis, kas main\u012bjies,\u00a0\u2013 t\u0101du jauku kop\u0101 pas\u0113d\u0113\u0161anu.\u00bb<\/p>\n<p>\u00a0<\/p>\n<p>        <a href=\"https:\/\/www.europesays.com\/lv\/wp-content\/uploads\/2026\/01\/f2be0c14ce3e.jpg\"><img decoding=\"async\" alt=\"\" class=\"no-convert\" src=\"https:\/\/www.europesays.com\/lv\/wp-content\/uploads\/2026\/01\/f2be0c14ce3e.jpg\"\/><\/a><\/p>\n<p> Foto: No izdevniec\u012bbas \u00ab\u017durn\u0101ls Santa\u00bb arh\u012bva<\/p>\n<p>\u00a0<\/p>\n<p>Kam\u0113r jauna, tikm\u0113r varu<\/p>\n<p>\u00abEsmu tie\u0161a un ar\u012b pras\u012bga\u00a0\u2013 no citiem prasu to pa\u0161u, ko varu pied\u0101v\u0101t no sevis. Man pat\u012bk visur iesaist\u012bties, pat\u012bk action. Str\u0101d\u0101jot ar b\u0113rniem, j\u0101b\u016bt atbild\u012bgai, gudrai un vienlaikus ar\u012b mazliet crazy. Ar b\u0113rniem s\u0101ku str\u0101d\u0101t, aizejot pensij\u0101, bet visu m\u016b\u017eu esmu pavad\u012bjusi \u0161\u016b\u0161anas nozar\u0113. Tad man apnika\u00a0\u2013 nu, cik var pa to modes l\u012bniju! Man pat\u012bk modes lietas, pat\u012bk iepirkties, bet nomain\u012bju profesiju un mier\u012bg\u0101ku dz\u012bvesveidu.<\/p>\n<blockquote><p>&#13;<\/p>\n<p>Aizg\u0101ju str\u0101d\u0101t ar jauno paaudzi un varu dro\u0161i teikt, ka t\u0101 ir \u013coti for\u0161a! No vi\u0146iem ir j\u0101m\u0101c\u0101s! <\/p>\n<p>&#13;\n<\/p><\/blockquote>\n<p>Ar\u012b no saviem mazb\u0113rniem m\u0101cos\u00a0\u2013 vi\u0146i ir tik erud\u012bti, tik zino\u0161i, prot tr\u012bs valodas\u00a0\u2013 latvie\u0161u, ang\u013cu, zviedru. Ar mazb\u0113rniem apg\u016bstu daudz jauna un pati ar\u012b uzreiz k\u013c\u016bstu jaun\u0101ka.<\/p>\n<p>Man ir sportisks dz\u012bvesveids\u00a0\u2013 uz sporta klubu neeju, bet katru dienu staig\u0101ju un noeju 10\u201312\u00a0kilometrus. Daudz lasu\u00a0\u2013 \u017eurn\u0101lus un gr\u0101matas, skatos televizoru un filmas. Vakar\u0101 gult\u0101 ielienu nogurusi, bet tas ir tik pat\u012bkams nogurums, ka n\u0101kamaj\u0101 dien\u0101 atkal gribas to atk\u0101rtot. Kam\u0113r jauns\u00a0\u2013 un sevi v\u0113l uzskatu par jaunu\u00a0\u2013, tikm\u0113r visu ko var dar\u012bt. Galvenais, ka ir vesel\u012bba, un, paldies Dievam, man t\u0101 ir.\u00bb<\/p>\n<p>\u00a0<\/p>\n<p>Varb\u016bt k\u0101ds ir gatavs uzrun\u0101t?<\/p>\n<p>\u00ab\u0160ov\u0101 izveidot attiec\u012bbas neizdev\u0101s, t\u0101p\u0113c esmu t\u0101m atv\u0113rta. Varb\u016bt k\u0101ds mani \u0161ov\u0101 ieraudz\u012bja? Varb\u016bt ir gatavs uzrun\u0101t? Kungam, kas piesaist\u012btu manas simp\u0101tijas, vajadz\u0113tu b\u016bt erud\u012btam, gudr\u0101kam par mani, ar st\u0101ju, elegantam, izveic\u012bgam, sportiskam. Esmu t\u0101du cilv\u0113ku dz\u012bv\u0113 satikusi, un t\u0101di piesaista manu uzman\u012bbu. Gribas l\u012bdzv\u0113rt\u012bgu un v\u0113l lab\u0101ku partneri. Lai es m\u0101c\u012btos no vi\u0146a, nevis vi\u0146\u0161 no manis\u00a0\u2013 sieviete jau nav nek\u0101da st\u016bm\u0113ja, lai gan var visu ko. Man svar\u012bgi, lai attiec\u012bb\u0101s esmu aizsarg\u0101ta un saprasta. Lai varu b\u016bt es pati un m\u0101c\u012bties no l\u012bdzcilv\u0113ka. Bet ziniet\u00a0\u2013 jo vi\u0146i k\u013c\u016bst vec\u0101ki, jo maz\u0101k grib.<\/p>\n<blockquote><p>&#13;<\/p>\n<p>Nezinu, varb\u016bt man vajag k\u0101dus piecus gadus jaun\u0101ku? <\/p>\n<p>&#13;\n<\/p><\/blockquote>\n<p>J\u0101, un man izdosies k\u0101du satikt, esmu par to p\u0101rliecin\u0101ta!\u00bb<\/p>\n<p>\u00a0<\/p>\n<p>M\u012blu sevi un mazmeiti\u0146u!<\/p>\n<p>Ar Andri V\u012bti\u0146u (77) sarun\u0101jam sazvan\u012bties pusdienlaik\u0101, jo vi\u0146\u0161, k\u0101 jau m\u0101kslinieks, nav r\u012bta cilv\u0113ks. <\/p>\n<p>\u00abKur\u0161 te\u0101tra darbinieks bijis r\u012bta cilv\u0113ks! Es t\u0101du nevienu nepaz\u012bstu. Bet, run\u0101jot par \u0161ovu, man mazliet j\u0101atvainojas re\u017eisoriem, jo man \u0161\u0137iet, ka esmu sag\u0101d\u0101jis lielu vil\u0161anos, bet aiz t\u012bras nezi\u0146as. Jo man nebija ne maz\u0101k\u0101 priek\u0161stata, kas ir \u0161ovs un kas tur notiks. G\u0101ju ar domu, ka t\u0101 ir rota\u013ca, bet jau p\u0113c pirmaj\u0101m tik\u0161an\u0101s reiz\u0113m sapratu, ka nek\u0101das rota\u013cas \u0161eit nav\u00a0\u2013 kundz\u012btes tevi v\u0113rt\u0113 ne pa knapu. Viss ir pa \u012bstam! Gal\u012bgi apjuku, k\u0101 nu b\u016bs! Redzot, cik tie cilv\u0113ki nosl\u0113guma ball\u0113 bija priec\u012bgi, dom\u0101ju, ka tas \u0161ovam bija vajadz\u012bgs. Ja visi ir apmierin\u0101ti, ko tad es pret straumi ie\u0161u (smejas).\u00a0 Kundz\u012btes \u0161ai lietai pieg\u0101ja \u013coti nopietni, bet es sev draudzeni nemekl\u0113ju. Piekritu piedal\u012bties, jo dom\u0101ju, ka b\u016bs jautrs \u0161ovs, bet man nebija p\u0101r\u0101k jautri, biju saspringts k\u0101 pedere, jo drud\u017eaini dom\u0101ju, k\u0101 man tagad run\u0101t, k\u0101 uzvesties (smejas).<\/p>\n<blockquote><p>&#13;<\/p>\n<p>God\u012bgi sakot, neviena d\u0101ma man sird\u012b ar\u012b neiekrita, un es tam nebiju ne gatavs, ne to grib\u0113ju.<\/p>\n<p>&#13;\n<\/p><\/blockquote>\n<p>Ar\u012b jaunu pazi\u0146u man nevajag, jo man to netr\u016bkst. Negrib\u0113ju aizvainot ar\u012b d\u0101mas, kas n\u0101ca uz \u0161ovu ar domu: \u00abJa nu kas?\u00bb Bet pie manis ja nu kas neb\u016bs. T\u0101p\u0113c j\u016btos vain\u012bgs, ka \u0161ov\u0101 biju k\u0101 nagla paka\u013c\u0101.\u00bb<\/p>\n<p>\u00a0<\/p>\n<p>        <a href=\"https:\/\/www.europesays.com\/lv\/wp-content\/uploads\/2026\/01\/dfe09bd099ba.jpg\"><img decoding=\"async\" alt=\"Andris ar mazmeiti\u0146u.\" class=\"no-convert\" src=\"https:\/\/www.europesays.com\/lv\/wp-content\/uploads\/2026\/01\/dfe09bd099ba.jpg\"\/><\/a><\/p>\n<p> Foto: No izdevniec\u012bbas \u00ab\u017durn\u0101ls Santa\u00bb arh\u012bva<\/p>\n<p>Andris ar mazmeiti\u0146u.<\/p>\n<p>\u00a0<\/p>\n<p>Zelta dz\u012bve!<\/p>\n<p>\u00abSav\u0101 m\u016b\u017e\u0101 16\u00a0gadus dejoju baletu oper\u0101, \u0161obr\u012bd ar\u012b piedalos da\u017e\u0101s izr\u0101d\u0113s, bet tie\u0161\u0101m tikai pension\u0101ra l\u012bmen\u012b\u00a0\u2013 man ir epizodiskas, statista lomi\u0146as. T\u016bl\u012bt 15.\u00a0janv\u0101r\u012b Turandot\u0101 man cirt\u012bs galvu, izr\u0101d\u0113 Salome b\u016b\u0161u vecais \u017e\u012bds, bet Tosk\u0101 viens no cietumniekiem\u00a0\u2013 tur daudzi izbiju\u0161ie baletdejot\u0101ji piedal\u0101mies un staig\u0101jam.<\/p>\n<p>Ilgus gadus str\u0101d\u0101ju par fotogr\u0101fu, jo tas bija vien\u012bgais, ko bez baleta biju iem\u0101c\u012bjies. S\u0101kum\u0101 str\u0101d\u0101ju bag\u0101tnieku kolhoz\u0101 9.\u00a0maijs, tad aizg\u0101ju uz fotoklubu R\u012bga, man ir biju\u0161as divas person\u0101lizst\u0101des. T\u0101 bija zelta dz\u012bve! Pabild\u0113ju vecos zvejniekus, patais\u012bju m\u0101kslu. Kolhozu likvid\u0113ja, tad bija barik\u0101\u017eu laiks, ar\u012b tad bild\u0113ju.<\/p>\n<blockquote><p>&#13;<\/p>\n<p>Mazliet omonu pafotograf\u0113ju, un tas var\u0113ja slikti beigties, ja vien vi\u0146i mani paman\u012btu. <\/p>\n<p>&#13;\n<\/p><\/blockquote>\n<p>V\u0113l\u0101k par fotogr\u0101fu str\u0101d\u0101ju Nacion\u0101laj\u0101 te\u0101tr\u012b. Visu laiku esmu maigi p\u0101rg\u0101jis no viena darba uz otru. \u0160aj\u0101 zi\u0146\u0101 Dievi\u0146\u0161 mani ir fantastiski lutin\u0101jis\u00a0\u2013 kad \u0161\u0137iet, nu ir viss, n\u0101kamaj\u0101 br\u012bd\u012b man ko pied\u0101v\u0101. Kad beidz\u0101s darbs te\u0101tr\u012b, man jau zvan\u012bja no operas. Vajadz\u0113ja ar\u012b k\u0101du pamatdarbu, un tad Te\u0101tra fakult\u0101t\u0113 k\u0101du laiku biju de\u017eurants. Bet t\u0101 ir Te\u0101tra fakult\u0101te, un tur satiku tik daudzus lieliskus cilv\u0113kus\u00a0\u2013 M\u0101ru \u0136imeli, Annu Ei\u017everti\u0146u, P\u0113teri Krilovu, topo\u0161os aktierus. Tagad gan jau esmu pensij\u0101.\u00bb<\/p>\n<p>\u00a0<\/p>\n<p>Paskaties spogul\u012b, Andr\u012bt!<\/p>\n<p>\u00abMan nav garlaic\u012bgi nevienu mirkli\u00a0\u2013 pa kuru laiku! Man ir mazmeiti\u0146a, man ir te\u0101tris. Otrk\u0101rt, izr\u0101d\u0101s, ka m\u0101jas t\u012br\u012b\u0161ana ar\u012b aiz\u0146em laiku. Man ir j\u0101dom\u0101, ko \u0161odien dar\u012b\u0161u un ko nepasp\u0113\u0161u izdar\u012bt! T\u0101 ka par garlaic\u012bbu nes\u016bdzos! Mazmeiti\u0146ai ir tr\u012bs gadi, es ciemojos pie vi\u0146iem, vi\u0146a brauc pie manis un nosaka, ko m\u0113s dar\u012bsim. Opis var ko ieteikt, bet ir divi viedok\u013ci: vi\u0146as un nepareizais (smejas). K\u0101dreiz dom\u0101ju, ko t\u0101s om\u012btes un op\u012b\u0161i u\u0137in\u0101s ar mazb\u0113rniem. Tagad smejos: \u00abPaskaties spogul\u012b, Andr\u012bt!\u00bb Bet es sapratu ar\u012b, k\u0101p\u0113c t\u0101: m\u0113s izp\u0113rkam savus gr\u0113kus pret b\u0113rniem. Jo meitai un d\u0113lam manis tika pavisam maz, t\u0101 ka tagad t\u0101 ir gr\u0113ku izpirk\u0161ana. Bet skaista. Man m\u0101j\u0101s visa siena ir ar mazmeiti\u0146as bild\u0113m. Es k\u016bstu, un tas notika pats no sevis\u00a0\u2013 t\u0101 ir nevald\u0101ma stihija, p\u0101r kuru man nav varas.<\/p>\n<p>Kop\u0161 esmu pensij\u0101, esmu ar\u012b apzin\u0101jies, ka j\u0101m\u012bl sevi pa\u0161u! Tikai nesen sapratu\u00a0\u2013 vienm\u0113r akcent\u0113jam savu tuv\u0101ko, bet teikuma beig\u0101s ta\u010du ir teikts: k\u0101 sevi pa\u0161u. Latvie\u0161iem rakstur\u012bgi \u0161o da\u013cu aizmirst. Ja lutini sevi, lutin\u0101si ar\u012b otru. Kad s\u0101ku sevi m\u012bl\u0113t, tad ar\u012b k\u013cuva stipri optimistisk\u0101ks skats uz dz\u012bvi, neraugoties uz neb\u016b\u0161an\u0101m\u00a0\u2013 tad kovids, tad man bija divas g\u016b\u017eas oper\u0101cijas, devi\u0146us m\u0113ne\u0161us biju uz kru\u0137iem, kad pie maz\u0101k\u0101s kust\u012bbas jau s\u0101p\u0113ja. To nevienam nenov\u0113lu. Gu\u013cot gult\u0101 sapratu\u00a0\u2013 lai s\u0101p\u0113tu maz\u0101k, j\u0101sp\u0113j smieties par jebko\u00a0\u2013 kaut atcer\u0113ties vecu, stulbu anekdoti. S\u0101pes nep\u0101riet, bet s\u0101p maz\u0101k.<\/p>\n<p>Man biju\u0161as divas laul\u012bbas, un \u0161is pl\u0101ns man ir izpild\u012bts. P\u0101r\u0101k ilgi esmu viens un vairs pat nest\u0101dos priek\u0161\u0101 kopdz\u012bvi. N\u0113, n\u0113, tas nav man! Jaunaj\u0101 gad\u0101 sev nov\u0113lu vesel\u012bbu! Tad smieties ir daudz viegl\u0101k. Un v\u0113l veiksmi, kaut gan vesel\u012bba jau ir veiksme (smejas).\u00bb<\/p>\n<p>\u00a0<\/p>\n<p>Gribu satikt akt\u012bvu sievieti!<\/p>\n<p>J\u0101ni Derumu (85) sazvanu br\u012bd\u012b, kad vi\u0146\u0161 iet pa ielu, ta\u010du J\u0101nis ir gatavs nelielai sarunai. <\/p>\n<p>\u00abIepriek\u0161 biju pieteicies cit\u0101 \u0161ov\u0101, bet tur nekas nesan\u0101ca, un tad man piezvan\u012bja un pied\u0101v\u0101ja piedal\u012bties \u0161aj\u0101 \u0161ov\u0101. \u012apa\u0161i ieinteres\u0113ts nebiju, tom\u0113r aizg\u0101ju. Uz randi\u0146iem gan man nebija lemts aiziet. Neesmu nek\u0101ds jaunais, lai gan daudzi saka, ka izskatos jaun\u0101ks par saviem gadiem. Tas ir labi, bet no otras puses, tikl\u012bdz d\u0101mas uzzina vecumu, t\u0101 k\u013c\u016bst attur\u012bgas. Kad iepaz\u012bstos, uzreiz jau nereklam\u0113ju, cik man gadu. Man bija vienas labas romantiskas attiec\u012bbas, bet vi\u0146a reiz atzina, ja es uzreiz pa telefonu b\u016btu pateicis, cik man ir gadu, vi\u0146a neb\u016btu ar mani satikusies. Ar\u012b no \u0161\u012b \u0161ova man nek\u0101da liel\u0101 ieguvuma nebija.\u00bb<\/p>\n<p>\u00a0<\/p>\n<p>        <a href=\"https:\/\/www.europesays.com\/lv\/wp-content\/uploads\/2026\/01\/4c70c9fcc7c7.jpg\"><img decoding=\"async\" alt=\"J\u0101nis Derums \u0161ova nosl\u0113guma ball\u0113.\" class=\"no-convert\" src=\"https:\/\/www.europesays.com\/lv\/wp-content\/uploads\/2026\/01\/4c70c9fcc7c7.jpg\"\/><\/a><\/p>\n<p> Foto: No izdevniec\u012bbas \u00ab\u017durn\u0101ls Santa\u00bb arh\u012bva<\/p>\n<p>J\u0101nis Derums \u0161ova nosl\u0113guma ball\u0113.<\/p>\n<p>\u00a0<\/p>\n<p>Deja daudz ko pasaka<\/p>\n<p>\u00ab\u0160obr\u012bd dz\u012bvoju viens, joproj\u0101m str\u0101d\u0101ju Salaspils kodolreaktor\u0101. Lai gan izklaus\u0101s nosl\u0113pumaini, nekas briesm\u012bgi slepens tas nav\u00a0\u2013 es m\u0113ru radi\u0101ciju gais\u0101, augsn\u0113, \u016bde\u0146os.<\/p>\n<blockquote><p>&#13;<\/p>\n<p>Radi\u0101cijas l\u012bmenis Salaspil\u012b ir piln\u012bgi norm\u0101ls, R\u012bg\u0101 ir liel\u0101ka radi\u0101cijas koncentr\u0101cija, ta\u010du cilv\u0113kiem t\u0101 nav kait\u012bga.<\/p>\n<p>&#13;\n<\/p><\/blockquote>\n<p>Grib\u0113tu iepaz\u012bties ar k\u0101du sievieti, esmu atv\u0113rts attiec\u012bb\u0101m. Kop\u0161 attiec\u012bbas ar jaun\u0101k\u0101 d\u0113la m\u0101ti ir pajuku\u0161as\u00a0\u2013 vi\u0146a pirms gadiem aizbrauca uz Angliju\u00a0\u2013, grib\u0113tu satikt k\u0101du draudzeni. K\u0101dai vi\u0146ai j\u0101b\u016bt? K\u0101 lai saka\u2026 Esmu diezgan kalsns, nek\u0101ds di\u017eais latvju ozols neesmu, t\u0101p\u0113c grib\u0113tu slaidu, augum\u0101 man piem\u0113rotu. Grib\u0113tu, lai vi\u0146a b\u016btu k\u0101 draugs, ar kuru varu parun\u0101ties, lai mums b\u016btu kop\u012bgas intereses. Man pat\u012bk ce\u013cot, joproj\u0101m str\u0101d\u0101ju, man ir ar\u012b pensija, t\u0101p\u0113c katra kapeika nav j\u0101skaita. \u0160obr\u012bd gan pal\u012bdzu jaun\u0101kajam d\u0113lam, kur\u0161 v\u0113l stud\u0113. Kopum\u0101 man ir tr\u012bs d\u0113li un meita, kura ir m\u0101ksliniece un \u0161obr\u012bd dz\u012bvo Kan\u0101d\u0101. Visp\u0101r jau sare\u017e\u0123\u012bta man t\u0101 situ\u0101cija. Bet esmu akt\u012bvs, sl\u0113poju, braucu ar riteni, 1500\u00a0kilometrus nobraucu\u00a0\u2013 man\u0101 vecum\u0101 tas ir daudz. Grib\u0113tu satikt akt\u012bvu sievieti. Parasti iepaz\u012bstos sar\u012bkojumos, dej\u0101s, un deja ar\u012b daudz ko pasaka\u00a0\u2013 ja labi sadejojas, ja sieviete \u013caujas vad\u012bt, ja tas abiem sakr\u012bt, tas par daudz ko liecina.\u00bb<\/p>\n<p>\u00a0<\/p>\n","protected":false},"excerpt":{"rendered":"No citiem prasu to pa\u0161u, ko no sevis! \u00a0 Lai gan pensij\u0101, r\u012bdziniece In\u0101ra Valtere turpina str\u0101d\u0101t\u00a0\u2013 audzina,&hellip;\n","protected":false},"author":2,"featured_media":105029,"comment_status":"","ping_status":"","sticky":false,"template":"","format":"standard","meta":{"footnotes":""},"categories":[19],"tags":[89,90,35,39,38,36,37,34,40],"class_list":{"0":"post-105028","1":"post","2":"type-post","3":"status-publish","4":"format-standard","5":"has-post-thumbnail","7":"category-izklaide","8":"tag-entertainment","9":"tag-izklaide","10":"tag-latvia","11":"tag-latvian","12":"tag-latviesu","13":"tag-latviesu-valoda","14":"tag-latviesuvaloda","15":"tag-latvija","16":"tag-lv"},"share_on_mastodon":{"url":"https:\/\/pubeurope.com\/@lv\/115897478885690974","error":""},"_links":{"self":[{"href":"https:\/\/www.europesays.com\/lv\/wp-json\/wp\/v2\/posts\/105028","targetHints":{"allow":["GET"]}}],"collection":[{"href":"https:\/\/www.europesays.com\/lv\/wp-json\/wp\/v2\/posts"}],"about":[{"href":"https:\/\/www.europesays.com\/lv\/wp-json\/wp\/v2\/types\/post"}],"author":[{"embeddable":true,"href":"https:\/\/www.europesays.com\/lv\/wp-json\/wp\/v2\/users\/2"}],"replies":[{"embeddable":true,"href":"https:\/\/www.europesays.com\/lv\/wp-json\/wp\/v2\/comments?post=105028"}],"version-history":[{"count":0,"href":"https:\/\/www.europesays.com\/lv\/wp-json\/wp\/v2\/posts\/105028\/revisions"}],"wp:featuredmedia":[{"embeddable":true,"href":"https:\/\/www.europesays.com\/lv\/wp-json\/wp\/v2\/media\/105029"}],"wp:attachment":[{"href":"https:\/\/www.europesays.com\/lv\/wp-json\/wp\/v2\/media?parent=105028"}],"wp:term":[{"taxonomy":"category","embeddable":true,"href":"https:\/\/www.europesays.com\/lv\/wp-json\/wp\/v2\/categories?post=105028"},{"taxonomy":"post_tag","embeddable":true,"href":"https:\/\/www.europesays.com\/lv\/wp-json\/wp\/v2\/tags?post=105028"}],"curies":[{"name":"wp","href":"https:\/\/api.w.org\/{rel}","templated":true}]}}