{"id":105030,"date":"2026-01-15T05:34:08","date_gmt":"2026-01-15T05:34:08","guid":{"rendered":"https:\/\/www.europesays.com\/lv\/105030\/"},"modified":"2026-01-15T05:34:08","modified_gmt":"2026-01-15T05:34:08","slug":"foto-neka-jauna-ukrainas-miera-sarunu-konteksta-tramps-procesa-bremzesana-vaino-vienu-cilveku","status":"publish","type":"post","link":"https:\/\/www.europesays.com\/lv\/105030\/","title":{"rendered":"FOTO. Nek\u0101 jauna Ukrainas miera sarunu kontekst\u0101. Tramps procesa bremz\u0113\u0161an\u0101 vaino vienu cilv\u0113ku"},"content":{"rendered":"<p>    <img decoding=\"async\" src=\"https:\/\/www.europesays.com\/lv\/wp-content\/uploads\/2026\/01\/FotoJet588-1024x683.jpg\" alt=\"&#10;\"\/><\/p>\n<p>Foto: Scanpix\/REUTERS; AFP\/LETA\n<\/p>\n<p>ASV prezidents Donalds Tramps tre\u0161dien pazi\u0146ojis, ka miera vieno\u0161an\u0101s nosl\u0113g\u0161anu kav\u0113jot Ukrainas prezidents Volodimirs Zelenskis, nevis Krievijas diktators Vladimirs Putins.<\/p>\n<p>        Las\u012bt\u0101kie<br \/>\n        <a data-imagesrc=\"{&quot;300&quot;:&quot;https:\\\/\\\/lastatic.ams3.cdn.digitaloceanspaces.com\\\/2026\\\/01\\\/FotoJet-5-300x200.jpg&quot;,&quot;1024&quot;:&quot;https:\\\/\\\/lastatic.ams3.cdn.digitaloceanspaces.com\\\/2026\\\/01\\\/FotoJet-5-1024x683.jpg&quot;,&quot;1536&quot;:&quot;https:\\\/\\\/lastatic.ams3.cdn.digitaloceanspaces.com\\\/2026\\\/01\\\/FotoJet-5-1536x1024.jpg&quot;,&quot;500&quot;:&quot;https:\\\/\\\/lastatic.ams3.cdn.digitaloceanspaces.com\\\/2026\\\/01\\\/FotoJet-5-500x333.jpg&quot;,&quot;800&quot;:&quot;https:\\\/\\\/lastatic.ams3.cdn.digitaloceanspaces.com\\\/2026\\\/01\\\/FotoJet-5-800x533.jpg&quot;,&quot;1800&quot;:&quot;https:\\\/\\\/lastatic.ams3.cdn.digitaloceanspaces.com\\\/2026\\\/01\\\/FotoJet-5.jpg&quot;}\" data-focuspoint=\"&quot;&quot;\" data-p=\"2491277\" href=\"https:\/\/www.la.lv\/vecums-nav-spriedums-5-pazimes-kas-liecina-ka-jus-novecojat-loti-veiksmigi\" class=\"content-item lazy-load\" wp_automatic_readability=\"2\" rel=\"nofollow noopener\" target=\"_blank\"><\/p>\n<p>                                <img decoding=\"async\" src=\"\" alt=\"\" style=\"\" data-imageid=\"\"\/><\/p>\n<p>\n                                                Vecums nav spriedums: 5 paz\u012bmes, kas liecina, ka j\u016bs novecojat \u013coti veiksm\u012bgi\n                            <\/p>\n<p><\/a><a data-imagesrc=\"{&quot;300&quot;:&quot;https:\\\/\\\/lastatic.ams3.cdn.digitaloceanspaces.com\\\/2026\\\/01\\\/afp_36n63th-300x200.jpg&quot;,&quot;1024&quot;:&quot;https:\\\/\\\/lastatic.ams3.cdn.digitaloceanspaces.com\\\/2026\\\/01\\\/afp_36n63th-1024x683.jpg&quot;,&quot;1536&quot;:&quot;https:\\\/\\\/lastatic.ams3.cdn.digitaloceanspaces.com\\\/2026\\\/01\\\/afp_36n63th-1536x1024.jpg&quot;,&quot;500&quot;:&quot;https:\\\/\\\/lastatic.ams3.cdn.digitaloceanspaces.com\\\/2026\\\/01\\\/afp_36n63th-500x333.jpg&quot;,&quot;800&quot;:&quot;https:\\\/\\\/lastatic.ams3.cdn.digitaloceanspaces.com\\\/2026\\\/01\\\/afp_36n63th-800x533.jpg&quot;,&quot;2560&quot;:&quot;https:\\\/\\\/lastatic.ams3.cdn.digitaloceanspaces.com\\\/2026\\\/01\\\/afp_36n63th-scaled.jpg&quot;}\" data-focuspoint=\"&quot;&quot;\" data-p=\"2492733\" href=\"https:\/\/www.la.lv\/tas-nav-normali-bet-ta-tas-ir-slaidins-atklaj-pratam-neaptveramas-lietas-kas-notiek-ar-rietumu-sankcijam-pret-krievijas-militaro-rupniecibu\" class=\"content-item lazy-load\" wp_automatic_readability=\"2.5\" rel=\"nofollow noopener\" target=\"_blank\"><\/p>\n<p>                                <img decoding=\"async\" src=\"\" alt=\"\" style=\"\" data-imageid=\"\"\/><\/p>\n<p>                                TV24<\/p>\n<p>                                            \u201cTas nav norm\u0101li, bet t\u0101 tas ir!\u201d Slaidi\u0146\u0161 atkl\u0101j pr\u0101tam neaptveramas lietas, kas notiek ar Rietumu sankcij\u0101m pret Krievijas milit\u0101ro r\u016bpniec\u012bbu\n                            <\/p>\n<p><\/a><a data-imagesrc=\"{&quot;300&quot;:&quot;https:\\\/\\\/lastatic.ams3.cdn.digitaloceanspaces.com\\\/2020\\\/04\\\/Tomsons_Aidis2_KM_1-300x200.jpg&quot;,&quot;768&quot;:&quot;https:\\\/\\\/lastatic.ams3.cdn.digitaloceanspaces.com\\\/2020\\\/04\\\/Tomsons_Aidis2_KM_1-768x512.jpg&quot;,&quot;200&quot;:&quot;https:\\\/\\\/lastatic.ams3.cdn.digitaloceanspaces.com\\\/2020\\\/04\\\/Tomsons_Aidis2_KM_1-200x133.jpg&quot;,&quot;400&quot;:&quot;https:\\\/\\\/lastatic.ams3.cdn.digitaloceanspaces.com\\\/2020\\\/04\\\/Tomsons_Aidis2_KM_1-400x267.jpg&quot;,&quot;500&quot;:&quot;https:\\\/\\\/lastatic.ams3.cdn.digitaloceanspaces.com\\\/2020\\\/04\\\/Tomsons_Aidis2_KM_1-500x334.jpg&quot;,&quot;800&quot;:&quot;https:\\\/\\\/lastatic.ams3.cdn.digitaloceanspaces.com\\\/2020\\\/04\\\/Tomsons_Aidis2_KM_1-800x534.jpg&quot;,&quot;1000&quot;:&quot;https:\\\/\\\/lastatic.ams3.cdn.digitaloceanspaces.com\\\/2020\\\/04\\\/Tomsons_Aidis2_KM_1.jpg&quot;}\" data-focuspoint=\"&quot;&quot;\" data-p=\"2494469\" href=\"https:\/\/www.la.lv\/aidis-tomsons-piedzivo-patiesi-sirsnigu-bridi-tiesraides-laika-piezvanijusi-vina-bijusi-skolotaja-lai-pavestitu-kadu-svarigu-zinu\" class=\"content-item lazy-load\" wp_automatic_readability=\"2\" rel=\"nofollow noopener\" target=\"_blank\"><\/p>\n<p>                                <img decoding=\"async\" src=\"\" alt=\"\" style=\"\" data-imageid=\"\"\/><\/p>\n<p>                                Kokteilis<\/p>\n<p>\n                                                Aidis Tomsons piedz\u012bvo patiesi sirsn\u012bgu br\u012bdi \u2013 tie\u0161raides laik\u0101 piezvan\u012bjusi vi\u0146a bijus\u012b skolot\u0101ja, lai pav\u0113st\u012btu k\u0101du svar\u012bgu zi\u0146u<br \/>\n                                    1\n                            <\/p>\n<p><\/a><br \/>\n        <a class=\"read-more\" href=\"https:\/\/www.la.lv\/top\" rel=\"nofollow noopener\" target=\"_blank\">Las\u012bt citas zi\u0146as<\/a><\/p>\n<p>\u201cDom\u0101ju, ka vi\u0146\u0161 (Putins) ir gatavs sl\u0113gt dar\u012bjumu. Dom\u0101ju, ka Ukraina ir maz\u0101k gatava sl\u0113gt dar\u012bjumu,\u201d ekskluz\u012bv\u0101 intervij\u0101 a\u0123ent\u016brai \u201cReuters\u201d Balt\u0101 nama Ov\u0101laj\u0101 kabinet\u0101 izteic\u0101s Tramps.<\/p>\n<p>Vi\u0146\u0161 apgalvoja, ka Krievijas diktators esot gatavs izbeigt iebrukumu Ukrain\u0101, kam\u0113r Zelenskis esot attur\u012bg\u0101ks.<\/p>\n<p>    CITI \u0160OBR\u012aD LASA<\/p>\n<p>Uz jaut\u0101jumu, k\u0101p\u0113c ASV vest\u0101s sarunas l\u012bdz \u0161im nav novedu\u0161as pie kara izbeig\u0161anas, Tramps atbild\u0113ja ar vienu v\u0101rdu: \u201cZelenskis.\u201d<\/p>\n<p>Taj\u0101 pa\u0161\u0101 laik\u0101 Balt\u0101 nama saimnieks pie\u013c\u0101va, ka var\u0113tu tikties ar Ukrainas prezidentu Pasaules Ekonomisk\u0101 foruma laik\u0101 Dasvos\u0101, kas notiks no 19. l\u012bdz 23. janv\u0101rim.<\/p>\n<p>Tikm\u0113r Trampa \u012bpa\u0161ais v\u0113stnieks St\u012bvs Vitkofs un padomnieks D\u017eareds Ku\u0161ners pl\u0101no tuv\u0101kaj\u0101 laik\u0101 doties uz Maskavu, lai tiktos ar Krievijas diktatoru.<\/p>\n<p>T\u0113mas<\/p>\n<p>    SAIST\u012aTIE RAKSTI<\/p>\n","protected":false},"excerpt":{"rendered":"Foto: Scanpix\/REUTERS; AFP\/LETA ASV prezidents Donalds Tramps tre\u0161dien pazi\u0146ojis, ka miera vieno\u0161an\u0101s nosl\u0113g\u0161anu kav\u0113jot Ukrainas prezidents Volodimirs Zelenskis,&hellip;\n","protected":false},"author":2,"featured_media":81317,"comment_status":"","ping_status":"","sticky":false,"template":"","format":"standard","meta":{"footnotes":""},"categories":[14],"tags":[23,57,28,29,32,33,22,30,31,35,39,38,36,37,34,40,20,26,27,24,25,54,55,56,21,58],"class_list":{"0":"post-105030","1":"post","2":"type-post","3":"status-publish","4":"format-standard","5":"has-post-thumbnail","7":"category-zinas-no-arvalstim","8":"tag-aktualitates","9":"tag-arvalstim","10":"tag-breaking-news","11":"tag-breakingnews","12":"tag-featured-news","13":"tag-featurednews","14":"tag-headlines","15":"tag-latest-news","16":"tag-latestnews","17":"tag-latvia","18":"tag-latvian","19":"tag-latviesu","20":"tag-latviesu-valoda","21":"tag-latviesuvaloda","22":"tag-latvija","23":"tag-lv","24":"tag-news","25":"tag-popularakas-zinas","26":"tag-popularakaszinas","27":"tag-top-stories","28":"tag-topstories","29":"tag-world","30":"tag-world-news","31":"tag-worldnews","32":"tag-zinas","33":"tag-zinas-no-arvalstim"},"share_on_mastodon":{"url":"https:\/\/pubeurope.com\/@lv\/115897490627624591","error":""},"_links":{"self":[{"href":"https:\/\/www.europesays.com\/lv\/wp-json\/wp\/v2\/posts\/105030","targetHints":{"allow":["GET"]}}],"collection":[{"href":"https:\/\/www.europesays.com\/lv\/wp-json\/wp\/v2\/posts"}],"about":[{"href":"https:\/\/www.europesays.com\/lv\/wp-json\/wp\/v2\/types\/post"}],"author":[{"embeddable":true,"href":"https:\/\/www.europesays.com\/lv\/wp-json\/wp\/v2\/users\/2"}],"replies":[{"embeddable":true,"href":"https:\/\/www.europesays.com\/lv\/wp-json\/wp\/v2\/comments?post=105030"}],"version-history":[{"count":0,"href":"https:\/\/www.europesays.com\/lv\/wp-json\/wp\/v2\/posts\/105030\/revisions"}],"wp:featuredmedia":[{"embeddable":true,"href":"https:\/\/www.europesays.com\/lv\/wp-json\/wp\/v2\/media\/81317"}],"wp:attachment":[{"href":"https:\/\/www.europesays.com\/lv\/wp-json\/wp\/v2\/media?parent=105030"}],"wp:term":[{"taxonomy":"category","embeddable":true,"href":"https:\/\/www.europesays.com\/lv\/wp-json\/wp\/v2\/categories?post=105030"},{"taxonomy":"post_tag","embeddable":true,"href":"https:\/\/www.europesays.com\/lv\/wp-json\/wp\/v2\/tags?post=105030"}],"curies":[{"name":"wp","href":"https:\/\/api.w.org\/{rel}","templated":true}]}}