{"id":105031,"date":"2026-01-15T05:36:11","date_gmt":"2026-01-15T05:36:11","guid":{"rendered":"https:\/\/www.europesays.com\/lv\/105031\/"},"modified":"2026-01-15T05:36:11","modified_gmt":"2026-01-15T05:36:11","slug":"g7-valstu-lideri-davosas-foruma-meginas-parliecinat-trampu-sniegt-ukrainai-drosibas-garantijas","status":"publish","type":"post","link":"https:\/\/www.europesays.com\/lv\/105031\/","title":{"rendered":"G7 valstu l\u012bderi Davosas forum\u0101 m\u0113\u0123in\u0101s p\u0101rliecin\u0101t Trampu sniegt Ukrainai dro\u0161\u012bbas garantijas"},"content":{"rendered":"<p>Eiropas l\u012bderi pl\u0101no piedal\u012bties Trampa un Ukrainas prezidenta Volodimira Zelenska sarun\u0101s, kas var\u0113tu notikt Davos\u0101. \u0160\u0101da tik\u0161an\u0101s var\u0113tu notikt n\u0101kamaj\u0101 tre\u0161dien\u0101. Forums Davos\u0101 notiks no 19. l\u012bdz 23. janv\u0101rim.<\/p>\n<p>Laikraksts nor\u0101d\u012bja, ka sarun\u0101m var\u0113tu pievienoties It\u0101lijas, V\u0101cijas, Francijas, Kan\u0101das un Lielbrit\u0101nijas l\u012bderi, k\u0101 ar\u012b Eiropas Komisijas prezidente Urzula fon der Leiena.<\/p>\n<p>Tik\u0161an\u0101s laik\u0101 vi\u0146i cent\u012bsies pan\u0101kt, lai Tramps apstiprin\u0101tu deklar\u0101ciju par dro\u0161\u012bbas garantiju snieg\u0161anu Ukrainai, kas tika apstiprin\u0101ta pag\u0101ju\u0161aj\u0101 ned\u0113\u013c\u0101 Par\u012bz\u0113 notiku\u0161aj\u0101 samit\u0101.<\/p>\n<p>Par\u012bzes samit\u0101 Labas gribas koal\u012bcijas dal\u012bbnieki apstiprin\u0101ja pl\u0101nu nos\u016bt\u012bt uz Ukrainu Rietumu miera uztur\u0113\u0161anas sp\u0113kus, ta\u010du tas var notikt tikai p\u0113c karadarb\u012bbas p\u0101rtrauk\u0161anas.<\/p>\n<p>&#8220;Nekas no t\u0101 nenotiks bez <a href=\"https:\/\/www.tvnet.lv\/term\/555410\/asv\" class=\"topicLink\" target=\"_blank\" rel=\"nofollow noopener\">ASV<\/a> l\u012bdzdal\u012bbas,&#8221; laikrakstam sac\u012bja k\u0101da sarun\u0101s iesaist\u012bta Eiropas amatpersona. &#8220;Joproj\u0101m nav skaidrs, ko Tramps \u012bsti dom\u0101.&#8221;<\/p>\n<p>Iepriek\u0161 Zelenskis pazi\u0146oja, ka dokumenti par ASV dro\u0161\u012bbas garantiju snieg\u0161anu Ukrainai ir gatavi parakst\u012b\u0161anai.<\/p>\n<p>Izdevums ar\u012b v\u0113sta, ka samita laik\u0101 Davos\u0101 Kijiva un Va\u0161ingtona pl\u0101no parakst\u012bt 800 miljardu ASV dol\u0101ru v\u0113rtu ekonomisko l\u012bgumu, kas attiecas uz Ukrainas p\u0113ckara atjauno\u0161anu.<\/p>\n","protected":false},"excerpt":{"rendered":"Eiropas l\u012bderi pl\u0101no piedal\u012bties Trampa un Ukrainas prezidenta Volodimira Zelenska sarun\u0101s, kas var\u0113tu notikt Davos\u0101. \u0160\u0101da tik\u0161an\u0101s var\u0113tu&hellip;\n","protected":false},"author":2,"featured_media":105032,"comment_status":"","ping_status":"","sticky":false,"template":"","format":"standard","meta":{"footnotes":""},"categories":[5],"tags":[23,292,28,29,542,427,32,33,22,234,74,30,31,35,39,38,36,37,34,40,20,26,27,24,25,276,21],"class_list":{"0":"post-105031","1":"post","2":"type-post","3":"status-publish","4":"format-standard","5":"has-post-thumbnail","7":"category-aktualitates","8":"tag-aktualitates","9":"tag-asv","10":"tag-breaking-news","11":"tag-breakingnews","12":"tag-donalds-tramps","13":"tag-eiropa","14":"tag-featured-news","15":"tag-featurednews","16":"tag-headlines","17":"tag-krievija","18":"tag-krievijas-iebrukums-ukraina","19":"tag-latest-news","20":"tag-latestnews","21":"tag-latvia","22":"tag-latvian","23":"tag-latviesu","24":"tag-latviesu-valoda","25":"tag-latviesuvaloda","26":"tag-latvija","27":"tag-lv","28":"tag-news","29":"tag-popularakas-zinas","30":"tag-popularakaszinas","31":"tag-top-stories","32":"tag-topstories","33":"tag-ukraina","34":"tag-zinas"},"share_on_mastodon":{"url":"https:\/\/pubeurope.com\/@lv\/115897498566692460","error":""},"_links":{"self":[{"href":"https:\/\/www.europesays.com\/lv\/wp-json\/wp\/v2\/posts\/105031","targetHints":{"allow":["GET"]}}],"collection":[{"href":"https:\/\/www.europesays.com\/lv\/wp-json\/wp\/v2\/posts"}],"about":[{"href":"https:\/\/www.europesays.com\/lv\/wp-json\/wp\/v2\/types\/post"}],"author":[{"embeddable":true,"href":"https:\/\/www.europesays.com\/lv\/wp-json\/wp\/v2\/users\/2"}],"replies":[{"embeddable":true,"href":"https:\/\/www.europesays.com\/lv\/wp-json\/wp\/v2\/comments?post=105031"}],"version-history":[{"count":0,"href":"https:\/\/www.europesays.com\/lv\/wp-json\/wp\/v2\/posts\/105031\/revisions"}],"wp:featuredmedia":[{"embeddable":true,"href":"https:\/\/www.europesays.com\/lv\/wp-json\/wp\/v2\/media\/105032"}],"wp:attachment":[{"href":"https:\/\/www.europesays.com\/lv\/wp-json\/wp\/v2\/media?parent=105031"}],"wp:term":[{"taxonomy":"category","embeddable":true,"href":"https:\/\/www.europesays.com\/lv\/wp-json\/wp\/v2\/categories?post=105031"},{"taxonomy":"post_tag","embeddable":true,"href":"https:\/\/www.europesays.com\/lv\/wp-json\/wp\/v2\/tags?post=105031"}],"curies":[{"name":"wp","href":"https:\/\/api.w.org\/{rel}","templated":true}]}}