{"id":105033,"date":"2026-01-15T05:37:12","date_gmt":"2026-01-15T05:37:12","guid":{"rendered":"https:\/\/www.europesays.com\/lv\/105033\/"},"modified":"2026-01-15T05:37:12","modified_gmt":"2026-01-15T05:37:12","slug":"kulturas-cienitaji-bauda-jaunas-filmas-janvara-gaisma-pirmizradi-santa","status":"publish","type":"post","link":"https:\/\/www.europesays.com\/lv\/105033\/","title":{"rendered":"Kult\u016bras cien\u012bt\u0101ji bauda jaun\u0101s filmas \u00abJanv\u0101ra gaisma\u00bb pirmizr\u0101di \u2014 Santa"},"content":{"rendered":"<p>Pirmizr\u0101des vakar\u0101 skat\u012bt\u0101jiem bija iesp\u0113ja ne tikai noskat\u012bties filmu uz liel\u0101 ekr\u0101na, bet ar\u012b satikt t\u0101s rado\u0161o komandu. Pas\u0101kum\u0101 uzrunu sniedza ar\u012b Lietuvas Republikas v\u0113stniece Audrone Markevi\u010diene Latvij\u0101, uzsverot 13. janv\u0101ri k\u0101 noz\u012bm\u012bgu tiltu ce\u013c\u0101 uz Latvijas un Lietuvas br\u012bv\u012bbu un izce\u013cot filmas Janv\u0101ra gaisma\u00a0 noz\u012bmi Baltijas kult\u016bras telp\u0101.<\/p>\n<p>                    <a data-role=\"gallery.trigger\" href=\"https:\/\/www.santa.lv\/raksts\/personibas\/foto-kulturas-cienitaji-bauda-jaunas-filmas-janvara-gaisma-pirmizradi-80196\/javascript:;\" style=\"background-image:url(&#039;https:\/\/cdn.santa.lv\/media\/2026\/01\/2\/xlarge\/73fc89baace3.jpg&#039;)\" aria-label=\"Atv\u0113rt galeriju\" rel=\"nofollow noopener\" target=\"_blank\"><\/p>\n<p>                                            <a data-role=\"gallery.trigger\" href=\"https:\/\/www.santa.lv\/raksts\/personibas\/foto-kulturas-cienitaji-bauda-jaunas-filmas-janvara-gaisma-pirmizradi-80196\/javascript:;\" style=\"background-image:url(&#039;https:\/\/cdn.santa.lv\/media\/2026\/01\/2\/small\/a7586ee285b5.jpg&#039;)\" aria-label=\"Atv\u0113rt galeriju\" rel=\"nofollow noopener\" target=\"_blank\"><br \/>\n                                                    <\/a><br \/>\n                                                <a data-role=\"gallery.trigger\" href=\"https:\/\/www.santa.lv\/raksts\/personibas\/foto-kulturas-cienitaji-bauda-jaunas-filmas-janvara-gaisma-pirmizradi-80196\/javascript:;\" style=\"background-image:url(&#039;https:\/\/cdn.santa.lv\/media\/2026\/01\/2\/small\/c4104d29e6d8.jpg&#039;)\" aria-label=\"Atv\u0113rt galeriju\" rel=\"nofollow noopener\" target=\"_blank\"><br \/>\n                                                    <\/a><br \/>\n                                                <a data-role=\"gallery.trigger\" href=\"https:\/\/www.santa.lv\/raksts\/personibas\/foto-kulturas-cienitaji-bauda-jaunas-filmas-janvara-gaisma-pirmizradi-80196\/javascript:;\" style=\"background-image:url(&#039;https:\/\/cdn.santa.lv\/media\/2026\/01\/2\/small\/8d795ee2d443.jpg&#039;)\" aria-label=\"Atv\u0113rt galeriju\" rel=\"nofollow noopener\" target=\"_blank\"><br \/>\n                            +28                        <\/a><\/p>\n<p>\u00a0<\/p>\n<p>Filma\u00a0skat\u012bt\u0101ju aizved uz 1991. gadu, kad <a data-id=\"124197\" href=\"https:\/\/www.santa.lv\/tema\/124197\/lietuva?utm_source=internal&amp;utm_medium=article&amp;utm_campaign=theme_link\" target=\"_blank\" rel=\"nofollow noopener\">Lietuva<\/a> v\u0113l tikai nostiprin\u0101ja savas valsts pamatus. Lietuvie\u0161u TV zvaigzne Daiva zaud\u0113 darbu, jo telev\u012bzijas \u0113ku ie\u0146em padomju karav\u012bri. Nesp\u0113jot cit\u0101di padz\u012bt iebruc\u0113jus, vi\u0146a nolemj apmesties treiler\u012b pie okup\u0113t\u0101s \u0113kas un izsludin\u0101t badastreiku. Streikam pievienojas vien da\u017ei cilv\u0113ki, un karav\u012bri tam nepiev\u0113r\u0161 ne maz\u0101ko uzman\u012bbu. Jau p\u0113c diennakts k\u013c\u016bst skaidrs, ka c\u012b\u0146a par telev\u012bzijas atg\u016b\u0161anu ir gandr\u012bz bezcer\u012bga. Badam pie\u0146emoties sp\u0113k\u0101, streikot\u0101ji pamaz\u0101m saprot, ka tas, p\u0113c k\u0101 vi\u0146i paties\u012bb\u0101 ir izsalku\u0161i, ir atkl\u0101t\u012bba un cilv\u0113cisks siltums.<\/p>\n<p>\u00a0<\/p>\n","protected":false},"excerpt":{"rendered":"Pirmizr\u0101des vakar\u0101 skat\u012bt\u0101jiem bija iesp\u0113ja ne tikai noskat\u012bties filmu uz liel\u0101 ekr\u0101na, bet ar\u012b satikt t\u0101s rado\u0161o komandu.&hellip;\n","protected":false},"author":2,"featured_media":105034,"comment_status":"","ping_status":"","sticky":false,"template":"","format":"standard","meta":{"footnotes":""},"categories":[19],"tags":[89,90,35,39,38,36,37,34,40],"class_list":{"0":"post-105033","1":"post","2":"type-post","3":"status-publish","4":"format-standard","5":"has-post-thumbnail","7":"category-izklaide","8":"tag-entertainment","9":"tag-izklaide","10":"tag-latvia","11":"tag-latvian","12":"tag-latviesu","13":"tag-latviesu-valoda","14":"tag-latviesuvaloda","15":"tag-latvija","16":"tag-lv"},"share_on_mastodon":{"url":"https:\/\/pubeurope.com\/@lv\/115897502471887193","error":""},"_links":{"self":[{"href":"https:\/\/www.europesays.com\/lv\/wp-json\/wp\/v2\/posts\/105033","targetHints":{"allow":["GET"]}}],"collection":[{"href":"https:\/\/www.europesays.com\/lv\/wp-json\/wp\/v2\/posts"}],"about":[{"href":"https:\/\/www.europesays.com\/lv\/wp-json\/wp\/v2\/types\/post"}],"author":[{"embeddable":true,"href":"https:\/\/www.europesays.com\/lv\/wp-json\/wp\/v2\/users\/2"}],"replies":[{"embeddable":true,"href":"https:\/\/www.europesays.com\/lv\/wp-json\/wp\/v2\/comments?post=105033"}],"version-history":[{"count":0,"href":"https:\/\/www.europesays.com\/lv\/wp-json\/wp\/v2\/posts\/105033\/revisions"}],"wp:featuredmedia":[{"embeddable":true,"href":"https:\/\/www.europesays.com\/lv\/wp-json\/wp\/v2\/media\/105034"}],"wp:attachment":[{"href":"https:\/\/www.europesays.com\/lv\/wp-json\/wp\/v2\/media?parent=105033"}],"wp:term":[{"taxonomy":"category","embeddable":true,"href":"https:\/\/www.europesays.com\/lv\/wp-json\/wp\/v2\/categories?post=105033"},{"taxonomy":"post_tag","embeddable":true,"href":"https:\/\/www.europesays.com\/lv\/wp-json\/wp\/v2\/tags?post=105033"}],"curies":[{"name":"wp","href":"https:\/\/api.w.org\/{rel}","templated":true}]}}